{"id":9022,"date":"2015-02-05T10:25:48","date_gmt":"2015-02-05T09:25:48","guid":{"rendered":"http:\/\/www.willizblog.de\/?p=9022"},"modified":"2015-07-01T11:52:52","modified_gmt":"2015-07-01T11:52:52","slug":"es-geht-aufwarts","status":"publish","type":"post","link":"https:\/\/willizblog.de\/?p=9022","title":{"rendered":"Es geht aufw\u00e4rts &#8230;?!"},"content":{"rendered":"<p>Nun ja, der SV Werder Bremen hat immer noch die schlechteste Abwehr der <a href=\"http:\/\/www.ergebnisselive.com\/fussball\/deutschland\/bundesliga\/\" target=\"_blank\">Bundesliga<\/a> (40 Gegentreffer nach 19 Spieltagen), aber mit 30 Toren mehr Treffer erzielt als z.B. der Tabellendritte Borussia M\u00f6nchengladbach (nur 27). Zahlenspiele, ist klar, die keinen in Bremen jucken.<\/p>\n<p>In der Winterpause hat sich einiges getan bei Werder. Das Seltsame zuerst: Die Bremer haben eine Art Abo auf Torh\u00fcter. Zwar ist Sebastian Mielitz im letzten Sommer zum FC Freiburg gewechselt; und Richard Strebinger wurde bis zum kommenden Sommer an Jahn Regensburg ausgeliehen. Aber neben Raphael Wolf und Raif Husic (kam im Sommer 2014 zu Werder) hat man mit Michael Zetterer und Koen Casteels (ausgeliehen von Wolfsburg) jetzt vier Torwarte, so viele passen gar nicht in ein Tor hinein.<\/p>\n<p>Den vermeidlich spektakul\u00e4ren Wechsel gab es nicht. Mit dem Uwe-Seeler-Enkel Levin \u00d6ztunali wurde von Bayer Leverkusen bis zum Sommer 2016 ein offensiver Mittelfeldspieler ausgeliehen, der in Bremen Spielpraxis sammeln soll \u2013 und hoffentlich die Mannschaft weiter nach vorn bringt. Erw\u00e4hnenswert, da gerade in den ersten beiden Spielen voll \u00fcberzeugend: der junge D\u00e4ne Jannik Vestergaard (aus Hoffenheim kommend), der als Innenverteidiger mit bisher daf\u00fcr gesorgt hat, das es in diesen ersten beiden Spielen der R\u00fcckrunde nur ein Gegentor gab.<\/p>\n<p>Und schon sind wir beim Spielbetrieb. Gucken wir aber erst einmal in die Runde. Bei den Bayern stottert noch ersichtlich der Motor (f\u00fcnf Gegentore in zwei Spielen sind bereits ein Tor mehr als in der ganzen Hinrunde), Wolfsburg etabliert sich als Bayern-Verfolger, Augsburg mischt weiter vorn mit \u2013 und Borussia Dortmund hat bereits eine <a href=\"http:\/\/www.spiegel.de\/sport\/fussball\/bvb-borussia-dortmund-beantragt-zweitliga-lizenz-a-1012894.html\" target=\"_blank\">Lizenz f\u00fcr die Zweite Liga<\/a> beantragt.<\/p>\n<p><img src=\"https:\/\/www.willizblog.de\/images\/werder1415_st19_team.jpg\" alt=\"Saison 2014\/2015 | Spieltag 19: SV Werder Bremen nach dem 2:1-Sieg in Hoffenheim\" title=\"Saison 2014\/2015 | Spieltag 19: SV Werder Bremen nach dem 2:1-Sieg in Hoffenheim\" \/><\/p>\n<p>W\u00e4hrend dem SC Paderborn 07 so langsam die Luft ausgeht und die Mannschaft \u201anach unten durchgereicht\u2019 wird (wie man so sch\u00f6n sagt), schl\u00e4gt bei Werder das <a href=\"https:\/\/de.wikipedia.org\/wiki\/Viktor_Skripnik\" target=\"_blank\">Skripnik<\/a>\u2019sche Jungbrunnenkonzept langsam, aber sicher durch. In der <a href=\"http:\/\/www.transfermarkt.de\/sv-werder-bremen\/transfers\/verein\/86\/saison_id\/2014\" target=\"_blank\">winterlichen Transferphase<\/a> hat man zwar einiges Geld investiert (siehe oben), aber den Geldbeutel dabei nicht allzu sehr strapaziert. Den jungen Innenverteidiger Vestergaard habe ich ja bereits erw\u00e4hnt. Nach heutigem Stand hat man da einen wirklich Guten nach Bremen geholt, der ein Problem (die l\u00f6chrige Abwehr) minimieren k\u00f6nnte.<\/p>\n<p>Und mit Franco di Santo ist nach l\u00e4ngerer Verletzungspause auch endlich wieder ein Topscorer unterwegs, der sich zudem mit Davie Selke, unserem U19-Europameister, bestens zu verstehen scheint. Selke hat gottlob noch bis 2018 Vertrag, di Santo bis 2016, was man aber in absehbarer Zeit \u00e4ndern sollte. Einziger Wermutstropfen: Der Vertrag von Zlatko Junuzovic, einer der wirklich Guten im Team, geht nur noch bis zum Sommer. Aber vielleicht kann man an dieser Schraube auch noch drehen.<\/p>\n<p>Nat\u00fcrlich sollte und kann man nach diesem gelungenen R\u00fcckrundenstart der Bremer (mit dem Hinrundenende drei Siege in Folge) nicht in Euphorie ausbrechen. Aber das Tabellenende hat man erst einmal hinter sich gelassen und was man da bisher auf dem Spielfeld gesehen hat, l\u00e4sst \u201aaufhorchen\u2019. Da \u00fcberraschen zwar die Meldungen, dass z.B. Mehmet Ekici, der mit Verlust an Trabzonspor weitertransferiert wurde, dort wohl endlich die Leistungen bringt, die man zwar in Bremen von ihm erwartet hatte, die er aber h\u00f6chstens in zwei oder drei Spielen auch tats\u00e4chlich ablieferte. Oder Eljero Elia (ausgeliehen an den FC Southampton) und Nils Petersen (ausgeliehen an den SC Freiburg), die dort mit Toren auf sich aufmerksam machten (Letzerer gleich in seinem ersten Spiel mit einem echten <a href=\"https:\/\/de.wikipedia.org\/wiki\/Hattrick\" target=\"_blank\">Hattrick<\/a>). Ich behaupte: das waren Eintagsfliegen! Auch Ludovic Obraniak hat in der t\u00fcrkischen S\u00fcper Lig bei Caykur Rizespor endlich eine sportliche Heimat gefunden. Den Bremern lag er nur auf dem Portemonnaie.<\/p>\n<p>In Bremen setzt man verst\u00e4rkt auf Jugend. Und das ist auch gut so. Nach der <a href=\"https:\/\/www.willizblog.de\/?p=8857\" target=\"_blank\">sportlichen wie finanziellen Talfahrt<\/a> kann und sollte es nur \u00fcber sportlichen Erfolg wieder aufw\u00e4rts gehen. Viktor Skripnik, der Trainer, scheint wirklich das richtige H\u00e4ndchen f\u00fcr die Spieler zu haben. Jedes Vorr\u00fccken um weitere Pl\u00e4tze in der Tabelle (jetzt ist es Platz 11) sp\u00fclt Geld in die doch eher klamme Kasse. Profifu\u00dfball ist nun einmal ein Geldgesch\u00e4ft.<\/p>\n<p>Noch vor Wochen schaute man in Bremen eher betr\u00fcbt aus der W\u00e4sche. Wie schnell sich das \u00e4ndern kann. Wie sehr der Kopf dabei mitspielt, l\u00e4sst sich an der Borussia aus Dortmund ablesen. Da haben sie einen Trainer, den man vor kurzer Zeit noch \u00fcber den Klee lobte. Da haben sie dort Spieler, die jeder andere Verein auch gern h\u00e4tte (nicht nur den Reus). Und doch krebsen die seit Wochen in den Niederungen der Fu\u00dfball-Bundesliga herum. Noch ist nicht aller Tage Abend. Aber noch scheint die Sonne auch keine 24 Stunden am Tag!<\/p>\n","protected":false},"excerpt":{"rendered":"<p>Nun ja, der SV Werder Bremen hat immer noch die schlechteste Abwehr der Bundesliga (40 Gegentreffer nach 19 Spieltagen), aber mit 30 Toren mehr Treffer erzielt als z.B. der Tabellendritte Borussia M\u00f6nchengladbach (nur 27). Zahlenspiele, ist klar, die keinen in Bremen jucken. In der Winterpause hat sich einiges getan bei Werder. Das Seltsame zuerst: Die &hellip; <a href=\"https:\/\/willizblog.de\/?p=9022\" class=\"more-link\"><span class=\"screen-reader-text\">Es geht aufw\u00e4rts &#8230;?!<\/span> weiterlesen <span class=\"meta-nav\">&rarr;<\/span><\/a><\/p>\n","protected":false},"author":1,"featured_media":0,"comment_status":"open","ping_status":"open","sticky":false,"template":"","format":"standard","meta":[],"categories":[27],"tags":[],"_links":{"self":[{"href":"https:\/\/willizblog.de\/index.php?rest_route=\/wp\/v2\/posts\/9022"}],"collection":[{"href":"https:\/\/willizblog.de\/index.php?rest_route=\/wp\/v2\/posts"}],"about":[{"href":"https:\/\/willizblog.de\/index.php?rest_route=\/wp\/v2\/types\/post"}],"author":[{"embeddable":true,"href":"https:\/\/willizblog.de\/index.php?rest_route=\/wp\/v2\/users\/1"}],"replies":[{"embeddable":true,"href":"https:\/\/willizblog.de\/index.php?rest_route=%2Fwp%2Fv2%2Fcomments&post=9022"}],"version-history":[{"count":0,"href":"https:\/\/willizblog.de\/index.php?rest_route=\/wp\/v2\/posts\/9022\/revisions"}],"wp:attachment":[{"href":"https:\/\/willizblog.de\/index.php?rest_route=%2Fwp%2Fv2%2Fmedia&parent=9022"}],"wp:term":[{"taxonomy":"category","embeddable":true,"href":"https:\/\/willizblog.de\/index.php?rest_route=%2Fwp%2Fv2%2Fcategories&post=9022"},{"taxonomy":"post_tag","embeddable":true,"href":"https:\/\/willizblog.de\/index.php?rest_route=%2Fwp%2Fv2%2Ftags&post=9022"}],"curies":[{"name":"wp","href":"https:\/\/api.w.org\/{rel}","templated":true}]}}