{"id":903,"date":"2007-07-07T05:00:05","date_gmt":"2007-07-07T03:00:05","guid":{"rendered":"http:\/\/www.albinz.de\/blog\/?p=903"},"modified":"2007-07-07T15:00:10","modified_gmt":"2007-07-07T13:00:10","slug":"al-gore-ladt-ein-live-earth","status":"publish","type":"post","link":"https:\/\/willizblog.de\/?p=903","title":{"rendered":"Al Gore l\u00e4dt ein: Live Earth"},"content":{"rendered":"<p>Gleich an 11 Standorten treffen sich die Stars, um am heutigen Tag auf den Klimawandel aufmerksam zu machen. Al Gore, unter Clinton US-Vizepr\u00e4sident, l\u00e4dt zu diesem Konzertmarathon <a href=\"http:\/\/www.liveearth.org\/international\/home_de.html\" target=\"_blank\">\u201eLive Earth\u201c<\/a> in neun St\u00e4dten auf sieben Kontinenten f\u00fcr \u00fcber 24 Stunden ein. Mit Hilfe der Erl\u00f6se dieser Konzerte soll eine Stiftung f\u00fcr Klimaschutz eingerichtet werden.<\/p>\n<p><img src=\"https:\/\/www.albinz.net\/models\/live_earth.jpg\" alt=\"Live Earth 07\/07\/2007\" \/><\/p>\n<p>ab 5 Uhr: <strong>Sydney<\/strong> \u2013 Aussie Stadium<br \/>\nu.a. mit Blue King Brown, Paul Kelly, Toni Collette &#038; The Finish u.a.<\/p>\n<p>ab 8 Uhr: <strong>Tokio<\/strong> \u2013 Makuhari-Messe &#038; <strong>Kyoto<\/strong> \u2013 To-ji-Tempel<br \/>\nu.a. mit Linkin Park u.a. bzw. Yellow Magic Orchestra u.a.<\/p>\n<p>ab 11 Uhr: <strong>Shanghai<\/strong> \u2013 Oriental Peral Towers<br \/>\nu.a. mit Sarah Brightman, 12 Girls Band u.a.<\/p>\n<p>ab 14 Uhr: <strong>Istanbul<\/strong> \u2013 Yedikule<br \/>\nu.a. mit Yusuf, Deep Purple, Paul Young u.a.<\/p>\n<p>ab 14 Uhr: <strong><a href=\"http:\/\/www.liveearthhamburg.de\/\" target=\"_blank\">Hamburg<\/a><\/strong>: HSH Nordbank Arena<br \/>\nu.a. mit Katie Mulua, Shakira, Silbermond u.a.<\/p>\n<p>ab 15 Uhr: <strong>Johannesburg<\/strong> \u2013 Cradle of Humankind<br \/>\nu.a. mit Angelique Kidjo, UB40, Soweto Gospel Choir u.a.<\/p>\n<p>ab 15 Uhr 30: <strong>London<\/strong> \u2013 Wembley Stadium<br \/>\nu.a. mit Black Eyed Peas, Genesis, Madonna, Red Hot Chili Peppers u.a.<\/p>\n<p>ab 21 Uhr: <strong>Rio de Janeiro<\/strong> \u2013 Copacabana<br \/>\nu.a. mit Gilberto Gil, Good Charlotte, Lenny Kravitz, Jennifer Lopez u.a.<\/p>\n<p>ab 21 Uhr: <strong>New York<\/strong> \u2013 Giants-Stadium<br \/>\nu.a. mit  Bon Jovi, Smashing Pumpkins, The Police u.a.<\/p>\n<p>au\u00dferdem gibt es evtl. eine Aufzeichnung aus der <strong>Antarktis<\/strong> &#8211; Rothera-Station<br \/>\nu.a. mit Nunatak<\/p>\n<p>im deutschen TV:<br \/>\nab 5 Uhr auf N24<br \/>\n17 \u2013 20 Uhr 15 und ab 23 Uhr auf Pro7<\/p>\n<p>Live im <a href=\"http:\/\/liveearth.msn.com\/\" target=\"_blank\">Internet<\/a><\/p>\n","protected":false},"excerpt":{"rendered":"<p>Gleich an 11 Standorten treffen sich die Stars, um am heutigen Tag auf den Klimawandel aufmerksam zu machen. Al Gore, unter Clinton US-Vizepr\u00e4sident, l\u00e4dt zu diesem Konzertmarathon \u201eLive Earth\u201c in neun St\u00e4dten auf sieben Kontinenten f\u00fcr \u00fcber 24 Stunden ein. Mit Hilfe der Erl\u00f6se dieser Konzerte soll eine Stiftung f\u00fcr Klimaschutz eingerichtet werden. ab 5 &hellip; <a href=\"https:\/\/willizblog.de\/?p=903\" class=\"more-link\"><span class=\"screen-reader-text\">Al Gore l\u00e4dt ein: Live Earth<\/span> weiterlesen <span class=\"meta-nav\">&rarr;<\/span><\/a><\/p>\n","protected":false},"author":1,"featured_media":0,"comment_status":"open","ping_status":"closed","sticky":false,"template":"","format":"standard","meta":[],"categories":[5,20],"tags":[],"_links":{"self":[{"href":"https:\/\/willizblog.de\/index.php?rest_route=\/wp\/v2\/posts\/903"}],"collection":[{"href":"https:\/\/willizblog.de\/index.php?rest_route=\/wp\/v2\/posts"}],"about":[{"href":"https:\/\/willizblog.de\/index.php?rest_route=\/wp\/v2\/types\/post"}],"author":[{"embeddable":true,"href":"https:\/\/willizblog.de\/index.php?rest_route=\/wp\/v2\/users\/1"}],"replies":[{"embeddable":true,"href":"https:\/\/willizblog.de\/index.php?rest_route=%2Fwp%2Fv2%2Fcomments&post=903"}],"version-history":[{"count":0,"href":"https:\/\/willizblog.de\/index.php?rest_route=\/wp\/v2\/posts\/903\/revisions"}],"wp:attachment":[{"href":"https:\/\/willizblog.de\/index.php?rest_route=%2Fwp%2Fv2%2Fmedia&parent=903"}],"wp:term":[{"taxonomy":"category","embeddable":true,"href":"https:\/\/willizblog.de\/index.php?rest_route=%2Fwp%2Fv2%2Fcategories&post=903"},{"taxonomy":"post_tag","embeddable":true,"href":"https:\/\/willizblog.de\/index.php?rest_route=%2Fwp%2Fv2%2Ftags&post=903"}],"curies":[{"name":"wp","href":"https:\/\/api.w.org\/{rel}","templated":true}]}}