{"id":9033,"date":"2015-02-17T11:43:28","date_gmt":"2015-02-17T10:43:28","guid":{"rendered":"http:\/\/www.willizblog.de\/?p=9033"},"modified":"2015-02-17T11:43:28","modified_gmt":"2015-02-17T10:43:28","slug":"der-schritt-ins-leere","status":"publish","type":"post","link":"https:\/\/willizblog.de\/?p=9033","title":{"rendered":"Der Schritt ins Leere"},"content":{"rendered":"<p>Es ist erst einige Tage her, da berichtete ich aus meiner Alptraumwelt, in der <a href=\"https:\/\/www.willizblog.de\/?p=9012\" target=\"_blank\">abst\u00fcrzende Balkone<\/a> \u00f6fter eine Rolle spielen. Das Ganze hat etwas mit <a href=\"https:\/\/de.wikipedia.org\/wiki\/Akrophobie\" target=\"_blank\">Akrophobie<\/a>, also H\u00f6henangst zu tun, der Angst vor H\u00f6hen, in denen der n\u00e4chste Schritt wie ein Schritt ins Leere anmutet, von denen der Blick ins Bodenlose zu gehen scheint. Konturen und Horizonte l\u00f6sen sich auf. Ein unvermeidliches Fallen steigt als Vision in einem auf.<\/p>\n<p>Fast drei Jahre ist es inzwischen her, dass ich mit meiner Familie f\u00fcr knapp zwei Wochen in <a href=\"https:\/\/www.willizblog.de\/index.php?s=grainau\" target=\"_blank\">Grainau<\/a>, dem Zugspitzdorf, Urlaub machte und dabei auch diesen x-f\u00f6rmig angebrachten <em>Skywalk f\u00fcr Schwindelfreie<\/em>, diese \u00fcber dem <a href=\"https:\/\/de.wikipedia.org\/wiki\/H%c3%b6llental_(Wetterstein)\" target=\"_blank\">H\u00f6llental<\/a> bei <a href=\"https:\/\/de.wikipedia.org\/wiki\/Garmisch-Partenkirchen\" target=\"_blank\">Garmisch-Partenkirchen<\/a> erbaute Aussichtsplattform namens <a href=\"https:\/\/www.willizblog.de\/?p=5817\" target=\"_blank\">Alpspix<\/a> \u201ainspizierte\u2018. Auf dieser 13 Meter scheinbar ins Nichts ragenden Stahlkonstruktion hat man einen schwindelerregenden Blick in tausend Meter Tiefe. Wenn man nicht lange \u00fcberlegt, dann getraut man sich auch als nicht Schwindelfreier, diese st\u00e4hlerne Plattform zu betreten. Dem Ganzen wohnt ein Reiz inne, ein Kitzel, dem man sich nicht v\u00f6llig entziehen kann.<\/p>\n<p>Vor \u00fcber einem Jahr bl\u00e4tterte ich in einem Nachrichtenmagazin (<a href=\"http:\/\/www.focus.de\/magazin\/archiv\/fotos-der-woche-hoehenangst-ist-purer-hoch-genuss_id_3505836.html\" target=\"_blank\">Focus Nr. 52\/01 vom 23.12.2013<\/a>)  und fand dort als eines der <em>Fotos der Woche<\/em> ein Bild mit zwei jungen Frauen, die auf der gl\u00e4sernen Aussichtsplattform mitten in der <a href=\"https:\/\/de.wikipedia.org\/wiki\/Mont-Blanc-Gruppe\" target=\"_blank\">Mont-Blanc-Gruppe<\/a> stehen. Dagegen ist die <em>Alpspix fast nichts<\/em> \u2026<\/p>\n<p><img src=\"https:\/\/www.willizblog.de\/images\/chamonix_montblanc.jpg\" alt=\"Blick ins Bodenlose: Auf einer gl\u00e4sernen Br\u00fccke am Gipfel des Aiguille du Midi genie\u00dfen zwei Mitarbeiterinnen der Seilbahngesellschaft den Blick auf die Region um den Montblanc\" title=\"Blick ins Bodenlose: Auf einer gl\u00e4sernen Br\u00fccke am Gipfel des Aiguille du Midi genie\u00dfen zwei Mitarbeiterinnen der Seilbahngesellschaft den Blick auf die Region um den Montblanc\" \/><br \/>\nBlick ins Bodenlose: Auf einer gl\u00e4sernen Br\u00fccke am Gipfel des <a href=\"https:\/\/de.wikipedia.org\/wiki\/Aiguille_du_Midi\" target=\"_blank\">Aiguille du Midi<\/a> genie\u00dfen zwei Mitarbeiterinnen der Seilbahngesellschaft den Blick auf die Region um den <a href=\"https:\/\/de.wikipedia.org\/wiki\/Mont_Blanc\" target=\"_blank\">Montblanc<\/a>. Und den bedrohlichen Kitzel, so hoch \u00fcber dem Abgrund zu stehen.<\/p>\n<p>Ein, wie ich finde, faszinierendes Foto. Interessant auch der kurze Wortbetrag zu diesem Foto unter der \u00dcberschrift <strong>H\u00f6henangst ist purer Hoch-Genuss<\/strong> (verfasst von <a href=\"https:\/\/de.wikipedia.org\/wiki\/Borwin_Bandelow\" target=\"_blank\">Borwin Bandelow<\/a>, Angstforscher an der Universit\u00e4t G\u00f6ttingen), der meinen Eindruck von Reiz und Kitzel erkl\u00e4rt:<\/p>\n<p><em>\u201eZwei Damen stehen auf der Aussichtsplattform auf dem Aiguille du Midi 3842 Meter \u00fcber dem franz\u00f6sischen Wintersportort <a href=\"https:\/\/de.wikipedia.org\/wiki\/Chamonix-Mont-Blanc\" target=\"_blank\">Chamonix<\/a>.\u201c<\/em><\/p>\n<p><em>\u201eDurch den gl\u00e4sernen Boden f\u00e4llt der Blick in die Tiefe &#8211; und weckt unsere Urangst, ins Bodenlose zu st\u00fcrzen. Diese Sorge stammt aus entwicklungsgeschichtlich sehr alten Regionen unseres Gehirns. Die H\u00f6henangst signalisiert uns: Du hast ein Problem. Du bist kein Vogel. Du bist im freien Fall! Dieses primitive Angstzentrum wei\u00df nicht, was Glas ist. Denn das wurde erst vor 3500 Jahren erfunden.<\/em><\/p>\n<p><em>Die Folge ist der Fluchtreflex. Unser Herz beginnt zu rasen, der Atem stockt. Und der K\u00f6rper sch\u00fcttet <a href=\"https:\/\/de.wikipedia.org\/wiki\/Endorphine\" target=\"_blank\">Endorphine<\/a> aus. Wenn der Absturz dann doch nicht erfolgt, erzeugt dieses k\u00f6rpereigene Opiat ein Wohlgef\u00fchl, sodass wir den Moment \u00fcber dem Abgrund auf eine verwirrende Art genie\u00dfen. Die gute Nachricht lautet: Wer diesen Kitzel empfindet, ist nicht verr\u00fcckt. Im Gegenteil, sein Gehirn funktioniert bestens.\u201c<\/em><\/p>\n<p>Dieses Foto findet sich auch auf der <a href=\"http:\/\/www.chamonix.com\/aiguille-du-midi,80,de.html\" target=\"_blank\">Website zum Wintersportort Chamonix<\/a> (zu <em>Garmisch-Partenkirchen<\/em> besteht \u00fcbrigens eine <a href=\"https:\/\/de.wikipedia.org\/wiki\/Garmisch-Partenkirchen#St.C3.A4dtepartnerschaften\" target=\"_blank\">St\u00e4dtepartnerschaft<\/a> \u2013 so schlie\u00dft sich der \u201aKreis\u2018). Dort steht unter der \u00dcberschrift: <strong>Der Schritt ins Leere<\/strong>:<\/p>\n<p><em>Einfach umwerfend! Wer Nervenkitzel mag, wird von dieser neuen Attraktion begeistert sein: Eine technologische Meisterleistung und ein unvergessliches Erlebnis! \u00dcber tausend Meter Leere tun sich unter Ihren F\u00fc\u00dfen auf, wenn Sie erstmal in diesem an 5 Seiten<\/em> [links, vorn, rechts, oben und unten] <em>verglasten Kasten stehen \u2026 Ein kleiner Schritt f\u00fcr den Besucher, aber ein gro\u00dfer Schritt in der Geschichte der Aiguille du Midi! Nervenkitzel garantiert&#8230;<\/em><\/p>\n<p>Und als Erg\u00e4nzung (wenn auch nur auf Englisch) der Hinweis f\u00fcr alle, die jetzt Lust auf diesen Nervenkitzel bekommen haben und einen Abstecher nach Chamonix planen, dass dieser \u201eSchritt ins Leere\u201c wegen Renovierungsarbeiten voraussichtlich bis zum 26. Juni 2015 geschlossen sein wird:<\/p>\n<p><em>From September 15th 2014, the access to the summit terrace and to the \u201cStep into the Void\u201d will be closed for further renovation &#038; refurbishment work. The opening is planned for June  26th 2015.<br \/>\n<\/em><\/p>\n","protected":false},"excerpt":{"rendered":"<p>Es ist erst einige Tage her, da berichtete ich aus meiner Alptraumwelt, in der abst\u00fcrzende Balkone \u00f6fter eine Rolle spielen. Das Ganze hat etwas mit Akrophobie, also H\u00f6henangst zu tun, der Angst vor H\u00f6hen, in denen der n\u00e4chste Schritt wie ein Schritt ins Leere anmutet, von denen der Blick ins Bodenlose zu gehen scheint. Konturen &hellip; <a href=\"https:\/\/willizblog.de\/?p=9033\" class=\"more-link\"><span class=\"screen-reader-text\">Der Schritt ins Leere<\/span> weiterlesen <span class=\"meta-nav\">&rarr;<\/span><\/a><\/p>\n","protected":false},"author":1,"featured_media":0,"comment_status":"open","ping_status":"open","sticky":false,"template":"","format":"standard","meta":[],"categories":[15,10],"tags":[],"_links":{"self":[{"href":"https:\/\/willizblog.de\/index.php?rest_route=\/wp\/v2\/posts\/9033"}],"collection":[{"href":"https:\/\/willizblog.de\/index.php?rest_route=\/wp\/v2\/posts"}],"about":[{"href":"https:\/\/willizblog.de\/index.php?rest_route=\/wp\/v2\/types\/post"}],"author":[{"embeddable":true,"href":"https:\/\/willizblog.de\/index.php?rest_route=\/wp\/v2\/users\/1"}],"replies":[{"embeddable":true,"href":"https:\/\/willizblog.de\/index.php?rest_route=%2Fwp%2Fv2%2Fcomments&post=9033"}],"version-history":[{"count":0,"href":"https:\/\/willizblog.de\/index.php?rest_route=\/wp\/v2\/posts\/9033\/revisions"}],"wp:attachment":[{"href":"https:\/\/willizblog.de\/index.php?rest_route=%2Fwp%2Fv2%2Fmedia&parent=9033"}],"wp:term":[{"taxonomy":"category","embeddable":true,"href":"https:\/\/willizblog.de\/index.php?rest_route=%2Fwp%2Fv2%2Fcategories&post=9033"},{"taxonomy":"post_tag","embeddable":true,"href":"https:\/\/willizblog.de\/index.php?rest_route=%2Fwp%2Fv2%2Ftags&post=9033"}],"curies":[{"name":"wp","href":"https:\/\/api.w.org\/{rel}","templated":true}]}}