{"id":9078,"date":"2015-03-05T16:06:55","date_gmt":"2015-03-05T16:06:55","guid":{"rendered":"http:\/\/willizblog.de\/?p=9078"},"modified":"2015-03-05T16:06:55","modified_gmt":"2015-03-05T16:06:55","slug":"versackte-euphorie","status":"publish","type":"post","link":"https:\/\/willizblog.de\/?p=9078","title":{"rendered":"Versackte Euphorie"},"content":{"rendered":"<p>So schnell kann das gehen: Da f\u00fchrt der SV Werder gegen den Tabellenzweiten der Fu\u00dfball-Bundesliga, VfL Wolfsburg, zur Halbzeit mit 3:2, um innerhalb von sieben oder acht Minuten drei Tore zu kassieren. Nat\u00fcrlich ist eine Niederlage gegen die Wolfsburg, auch zu Hause, kein Beinbruch.<\/p>\n<p>Aber die Tr\u00e4ume von Europa League darf man so getrost abhaken. Ein Witz, solche Tr\u00e4ume \u00fcberhaupt getr\u00e4umt zu haben. Wenn in diesem Punkt vielleicht noch etwas zu machen gewesen w\u00e4re, dann \u00fcber den DFB-Pokal. \u00dcber das Hintertrepplein sozusagen. Denn mit Arminia Bielefeld, einem Drittligisten, wenn auch dem souver\u00e4nen Tabellenf\u00fchrer der 3. Liga, hatte man einen nicht gerade hochklassigen Gegner.<\/p>\n<p><img src=\"https:\/\/www.willizblog.de\/images\/werder1415_pokal_bielefeld_frust.jpg\" alt=\"DFB-Pokal-Aus 04.03.2015: Arminia Bielefeld \u2013 Werder 3:1\" title=\"DFB-Pokal-Aus 04.03.2015: Arminia Bielefeld \u2013 Werder 3:1\" \/><\/p>\n<p><a href=\"http:\/\/www.werder.de\/de\/profis\/news\/53894.php\" title=\"Werder machte das Spiel\" target=\"_blank\">Gegen Bielefeld machte Werder das Spiel<\/a>. Musste es machen. Wer die Werder-Spiele der letzten Wochen gesehen hat, wei\u00df aber, da\u00df Werder sich eher aufs Kontern versteht. Ein Spiel selbst zu machen, soweit sind die Bremer noch nicht. Und so ergaben sich vertauschte Rollen: Werder machte das Spiel, die Arminia konterte erfolgreich. <a href=\"http:\/\/www.zdf.de\/ZDFmediathek\/beitrag\/video\/2355694\/Bielefeld-ueberrascht-Werder-im-Pokal\" title=\"Arminia Bielefeld - SV Werder Bremen 3:1\" target=\"_blank\">Am Ende siegte Bielefeld 3:1<\/a> \u2013 und damit ist auch dieser Traum ausgetr\u00e4umt.<\/p>\n<p>Nach der Euphorie der letzten Wochen, als Werder Bremen sechs Spiele in Folge ungeschlagen blieb (und dabei f\u00fcnf Siege in Folge erzielte), ist nach diesen beiden Niederlagen eine gewisse Ern\u00fcchterung an der Weser eingekehrt.<\/p>\n<p>Koen Casteels, der gestern im Werder-Tor sein Debut gab:  \u201eEs ist schwer, die richtigen Worte zu finden. Wir fahren alle mit einem Schei\u00df-Gef\u00fchl nach Bremen zur\u00fcck.\u201c Da denkt man gleich an das n\u00e4chste Bundesligaspiel in Freiburg. Wirklich ein Schei\u00df-Gef\u00fchl!<\/p>\n","protected":false},"excerpt":{"rendered":"<p>So schnell kann das gehen: Da f\u00fchrt der SV Werder gegen den Tabellenzweiten der Fu\u00dfball-Bundesliga, VfL Wolfsburg, zur Halbzeit mit 3:2, um innerhalb von sieben oder acht Minuten drei Tore zu kassieren. Nat\u00fcrlich ist eine Niederlage gegen die Wolfsburg, auch zu Hause, kein Beinbruch. Aber die Tr\u00e4ume von Europa League darf man so getrost abhaken. &hellip; <a href=\"https:\/\/willizblog.de\/?p=9078\" class=\"more-link\"><span class=\"screen-reader-text\">Versackte Euphorie<\/span> weiterlesen <span class=\"meta-nav\">&rarr;<\/span><\/a><\/p>\n","protected":false},"author":1,"featured_media":0,"comment_status":"open","ping_status":"open","sticky":false,"template":"","format":"standard","meta":[],"categories":[27],"tags":[],"_links":{"self":[{"href":"https:\/\/willizblog.de\/index.php?rest_route=\/wp\/v2\/posts\/9078"}],"collection":[{"href":"https:\/\/willizblog.de\/index.php?rest_route=\/wp\/v2\/posts"}],"about":[{"href":"https:\/\/willizblog.de\/index.php?rest_route=\/wp\/v2\/types\/post"}],"author":[{"embeddable":true,"href":"https:\/\/willizblog.de\/index.php?rest_route=\/wp\/v2\/users\/1"}],"replies":[{"embeddable":true,"href":"https:\/\/willizblog.de\/index.php?rest_route=%2Fwp%2Fv2%2Fcomments&post=9078"}],"version-history":[{"count":0,"href":"https:\/\/willizblog.de\/index.php?rest_route=\/wp\/v2\/posts\/9078\/revisions"}],"wp:attachment":[{"href":"https:\/\/willizblog.de\/index.php?rest_route=%2Fwp%2Fv2%2Fmedia&parent=9078"}],"wp:term":[{"taxonomy":"category","embeddable":true,"href":"https:\/\/willizblog.de\/index.php?rest_route=%2Fwp%2Fv2%2Fcategories&post=9078"},{"taxonomy":"post_tag","embeddable":true,"href":"https:\/\/willizblog.de\/index.php?rest_route=%2Fwp%2Fv2%2Ftags&post=9078"}],"curies":[{"name":"wp","href":"https:\/\/api.w.org\/{rel}","templated":true}]}}