{"id":9080,"date":"2015-03-06T05:53:00","date_gmt":"2015-03-06T05:53:00","guid":{"rendered":"http:\/\/willizblog.de\/?p=9080"},"modified":"2015-03-05T16:59:51","modified_gmt":"2015-03-05T16:59:51","slug":"tostedts-schandfleck-zum-kauf-angeboten","status":"publish","type":"post","link":"https:\/\/willizblog.de\/?p=9080","title":{"rendered":"&#8222;Tostedts Schandfleck&#8220; zum Kauf angeboten"},"content":{"rendered":"<p>Vor nun fast 20 Jahren bin ich mit meiner Familie nach Tostedt gezogen. Unsere Doppelhaush\u00e4lfte geh\u00f6rt zu einem Grundst\u00fcck, das fr\u00fcher einmal im Eigentum der Familie namens Koch-D\u00f6rnbrack war. An dieses Grundst\u00fcck grenzt ein altes, stark zerfallenes Gewerbegrundst\u00fcck an der Stra\u00dfe &#8222;Am Bahnhof&#8220; \u2013 ebenfalls im Eigentum der genannten Familie. Die Gemeinde Tostedt betrachtet dieses Grundst\u00fcck als Schandfleck. Und ansehnlich ist es wirklich nicht. Immerhin ist es aber ruhig dort. Daher ist es schon f\u00fcr uns (und unsere Nachbarn) wichtig zu wissen, was mit dem Grundst\u00fcck geschehen wird.<\/p>\n<p>Im November 2013 hatte ich im <a href=\"http:\/\/www.abendblatt.de\/\" title=\"Hamburger Abendblatt\" target=\"_blank\">Hamburger Abendblatt<\/a> gelesen, dass endlich etwas mit diesem Grundst\u00fcck geplant ist (hier mein Tweet dazu):<\/p>\n<blockquote class=\"twitter-tweet\" lang=\"de\">\n<p>&quot;Tostedts Schandfleck&quot; soll baulich aufgewertet werden Das alte, stark zerfallene Gewerbegrundst\u00fcck der (cont) <a href=\"http:\/\/t.co\/3vLqsw5vs8\">http:\/\/t.co\/3vLqsw5vs8<\/a><\/p>\n<p>&mdash; V!ll! \u00de. Hermannsson (@willizblog) <a href=\"https:\/\/twitter.com\/willizblog\/status\/397371649785593856\">4. November 2013<\/a><\/p><\/blockquote>\n<p> <script async src=\"\/\/platform.twitter.com\/widgets.js\" charset=\"utf-8\"><\/script><\/p>\n<p><em><strong>&#8222;Tostedts Schandfleck&#8220; soll baulich aufgewertet werden<\/strong><\/em><\/p>\n<p><em>Das alte, stark zerfallene Gewerbegrundst\u00fcck der Familie an der Stra\u00dfe &#8222;Am Bahnhof&#8220; ist der Gemeinde Tostedt schon lange ein Dorn im Auge.<\/em><\/p>\n<p><em>Nun hat sich die Eigent\u00fcmerin entschlossen, die derzeitige Nutzung und bauliche Situation aufzuwerten. Die Architekten Renner, Hainke und Wirt haben bereits verschiedene Konzepte erarbeitet, die sie am Dienstag, 5. November [2013], von 18 Uhr an, auf der \u00f6ffentlichen Sitzung des Planungsausschusses vorstellen wollen.<\/em><\/p>\n<p><em>Der B-Plan &#8222;Karlstra\u00dfe&#8220; setzt zwischen der Morlaasstra\u00dfe und der Stra\u00dfe &#8222;Am Bahnhof&#8220; ein Mischgebiet fest. Auf dem D\u00f6rnbrack-Grundst\u00fcck d\u00fcrfen demnach lediglich zweigeschossige Wohnungen f\u00fcr Betriebsinhaber und -leiter, Aufsichts- und Bereitschaftspersonen gebaut werden. Die Verwaltung hat aber bereits zugesagt, dass bei einem schl\u00fcssigen st\u00e4dtebaulichen Konzept und mit der Zustimmung der politischen Gremien eine \u00c4nderung des B-Planes durchaus m\u00f6glich w\u00e4re.<\/em><\/p>\n<p><em>&#8222;Es ist schlie\u00dflich in unserem Interesse, die ungenutzten Fl\u00e4chen f\u00fcr die Gemeinde sinnvoll zu nutzen&#8220;, sagt Tostedts Gemeindeb\u00fcrgermeister Gerhard Netzel. &#8222;Wir w\u00e4ren froh, wenn der Schandfleck endlich aus dem Ort verschwinden w\u00fcrde.&#8220;<\/em><\/p>\n<ul><img src=\"https:\/\/www.willizblog.de\/images\/tostedt_am_bahnhof.jpg\" alt=\"Zwei Gewerbe\/Wohnbaugrundst\u00fcck in Tostedt N\u00e4he Bahnhof\" title=\"Zwei Gewerbe\/Wohnbaugrundst\u00fcck in Tostedt N\u00e4he Bahnhof\" \/><\/ul>\n<p>Seitdem ist es wieder ruhig geworden. Allerdings wurde das Grundst\u00fcck \u00f6fter insgesamt zum Verkauf angeboten. Ohne Erfolg. Vor einigen Tagen nun beobachtete meine Frau Vermessungsarbeiten auf dem Grundst\u00fcck. Hintergrund der Aktion: Von dem Grundst\u00fcck, auf dem auch halb verfallene Geb\u00e4ude und eine Lagerhalle aus Wellblech stehen, werden jetzt nur zwei unbebaute Teilst\u00fccke angeboten:<\/p>\n<p><a href=\"http:\/\/www.immonet.de\/angebot\/25176002\" target=\"_blank\">1141m\u00b2 Gewerbe\/Wohnbaugrundst\u00fcck in Tostedt N\u00e4he Bahnhof<\/a><br \/>\n<a href=\"http:\/\/www.immonet.de\/angebot\/25139528\" target=\"_blank\">800m\u00b2 Gewerbe\/Wohnbaugrundst\u00fcck in Tostedt Nahe Bahnhof<\/a><\/p>\n<p>Erstaunlich, dass sich bis aufs Hamburger Abendblatt (in seinem Artikel vom 04.11.2013) niemand in den Medien in unserer Region (allen voran das <a href=\"http:\/\/www.kreiszeitung-wochenblatt.de\/\" title=\"Kreiszeitung-Wochenblatt\" target=\"_blank\">Kreiszeitung-Wochenblatt<\/a>) f\u00fcr die Entwicklung rund um dieses Grundst\u00fcck am Bahnhof Tostedt zu interessieren scheint.<\/p>\n<p>Wir (und sicherlich auch unsere Nachbarn) sind auf jeden Fall gespannt und harren der Dinge, die da geschehen k\u00f6nnen (oder auch nicht). Wie lange wird es noch ruhig bleiben?<\/p>\n","protected":false},"excerpt":{"rendered":"<p>Vor nun fast 20 Jahren bin ich mit meiner Familie nach Tostedt gezogen. Unsere Doppelhaush\u00e4lfte geh\u00f6rt zu einem Grundst\u00fcck, das fr\u00fcher einmal im Eigentum der Familie namens Koch-D\u00f6rnbrack war. An dieses Grundst\u00fcck grenzt ein altes, stark zerfallenes Gewerbegrundst\u00fcck an der Stra\u00dfe &#8222;Am Bahnhof&#8220; \u2013 ebenfalls im Eigentum der genannten Familie. Die Gemeinde Tostedt betrachtet dieses &hellip; <a href=\"https:\/\/willizblog.de\/?p=9080\" class=\"more-link\"><span class=\"screen-reader-text\">&#8222;Tostedts Schandfleck&#8220; zum Kauf angeboten<\/span> weiterlesen <span class=\"meta-nav\">&rarr;<\/span><\/a><\/p>\n","protected":false},"author":1,"featured_media":0,"comment_status":"open","ping_status":"open","sticky":false,"template":"","format":"standard","meta":[],"categories":[11],"tags":[],"_links":{"self":[{"href":"https:\/\/willizblog.de\/index.php?rest_route=\/wp\/v2\/posts\/9080"}],"collection":[{"href":"https:\/\/willizblog.de\/index.php?rest_route=\/wp\/v2\/posts"}],"about":[{"href":"https:\/\/willizblog.de\/index.php?rest_route=\/wp\/v2\/types\/post"}],"author":[{"embeddable":true,"href":"https:\/\/willizblog.de\/index.php?rest_route=\/wp\/v2\/users\/1"}],"replies":[{"embeddable":true,"href":"https:\/\/willizblog.de\/index.php?rest_route=%2Fwp%2Fv2%2Fcomments&post=9080"}],"version-history":[{"count":0,"href":"https:\/\/willizblog.de\/index.php?rest_route=\/wp\/v2\/posts\/9080\/revisions"}],"wp:attachment":[{"href":"https:\/\/willizblog.de\/index.php?rest_route=%2Fwp%2Fv2%2Fmedia&parent=9080"}],"wp:term":[{"taxonomy":"category","embeddable":true,"href":"https:\/\/willizblog.de\/index.php?rest_route=%2Fwp%2Fv2%2Fcategories&post=9080"},{"taxonomy":"post_tag","embeddable":true,"href":"https:\/\/willizblog.de\/index.php?rest_route=%2Fwp%2Fv2%2Ftags&post=9080"}],"curies":[{"name":"wp","href":"https:\/\/api.w.org\/{rel}","templated":true}]}}