{"id":9098,"date":"2015-03-23T11:41:17","date_gmt":"2015-03-23T11:41:17","guid":{"rendered":"http:\/\/willizblog.de\/?p=9098"},"modified":"2015-03-23T11:41:17","modified_gmt":"2015-03-23T11:41:17","slug":"nachtrag-zum-me-81963","status":"publish","type":"post","link":"https:\/\/willizblog.de\/?p=9098","title":{"rendered":"Nachtrag zum ME 81963"},"content":{"rendered":"<p>In Sachen des ME 81963 der <a href=\"http:\/\/www.der-metronom.de\/\" title=\"metronom Eisenbahngesellschaft mbH\" target=\"_blank\"><em>metronom<\/em> Eisenbahngesellschaft mbH<\/a>, der sich in den letzten Wochen wegen \u201aversp\u00e4teter Bereitstellung\u2018 sehr h\u00e4ufig um meist mehr als 30 Minuten versp\u00e4tet hatte, hat sich in den letzten Tagen einiges getan. Hier der Vollst\u00e4ndigkeit halber:<\/p>\n<p>Zun\u00e4chst war mir der Kragen geplatzt und ich hatte mich mit dem Betreff: Wiederkehrende, versp\u00e4tete Bereitstellung des Metronom-Zuges ME 81963 an die <a href=\"http:\/\/www.kreiszeitung-wochenblatt.de\/\" title=\"Kreiszeitung-Wochenblatt\" target=\"_blank\">Wochenblatt-Kreiszeitung<\/a> in Buchholz\/Nordheide gewandt:<\/p>\n<p><em>Sehr geehrte Damen und Herren von der Wochenblatt-Kreiszeitung,<\/em><\/p>\n<p><em>nachdem ich Mitte Februar durch verschiedene St\u00f6rungen (Stellwerk am Hamburger Hbf., Signal- und Oberleitungsst\u00f6rung) betr\u00e4chtliche Versp\u00e4tung im Zugverkehr zwischen Tostedt und Hamburg hinnehmen musste (siehe in meinem Blog : <a href=\"https:\/\/willizblog.de\/?p=9064\" title=\"Alles ziemlich gest\u00f6rt ...\" target=\"_blank\">Alles ziemlich gest\u00f6rt<\/a> \u2026), gab es seit dem 20.02. mit dem Metronom Zug ME 81963 zwischen Bremen Hbf. und Hamburg Hbf. (Abfahrt in Tostedt um 5 Uhr 23 \u2013 Ankunft am Hamburger Hbf. 5 Uhr 59) bis einschlie\u00dflich heute (also in weniger als drei Wochen) einmal eine Versp\u00e4tung von \u00fcber 10 Minuten (24.02.) und sechsmal Versp\u00e4tungen von mindestens 30 Minuten wegen \u201aversp\u00e4teter Bereitstellung\u2018 des Zugs in Bremen. Einmal wurde als Grund \u201afehlerhafte Betriebsplanung\u2018, zweimal \u201akurzfristige Erkrankung des Lokf\u00fchrers\u2018 vermeldet (siehe u.a. meinen Blog <a href=\"https:\/\/willizblog.de\/?p=9072\" title=\"Es 'wurmt' weiterhin ...\" target=\"_blank\">Es \u201awurmt\u2018 weiterhin \u2026<\/a> und meinen <a href=\"http:\/\/www.twitlonger.com\/show\/n_1sl1v8s\" title=\"'verl\u00e4ngerter' Twitterbeitrag\" target=\"_blank\">\u201averl\u00e4ngerten\u2018 Twitterbeitrag<\/a>). In den sechs F\u00e4llen mit 30-min\u00fctiger Versp\u00e4tung nahm ich nat\u00fcrlich den Folgezug (Abfahrt Tostedt  5 Uhr 48). Da dieser Zug auch die Fahrg\u00e4ste aus dem versp\u00e4teten Metronom aufnehmen musste, war dieser \u201adoppelt\u2018 belegt, also brechend voll.<\/em><\/p>\n<p><em>Auf eine Anfrage beim Metronom vom 27.02. (online als Beschwerde) habe ich bis heute keine Antwort erhalten.<\/em><\/p>\n<p><em>Sicherlich kann es vorkommen, dass ein Zug einmal ausf\u00e4llt (die Versp\u00e4tungen kommen einem Zugausfall gleich), weil sich z.B. ein Lokf\u00fchrer kurzfristig krank meldet. Aber warum ist immer nur dieser Zug betroffen?<\/em><\/p>\n<p><em>Vielleicht etwas zur \u201aGeschichte\u2018 des Zuges:  Fr\u00fcher wurde dieser Metronom fr\u00fch morgens in Tostedt eingesetzt. Dann erfolgte die Bereitstellung bereits in Rotenburg\/W\u00fcmme. Mit dem Winterfahrplan 2014\/2015 wird er nun  am Bremer Hauptbahnhof eingesetzt. Ich denke, dass das  Konsequenzen f\u00fcr das Personal des Zuges hat. Wer nicht in Bremen wohnt, muss erst einmal nach Bremen kommen.<\/em><\/p>\n<p><em>So d\u00fcrfte der ME 81963 beim Zugpersonal nicht sehr beliebt sein. Es ist zwar reine Spekulation von mir: Aber auch die metronom Eisenbahngesellschaft \u201amag\u2018 diesen Zug nicht, weil  er am Hamburger Hbf. ausgesetzt wird und erst sp\u00e4ter wieder zum Einsatz kommt. Der Zug \u201arentiert\u2018 sich also nicht \u2013 wie Fahrgastbefragungen zeigten. Tats\u00e4chlich wurde er in fr\u00fcheren Zeiten wenig benutzt. Erst in letzter Zeit ist der Zug gut belegt.<\/em><\/p>\n<p><em>F\u00fcr mich stellt sich inzwischen wirklich die Frage, ob hinten diesen \u201aversp\u00e4teten Bereitstellungen\u2018 Absicht steckt. So oder so vergrault man die Fahrg\u00e4ste, die am fr\u00fchen Morgen zur Arbeit m\u00fcssen.<\/em><\/p>\n<p><em>Sicherlich stellt sich auch die Frage, ob die Privatisierung von Strecken im Nahverkehr in irgendeiner Weise vorteilhaft ist. Sollte es tats\u00e4chlich Kostenersparnisse geben, dann sind diese an die Fahrg\u00e4ste nicht weitergegeben worden, wie die sich j\u00e4hrlich wiederholenden Fahrpreiserh\u00f6hungen zeigen.<\/em><\/p>\n<p><em>Aber genug \u2026<br \/>\nMit freundlichen Gr\u00fc\u00dfen<\/em><\/p>\n<p>In der Wochenendausgabe vom 21. M\u00e4rz 2015 erschien auf der letzten Seite nun <a href=\"http:\/\/www.kreiszeitung-wochenblatt.de\/buchholz\/politik\/pendler-werden-fuer-doof-verkauft-d58214.html\" title=\"Pendler werden f\u00fcr doof verkauft\" target=\"_blank\">folgender Beitrag<\/a>: <\/p>\n<p><img src=\"https:\/\/www.willizblog.de\/images\/kreiszeitung_wochenblatt_2015_03_21_40_metronom81963.jpg\" alt=\"Kreiszeitung-Wochenblatt vom 21.03.2015: Pendler werden f\u00fcr doof verkauft\" \/><\/p>\n<p>Bereits am 27.02. hatte ich \u00fcber das <a href=\"http:\/\/www.der-metronom.de\/service\/lob-und-anregungen\/\" title=\"metronom-Online-Formular u.a. f\u00fcr Beschwerden\" target=\"_blank\">Online-Formular des <em>metronom<\/em><\/a> folgende Beschwerde abgeschickt:<\/p>\n<p><em>Was ist los mit dem Zug 81963? An den letzten sechs Werktagen verz\u00f6gerte sich dessen Abfahrt von Bremen 1x um \u00fcber 10 Minuten und 3x sogar um \u00fcber 30 Minuten. Warum diese \u201eversp\u00e4tete Bereitstellung\u02dc. Und was hat man unter \u201efehlerhafter Betriebsplanung\u02dc zu verstehen?<\/em><\/p>\n<p><em>Vor allem aber die Frage: Ist auch zuk\u00fcnftig mit solchen Ausf\u00e4llen des 81963 zu rechnen?<\/em><\/p>\n<p><em>Zu diesen \u201eversp\u00e4tete Bereitstellungen\u02dc werde ich mich auch an den Fahrgastbeirat wenden. Neben all den anderen Zugausf\u00e4llen und gro\u00dfen Zugversp\u00e4tungen wg. Stellwerk-, Signal- und Oberleitungsst\u00f6rungen in Nahverkehr in den letzten Wochen ist das jetzt wirklich der Gipfel.<\/em><\/p>\n<p>Da es auch in der Folgezeit erneut zu solch Versp\u00e4tungen kam, schrieb ich nochmals am 05.03. an den metronom:<\/p>\n<p><em>Es geht ERNEUT um den ME 81963. Nachdem dieser Zug am 17.2. \u00fcber 10 Minuten Versp\u00e4tung hatte, dann am 20.2., 24.2., 26. und 27.2. wegen versp\u00e4teter Bereitstellung in Bremen immer mindestens 30 Minuten Versp\u00e4tung hatte, so gab es in dieser Woche am 3.3. einen Zugausfall wg. kurzzeitiger Krankmeldung des Zugf\u00fchrers &#8211; und heute (5.3.) nochmals eine Versp\u00e4tung um 30 Minuten: 6x an 10 Werktagen. Ich m\u00f6chte Ihnen nicht unbedingt den betriebswirtschaftlichen Schaden ausrechnen (sch\u00e4tzungsweise betroffene 200 Fahrg\u00e4ste a 30 Minuten und Lohnkosten von rund 40\u201a\u00ac \u20ac\/Std. &#8211; sie d\u00fcrfen das gern selbst berechnen, erschrecken Sie nicht \u00fcber das Ergebnis!), aber ich denke, dass das Ma\u00df nun wirklich voll ist. Heute kam noch hinzu, dass Ihre Meldungen bei Twitter\/Facebook ziemlich sp\u00e4t &#8218;raus gegangen sind. Etwas fr\u00fcher und ich h\u00e4tte wenigstens noch eine weitere Tasse Tee in Ruhe trinken k\u00f6nnen.<\/em><\/p>\n<p><em>Ich bin \u00fcbrigens mit dem Fahrgastbeirat im Kontakt, werde mich auch mit dem HVV in Verbindung setze, denn ich verkehre mit Ihren Z\u00fcgen im HVV-Bereich.<\/em><\/p>\n<p>Was lange w\u00e4hrt, wird irgendwann gut: Per Post bekam ich mit Schreiben vom 18.03.2015 dann von der metronom Eisenbahngesellschaft doch noch eine Antwort:<\/p>\n<p><em>Sehr geehrter Herr xxx,<\/em><\/p>\n<p><em>vielen Dank f\u00fcr Ihre Mitteilung bez\u00fcglich unseres<\/em> metronom <em>81963. Zuerst m\u00f6chten wir uns bei Ihnen f\u00fcr die entstandenen Unannehmlichkeiten sowie die Versp\u00e4tungen in aller Form entschuldigen.<\/em><\/p>\n<p><em>Bedauerlicherweise gab es einige Probleme bei der Bereitstellung dieses Zuges.<\/em><br \/>\n<em>Hier bei<\/em> metronom <em>wurde an einer L\u00f6sung gearbeitet. Jeder Zug muss vor der Bereitstellung f\u00fcr unsere Fahrg\u00e4ste entsprechend vorbereitet werden. Die Vorbereitung wird nur durch ausgebildete, qualifizierte Mitarbeiter ausgef\u00fchrt. Leider hat jedoch auch bei<\/em> metronom <em>die Krankheitswelle zugeschlagen und Mitarbeiter die sich in der entsprechenden Qualifizierung befinden, sind ausgefallen. Dieses f\u00fchrte zu Engp\u00e4ssen und zur versp\u00e4teten Bereitstellung. Nun konnten wir durch den Einsatz und die Unterst\u00fctzung aus anderen<\/em> metronom <em>Standorten diese Ausf\u00e4lle kompensieren.<\/em><\/p>\n<p><em>Sehr geehrter Herr xxx, wir w\u00fcnschen Ihnen weiterhin immer eine gute Fahrt mit dem<\/em> metronom <em>und senden<\/em><\/p>\n<p><em>freundliche Gr\u00fc\u00dfe aus Uelzen.<\/em><br \/>\nmetronom <em>Eisenbahngesellschaft mbH<\/em><br \/>\n<em>i.A. xxx<\/em><\/p>\n<p>\u00dcbrigens: Der <a href=\"http:\/\/www.fahrgastbeirat.org\/\" title=\"Fahrgastbeirat f\u00fcr den Landkreis Harburg\" target=\"_blank\">Fahrgastbeirat f\u00fcr den Landkreis Harburg<\/a> spricht morgen, den 24.03., mit der Gesch\u00e4ftsf\u00fchrung des Metronom und wird dabei auch die Probleme mit dem ME 81963 zur Sprache bringen.<\/p>\n<blockquote class=\"twitter-tweet\" lang=\"de\">\n<p><a href=\"https:\/\/twitter.com\/Rexx_Kramer\">@Rexx_Kramer<\/a> <a href=\"https:\/\/twitter.com\/willizblog\">@willizblog<\/a> Wir sprechen am 24.3. mit der <a href=\"https:\/\/twitter.com\/hashtag\/metronom?src=hash\">#metronom<\/a>-Gesch\u00e4ftsf\u00fchrung und werden u.a. den 81963 ansprechen.<\/p>\n<p>&mdash; Fahrgastbeirat (@fahrgastbeirat) <a href=\"https:\/\/twitter.com\/fahrgastbeirat\/status\/575583653100679168\">11. M\u00e4rz 2015<\/a><\/p><\/blockquote>\n<p><script async src=\"\/\/platform.twitter.com\/widgets.js\" charset=\"utf-8\"><\/script><\/p>\n<p>Fazit: Wenn all das Bla-bla und sonstige <a href=\"http:\/\/www.duden.de\/rechtschreibung\/Gedoens\" title=\"Ged\u00f6ns\" target=\"_blank\">Ged\u00f6ns<\/a> um diesen ME 81963 dazu f\u00fchrt, dass dieser Zug nun wieder regelm\u00e4\u00dfig und (halbwegs) p\u00fcnktlich unterwegs sein wird, dann soll mir das gen\u00fcgen. Immerhin zeigt sich, dass <strong>die Personaldecke beim Metronom doch arg d\u00fcnn ist<\/strong>. Man spart eben, wo man meint sparen zu k\u00f6nnen, auch wenn es auf Kosten der Kunden geht. Man darf gespannt sein, was so als n\u00e4chstes den Bahnpendler heimsuchen wird.<\/p>\n","protected":false},"excerpt":{"rendered":"<p>In Sachen des ME 81963 der metronom Eisenbahngesellschaft mbH, der sich in den letzten Wochen wegen \u201aversp\u00e4teter Bereitstellung\u2018 sehr h\u00e4ufig um meist mehr als 30 Minuten versp\u00e4tet hatte, hat sich in den letzten Tagen einiges getan. Hier der Vollst\u00e4ndigkeit halber: Zun\u00e4chst war mir der Kragen geplatzt und ich hatte mich mit dem Betreff: Wiederkehrende, versp\u00e4tete &hellip; <a href=\"https:\/\/willizblog.de\/?p=9098\" class=\"more-link\"><span class=\"screen-reader-text\">Nachtrag zum ME 81963<\/span> weiterlesen <span class=\"meta-nav\">&rarr;<\/span><\/a><\/p>\n","protected":false},"author":1,"featured_media":0,"comment_status":"open","ping_status":"open","sticky":false,"template":"","format":"standard","meta":[],"categories":[22],"tags":[],"_links":{"self":[{"href":"https:\/\/willizblog.de\/index.php?rest_route=\/wp\/v2\/posts\/9098"}],"collection":[{"href":"https:\/\/willizblog.de\/index.php?rest_route=\/wp\/v2\/posts"}],"about":[{"href":"https:\/\/willizblog.de\/index.php?rest_route=\/wp\/v2\/types\/post"}],"author":[{"embeddable":true,"href":"https:\/\/willizblog.de\/index.php?rest_route=\/wp\/v2\/users\/1"}],"replies":[{"embeddable":true,"href":"https:\/\/willizblog.de\/index.php?rest_route=%2Fwp%2Fv2%2Fcomments&post=9098"}],"version-history":[{"count":0,"href":"https:\/\/willizblog.de\/index.php?rest_route=\/wp\/v2\/posts\/9098\/revisions"}],"wp:attachment":[{"href":"https:\/\/willizblog.de\/index.php?rest_route=%2Fwp%2Fv2%2Fmedia&parent=9098"}],"wp:term":[{"taxonomy":"category","embeddable":true,"href":"https:\/\/willizblog.de\/index.php?rest_route=%2Fwp%2Fv2%2Fcategories&post=9098"},{"taxonomy":"post_tag","embeddable":true,"href":"https:\/\/willizblog.de\/index.php?rest_route=%2Fwp%2Fv2%2Ftags&post=9098"}],"curies":[{"name":"wp","href":"https:\/\/api.w.org\/{rel}","templated":true}]}}