{"id":910,"date":"2007-07-15T00:02:28","date_gmt":"2007-07-14T22:02:28","guid":{"rendered":"http:\/\/www.albinz.de\/blog\/?p=910"},"modified":"2007-07-12T13:45:34","modified_gmt":"2007-07-12T11:45:34","slug":"bald-ist-urlaubs-und-ferienzeit","status":"publish","type":"post","link":"https:\/\/willizblog.de\/?p=910","title":{"rendered":"Bald ist Urlaubs- und Ferienzeit"},"content":{"rendered":"<p>Am Mittwoch gibt es Zeugnisse an den <a href=\"https:\/\/www.albinz.net\/schule.html\" target=\"_blank\">Schulen<\/a> in Niedersachsen und dann haben meine beiden S\u00f6hne endlich sechs Wochen lang Ferien. Ich selbst muss noch etwas warten, aber dann habe ich auch drei Wochen Urlaub, den ich in diesem Jahr wahrlich n\u00f6tig habe.<\/p>\n<p>Und wie vor f\u00fcnf Jahren geht es dieses Jahr nach <a href=\"https:\/\/www.albinz.net\/grainau.html\" target=\"_blank\">Grainau<\/a>, einem kleinen Ort unmittelbar an der <a href=\"http:\/\/www.zugspitze.de\/main.php\" target=\"_blank\">Zugspitze<\/a>, Deutschlands h\u00f6chsten Berg, und in der N\u00e4he von <a href=\"http:\/\/www.garmisch-partenkirchen.de\/de\/index.html?index=01\" target=\"_blank\">Garmisch-Partenkirchen<\/a>. Zuvor besuchen wir aber wie 2002 und 2003 das <a href=\"https:\/\/www.albinz.net\/ritterturnier.html\" target=\"_blank\">Ritterturnier in Kaltenberg<\/a>. Ein Muss gewisserma\u00dfen f\u00fcr uns, denn stimmungsvoller kann man nicht ins Mittelalter und in die Zeit der Ritter und Burgjungfrauen enteilen.<\/p>\n<p><img src=\"https:\/\/www.albinz.net\/models\/ritterturnier_kaltenberg_2007.jpg\" alt=\"Ritterturnier Kaltenberg 2007\" \/><\/p>\n<p>Grainau hat es uns angetan, denn der Ort nahe des Eibsees biete einen sehr guten Ausgangspunkt f\u00fcr Wanderungen zu Fu\u00df oder mit dem Rad. Dar\u00fcber hinaus ist der Ort bestens geeignet f\u00fcr viele weiteren Aktivit\u00e4ten (z.B. Schwimmen in der Badeanstalt und im Badesee, Minigolf &#8211; in Garmisch-Partenkirchen gibt es eine Sommerrodelbahn und ein Eislaufzentrum). Und wenn es uns in die Gro\u00dfstadt ziehen sollte: <a href=\"http:\/\/www.muenchen.de\/\" target=\"_blank\">M\u00fcnchen<\/a> ist auch nicht so weit entfernt (nette Bierg\u00e4rten gibt es aber auch in Grainau).<\/p>\n<p><img loading=\"lazy\" border=\"0\" src=\"https:\/\/www.albinz.net\/models\/grainau01.jpg\" alt=\"Alpengl\u00fchen in Grainau\" width=\"420\" height=\"281\"><\/p>\n<p>K\u00f6nnen wir nur hoffen, dass <a href=\"http:\/\/www.wetter.com\/v2\/?SID=&#038;LANG=DE&#038;LOC=7000&#038;LOCFROM=7000&#038;type=WORLD&#038;name=Grainau&#038;id=34274\" target=\"_blank\">das Wetter<\/a> halbwegs mitspielt.<\/p>\n<p><strong>Zur Information:<\/strong> Das Wort <a href=\"https:\/\/de.wikipedia.org\/wiki\/Ferien\" target=\"_blank\">&#8222;Ferien&#8220;<\/a> stammt aus dem Lateinischen von feriae (= Festtage, Feste).Der Begriff <a href=\"https:\/\/de.wikipedia.org\/wiki\/Urlaub\" target=\"_blank\">Urlaub<\/a> leitet sich vom alt- bzw. mittelhochdeutschen Wort f\u00fcr \u201eErlaubnis\u201c her. So fragten im Hochmittelalter Ritter ihren Lehnsherren um urloup, also \u201eUrlaub\u201c, um in eine Schlacht zu ziehen.<\/p>\n<p>siehe auch meinen Beitrag mit Videos: <a href=\"https:\/\/www.willizblog.de\/?p=694\" target=\"_blank\">Urlaub &#8211; Grainau 2002 &#8211; 2007<\/a><\/p>\n","protected":false},"excerpt":{"rendered":"<p>Am Mittwoch gibt es Zeugnisse an den Schulen in Niedersachsen und dann haben meine beiden S\u00f6hne endlich sechs Wochen lang Ferien. Ich selbst muss noch etwas warten, aber dann habe ich auch drei Wochen Urlaub, den ich in diesem Jahr wahrlich n\u00f6tig habe. Und wie vor f\u00fcnf Jahren geht es dieses Jahr nach Grainau, einem &hellip; <a href=\"https:\/\/willizblog.de\/?p=910\" class=\"more-link\"><span class=\"screen-reader-text\">Bald ist Urlaubs- und Ferienzeit<\/span> weiterlesen <span class=\"meta-nav\">&rarr;<\/span><\/a><\/p>\n","protected":false},"author":1,"featured_media":0,"comment_status":"open","ping_status":"closed","sticky":false,"template":"","format":"standard","meta":[],"categories":[10],"tags":[],"_links":{"self":[{"href":"https:\/\/willizblog.de\/index.php?rest_route=\/wp\/v2\/posts\/910"}],"collection":[{"href":"https:\/\/willizblog.de\/index.php?rest_route=\/wp\/v2\/posts"}],"about":[{"href":"https:\/\/willizblog.de\/index.php?rest_route=\/wp\/v2\/types\/post"}],"author":[{"embeddable":true,"href":"https:\/\/willizblog.de\/index.php?rest_route=\/wp\/v2\/users\/1"}],"replies":[{"embeddable":true,"href":"https:\/\/willizblog.de\/index.php?rest_route=%2Fwp%2Fv2%2Fcomments&post=910"}],"version-history":[{"count":0,"href":"https:\/\/willizblog.de\/index.php?rest_route=\/wp\/v2\/posts\/910\/revisions"}],"wp:attachment":[{"href":"https:\/\/willizblog.de\/index.php?rest_route=%2Fwp%2Fv2%2Fmedia&parent=910"}],"wp:term":[{"taxonomy":"category","embeddable":true,"href":"https:\/\/willizblog.de\/index.php?rest_route=%2Fwp%2Fv2%2Fcategories&post=910"},{"taxonomy":"post_tag","embeddable":true,"href":"https:\/\/willizblog.de\/index.php?rest_route=%2Fwp%2Fv2%2Ftags&post=910"}],"curies":[{"name":"wp","href":"https:\/\/api.w.org\/{rel}","templated":true}]}}