{"id":9106,"date":"2015-03-31T08:27:14","date_gmt":"2015-03-31T08:27:14","guid":{"rendered":"http:\/\/willizblog.de\/?p=9106"},"modified":"2015-12-01T07:11:35","modified_gmt":"2015-12-01T07:11:35","slug":"tatort-941-aus-kiel-borowski-und-die-kinder-von-gaarden-2015","status":"publish","type":"post","link":"https:\/\/willizblog.de\/?p=9106","title":{"rendered":"Tatort (941) aus Kiel: Borowski und die Kinder von Gaarden (2015)"},"content":{"rendered":"<p>Ich mag <a href=\"https:\/\/de.wikipedia.org\/wiki\/Klaus_Borowski\" title=\"Klaus Borowski, Kriminalhauptkommissar in Kiel\" target=\"_blank\">Borowski<\/a>, den Kieler Kriminalhauptkommissar der <a href=\"http:\/\/www.daserste.de\/unterhaltung\/krimi\/tatort\/index.html\" title=\"Tatort in der ARD\" target=\"_blank\">ARD-Tatort-Reihe<\/a>. Ich mag seine nordische Brummigkeit, seine Distanz und Sturheit. Sein \u201eIch h\u00f6re \u2026\u201c, wenn er sich am Telefon meldet, erweitert er jetzt schon auf den Tatort, wenn er seine Kollegin Sarah Brandt nach dem Stand der ersten Ermittlungen fragt und die ihm in ihrer akribischen Art bis hin zum m\u00f6glichen Tatmotiv alles haargenau erl\u00e4utert.<\/p>\n<p>Borowski wird kongenial dargestellt von <a href=\"https:\/\/de.wikipedia.org\/wiki\/Axel_Milberg\" title=\"Axel Milberg\" target=\"_blank\">Alex Milberg<\/a>. Manchmal frage ich mich, wer eigentlich wer ist: Milberg Borowski oder umgekehrt?  Seine Kollegin Sarah Brandt, dargestellt von <a href=\"https:\/\/de.wikipedia.org\/wiki\/Sibel_Kekilli\" title=\"Sibel Kekilli\" target=\"_blank\">Sibel Kekilli<\/a>, die Milberg h\u00f6chst pers\u00f6nlich f\u00fcr die Rolle ausgesucht haben soll, erg\u00e4nzt sich auf eine wundersame Art mit ihm.<\/p>\n<p><img src=\"https:\/\/www.willizblog.de\/images\/borowski_frieda_jung.jpg\" alt=\"Klaus Borowski (Axel Milberg) und Frieda Jung (Maren Eggert)\" title=\"Klaus Borowski (Axel Milberg) und Frieda Jung (Maren Eggert)\" \/><br \/>\nKlaus Borowski (Axel Milberg) und Frieda Jung (<a href=\"https:\/\/de.wikipedia.org\/wiki\/Maren_Eggert\" title=\"Maren Eggert\" target=\"_blank\">Maren Eggert<\/a>)<\/p>\n<p>Klaus Borowski hat so seine Probleme mit Frauen (mit Sicherheit sp\u00e4ter einmal noch etwas mehr dazu). Er ist geschieden und hat eine Tochter, die in den ersten Folgen mit ihm \u00f6fter zu sehen war. Gleich in seinem ersten Fall (Tatort Nr. 549) <a href=\"https:\/\/de.wikipedia.org\/wiki\/Tatort:_V%C3%A4ter\" title=\"Tatort: V\u00e4ter\" target=\"_blank\">V\u00e4ter<\/a> aus dem Jahr 2003 hat Borowski \u00c4rger mit seinen Vorgesetzten, weil er eine anerkannte Lokalgr\u00f6\u00dfe in der Rotlichtszene nackt auf dem Dach eines Bordells angekettet hat. Er entgeht gerade noch einer Suspendierung, muss daf\u00fcr aber ein Gespr\u00e4ch mit der Betriebspsychologin Frieda Jung f\u00fchren. Mit Frieda Jung entwickelt sich so \u00fcber viele Folgen eine Hassliebe, die in der Tatort-Episode 741 <a href=\"https:\/\/de.wikipedia.org\/wiki\/Tatort:_Borowski_und_die_Sterne\" title=\"Tatort: Borowski und die Sterne\" target=\"_blank\">Borowski und die Sterne<\/a> (2009) sogar in einer gemeinsamen \u00dcbernachtung in einem Hotelzimmer (mit allem Drum und Dran?) endet. Diese krisenreiche Beziehung endet dann tats\u00e4chlich in Folge 761 <a href=\"https:\/\/de.wikipedia.org\/wiki\/Tatort:_Tango_f%C3%BCr_Borowski\" title=\"Tatort: Tango f\u00fcr Borowski\" target=\"_blank\">Tango f\u00fcr Borowski<\/a> (2010) in Finnland. Es stellt sich die Frage, was aus den beiden werden soll. Darauf sagt Frieda Jung, dass sie beide doch heiraten k\u00f6nnten. Borowski antwortet sinngem\u00e4\u00df mit der Frage: Aber wen denn? Am n\u00e4chsten Morgen ist Frieda Jung f\u00fcr immer verschwunden. Ach, Borowski, diesen dummen Spruch verzeiht keine Frau. In Folge 873 <a href=\"https:\/\/de.wikipedia.org\/wiki\/Tatort:_Borowski_und_der_brennende_Mann\" title=\"Tatort: Borowski und der brennende Mann\" target=\"_blank\">Borowski und der brennende Mann<\/a> gibt es ein typisch Borowski\u2018sches Missverst\u00e4ndnis mit der d\u00e4nischen Kollegin, Kommissarin Einigsen. Und in Folge 892 <a href=\"https:\/\/de.wikipedia.org\/wiki\/Tatort:_Borowski_und_der_Engel\" title=\"Borowski und der Engel\" target=\"_blank\">Borowski und der Engel<\/a> (2013) scheint es gar, als habe sich unser Kieler Ermittler in eine Tatverd\u00e4chtige verliebt. Zu seiner jungen Kollegin Sarah Brandt hat Borowski ein eher v\u00e4terliches Verh\u00e4ltnis. Man kommt halt in die Jahre.<\/p>\n<p><img src=\"https:\/\/www.willizblog.de\/images\/borowski_sarah_brandt.jpg\" alt=\"Klaus Borowski (Axel Milberg) und Sarah Brandt (Sibel Kekilli)\" title=\"Klaus Borowski (Axel Milberg) und Sarah Brandt (Sibel Kekilli)\" \/><br \/>\nKlaus Borowski (Axel Milberg) und Sarah Brandt (Sibel Kekilli)<\/p>\n<p>Auch wenn es nicht gro\u00df gefeiert wurde, aber Borowskis neuester Fall, der am vergangenen Sonntag ausgestrahlt wurde, war sein inzwischen 25. <strong>Gl\u00fcckwunsch!<\/strong><\/p>\n<p><em>In einem Kieler Arbeiterbezirk wird der 60-j\u00e4hrige Alkoholiker Onno Steinhaus erschlagen aufgefunden. Steinhaus war wegen P\u00e4dophilie vorbestraft und lebte, wie Borowski und Brandt schnell herausfinden, v\u00f6llig isoliert. Ausgerechnet eine Gruppe Kinder jedoch schien bei dem Toten ein- und ausgegangen zu sein. Anscheinend haben sie das Begehren des Toten ausgenutzt, aber \u2013 wie sie zumindest behaupten &#8211; dessen W\u00fcnschen nie entsprochen. Der f\u00fcr den Bezirk zust\u00e4ndige Polizist Thorsten Rausch scheint angesichts der sozialen Verwahrlosung seines Viertels kapituliert zu haben.<\/em><\/p>\n<p><em>Sarah Brandts Ermittlungen bringen ein Video zu Tage, dass einen Jungen \u2013 Timo Scholz \u2013 in einer verf\u00e4nglichen Situation mit Onno Steinhaus zeigt. Timo bestreitet, missbraucht worden zu sein. Borowski muss beobachten, dass Sarah Brandt auff\u00e4llig h\u00e4ufig die N\u00e4he zu dem Polizeikollegen Rausch sucht &#8230;<\/em> (Quelle: <a href=\"http:\/\/www.tatort-fundus.de\/web\/folgen\/chrono\/ab-2010\/2015\/941-borowski-und-die-kinder-von-gaarden.html\" title=\"tatort-fundus.de\" target=\"_blank\">tatort-fundus.de<\/a>)<\/p>\n<p>Ohne Zweifel war dieser Fall, der im Kieler Problemstadtteil <a href=\"de.wikipedia.org\/wiki\/Gaarden\" title=\"Kiel-Gaarden\" target=\"_blank\">Gaarden<\/a> spielt, nicht der beste der jetzt also bereits 25 Tatortfolgen mit Borowski aus Kiel (\u00fcbrigens gab es bereits 2002 eine Borowski-Folge in der damals neu aufgelegten TV-Serie <a href=\"https:\/\/de.wikipedia.org\/wiki\/Stahlnetz\" title=\"TV-Reihe Stahlnetz\" target=\"_blank\">Stahlnetz<\/a> mit dem Titel <a href=\"http:\/\/www.fernsehserien.de\/stahlnetz-1999\/folgen\/psi-98087\" title=\"Stahlnetz: PSI\" target=\"_blank\">PSI<\/a>, in der ein fast unglaublicher Entf\u00fchrungsfall gel\u00f6st wird \u2013 und der damals noch in Hannover spielte). Das oft sehr hohe Niveau der Kieler F\u00e4lle (z.B. in <a href=\"https:\/\/willizblog.de\/?p=8043\" title=\"Tatort auf Tatort ... Borowski und der Engel\" target=\"_blank\">Borowski und der Engel<\/a>) l\u00e4sst sich nicht auf ewig durchhalten. Und doch ist der Fall nicht nur sehenswert, sondern auch von seiner Konstellation her \u00e4u\u00dferst interessant, ist es ein Krimi aus dem Geiste eines realistischen Sozialdramas. Allerdings ist diese soziale Enge offensichtlich nicht der Raum, <em>\u201ein dem einer wie Borowski zur ganz gro\u00dfen Form aufl\u00e4uft. Dieser Kommissar, der undenkbar ist ohne seinen Darsteller Axel Milberg, bleibt einer f\u00fcr das Weite im weitesten Sinne: f\u00fcr die Freiheit der Gedanken, f\u00fcr (kranke) Phantasien, f\u00fcr merkw\u00fcrdige Interaktionen, f\u00fcr (nordische) Landschaft. Unrecht, Ignoranz oder Dummheit k\u00f6nnen Borowski ungeheuer w\u00fctend machen, aber Moral &#038; Betroffenheit stehen anderen Kommissaren besser.\u201c<\/em> (Quelle: <a href=\"http:\/\/www.tittelbach.tv\/programm\/reihe\/artikel-3595.html\" title=\"tittelbach.tv\" target=\"_blank\">tittelbach.tv<\/a>)<\/p>\n<p>So bekommt Borowski <em>\u201ezu sp\u00fcren, dass seine Beamtenautorit\u00e4t hier nichts z\u00e4hlt; schon gar nicht im Umgang mit strafunm\u00fcndigen Kindern.\u201c<\/em> Borowski hat also auch ein Problem mit Kindern. Erstaunlich dann aber doch, wie er in diesem Fall das Problem l\u00f6st: Er l\u00e4sst sich mit den Kindern in einen mit Drahtverhau vergitterten Sportplatz einsperren, zeigt Geduld und kommt so am Ende doch zu den Antworten auf seine Fragen. Und auch mit dem jugendlichen Timo Scholz, von dem alle glauben, dass er der T\u00e4ter ist, kommt der Kommissar \u00fcberraschend klar, \u201eist er vor allem einer, der sich Gedanken macht: \u201aDu kannst entweder alles falsch oder ganz falsch machen; richtig gibt\u2019s hier nicht.\u2018 Dieser \u201akleine Philosoph\u2018 imponiert Borowski. Kann so einer ein M\u00f6rder sein?!\u201c Am Ende h\u00e4lt er sogar ein Kind im Arm. Nur gegen\u00fcber seiner Kollegin Sarah Brandt geht er auf leichte Distanz, als auch sie sich an seine Schulter anlehnt: <em>\u201eIch ruf Ihnen jetzt ein Taxi und dann schlafen Sie Ihren Rauschi aus.&#8220;<\/em><\/p>\n<p>Ja, ich liebe diesen Borowski!<\/p>\n<p><iframe loading=\"lazy\" width=\"560\" height=\"315\" src=\"https:\/\/www.youtube.com\/embed\/_kKZ-L-Ffik\" frameborder=\"0\" allowfullscreen><\/iframe><br \/>\nTatort (941) aus Kiel: Borowski und die Kinder von Gaarden<\/p>\n","protected":false},"excerpt":{"rendered":"<p>Ich mag Borowski, den Kieler Kriminalhauptkommissar der ARD-Tatort-Reihe. Ich mag seine nordische Brummigkeit, seine Distanz und Sturheit. Sein \u201eIch h\u00f6re \u2026\u201c, wenn er sich am Telefon meldet, erweitert er jetzt schon auf den Tatort, wenn er seine Kollegin Sarah Brandt nach dem Stand der ersten Ermittlungen fragt und die ihm in ihrer akribischen Art bis &hellip; <a href=\"https:\/\/willizblog.de\/?p=9106\" class=\"more-link\"><span class=\"screen-reader-text\">Tatort (941) aus Kiel: Borowski und die Kinder von Gaarden (2015)<\/span> weiterlesen <span class=\"meta-nav\">&rarr;<\/span><\/a><\/p>\n","protected":false},"author":1,"featured_media":0,"comment_status":"open","ping_status":"open","sticky":false,"template":"","format":"standard","meta":[],"categories":[441],"tags":[],"_links":{"self":[{"href":"https:\/\/willizblog.de\/index.php?rest_route=\/wp\/v2\/posts\/9106"}],"collection":[{"href":"https:\/\/willizblog.de\/index.php?rest_route=\/wp\/v2\/posts"}],"about":[{"href":"https:\/\/willizblog.de\/index.php?rest_route=\/wp\/v2\/types\/post"}],"author":[{"embeddable":true,"href":"https:\/\/willizblog.de\/index.php?rest_route=\/wp\/v2\/users\/1"}],"replies":[{"embeddable":true,"href":"https:\/\/willizblog.de\/index.php?rest_route=%2Fwp%2Fv2%2Fcomments&post=9106"}],"version-history":[{"count":0,"href":"https:\/\/willizblog.de\/index.php?rest_route=\/wp\/v2\/posts\/9106\/revisions"}],"wp:attachment":[{"href":"https:\/\/willizblog.de\/index.php?rest_route=%2Fwp%2Fv2%2Fmedia&parent=9106"}],"wp:term":[{"taxonomy":"category","embeddable":true,"href":"https:\/\/willizblog.de\/index.php?rest_route=%2Fwp%2Fv2%2Fcategories&post=9106"},{"taxonomy":"post_tag","embeddable":true,"href":"https:\/\/willizblog.de\/index.php?rest_route=%2Fwp%2Fv2%2Ftags&post=9106"}],"curies":[{"name":"wp","href":"https:\/\/api.w.org\/{rel}","templated":true}]}}