{"id":9108,"date":"2015-04-01T14:33:42","date_gmt":"2015-04-01T14:33:42","guid":{"rendered":"http:\/\/willizblog.de\/?p=9108"},"modified":"2015-04-01T14:33:42","modified_gmt":"2015-04-01T14:33:42","slug":"april-april-und-orkantief-niklas","status":"publish","type":"post","link":"https:\/\/willizblog.de\/?p=9108","title":{"rendered":"April, April &#8230; und Orkantief Niklas"},"content":{"rendered":"<p><em>April, April &#8211; der macht, was er will &#8230;<\/em> Den Spruch kennt jedes Kind. Man meint das wetterm\u00e4\u00dfig. Und gleichsam aprilwetterm\u00e4\u00dfig hat sich der M\u00e4rz verabschiedet. Als Kr\u00f6nung dann zwei Tiefs, die nicht nur B\u00e4ume zum Umst\u00fcrzen (und damit fast zwangsl\u00e4ufig Z\u00fcge zum Stillstand) brachten, sondern auch in Deutschland mehrere Tote forderten, von den Milliardensch\u00e4den ganz zu schweigen. Besonders gruselig Orkantief Niklas gestern am letzten M\u00e4rztag, da h\u00e4tte man gleich zu Hause bleiben sollen, wenn man h\u00e4tte bleiben k\u00f6nnen &#8230;<\/p>\n<p><img src=\"https:\/\/www.willizblog.de\/images\/orkantief_niklas_2015.jpg\" alt=\"Orkantief Niklas \u00fcber Deutschland (31.03.2015) - Quelle: DWD Deutscher Wetterdienst\" title=\"Orkantief Niklas \u00fcber Deutschland (31.03.2015) - Quelle: DWD Deutscher Wetterdienst\" \/><\/p>\n<p>Gestern habe ich bereits um 12 Uhr 30 die Koffer auf der Arbeit gepackt und bin dann auch gut mit meinem Zug nach Hause gekommen. Es st\u00fcrmte zwar schon kr\u00e4ftig, aber der gro\u00dfe Orkan stellte sich bei uns hier in Norddeutschland erst sp\u00e4ter ein: Die Z\u00fcge durften so ab 15 Uhr nur noch mit Tempo 80 km\/h fahren. Kurz nach 17 Uhr war die Strecke Bremen-Hamburg gesperrt (noch um 19 Uhr war kein <a href=\"https:\/\/www.willizblog.de\/?p=602\" title=\"Schienenersatzverkehr\" target=\"_blank\">&#8218;Schienenersatzverkehr&#8216;<\/a> durch Busse eingerichtet; w\u00e4re ja auch zu sch\u00f6n &#8230; bei der <a href=\"http:\/\/www.der-metronom.de\/\" title=\"Metronom Eisenbahngesellschaft\" target=\"_blank\">Metronom Eisenbahngesellschaft<\/a> ist es irgendwie nicht angekommen, dass ein Orkantief nach dem anderen \u00fcber Niedersachsen fegen wird). <\/p>\n<p>Froh bin ich so, ab heute meinen Osterurlaub zu haben. Da lassen mich Graupelschauern und Gewitter v\u00f6llig &#8218;kalt&#8216;. Man ist dann fast erstaunt, wenn pl\u00f6tzlich die Sonne hervorkommt. Aber so ist das Wetter nun einmal im April. Immerhin ist Orkantief Niklas weitergezogen und sp\u00e4testens ab Karfreitag soll sich das Wetter beruhigt haben, auch wenn&#8217;s durch kalte Polarluft eher frisch werden soll.<\/p>\n<p><em>April, April &#8211; der macht halt, was er will &#8230;<\/em><\/p>\n","protected":false},"excerpt":{"rendered":"<p>April, April &#8211; der macht, was er will &#8230; Den Spruch kennt jedes Kind. Man meint das wetterm\u00e4\u00dfig. Und gleichsam aprilwetterm\u00e4\u00dfig hat sich der M\u00e4rz verabschiedet. Als Kr\u00f6nung dann zwei Tiefs, die nicht nur B\u00e4ume zum Umst\u00fcrzen (und damit fast zwangsl\u00e4ufig Z\u00fcge zum Stillstand) brachten, sondern auch in Deutschland mehrere Tote forderten, von den Milliardensch\u00e4den &hellip; <a href=\"https:\/\/willizblog.de\/?p=9108\" class=\"more-link\"><span class=\"screen-reader-text\">April, April &#8230; und Orkantief Niklas<\/span> weiterlesen <span class=\"meta-nav\">&rarr;<\/span><\/a><\/p>\n","protected":false},"author":1,"featured_media":0,"comment_status":"open","ping_status":"open","sticky":false,"template":"","format":"standard","meta":[],"categories":[22,16],"tags":[],"_links":{"self":[{"href":"https:\/\/willizblog.de\/index.php?rest_route=\/wp\/v2\/posts\/9108"}],"collection":[{"href":"https:\/\/willizblog.de\/index.php?rest_route=\/wp\/v2\/posts"}],"about":[{"href":"https:\/\/willizblog.de\/index.php?rest_route=\/wp\/v2\/types\/post"}],"author":[{"embeddable":true,"href":"https:\/\/willizblog.de\/index.php?rest_route=\/wp\/v2\/users\/1"}],"replies":[{"embeddable":true,"href":"https:\/\/willizblog.de\/index.php?rest_route=%2Fwp%2Fv2%2Fcomments&post=9108"}],"version-history":[{"count":0,"href":"https:\/\/willizblog.de\/index.php?rest_route=\/wp\/v2\/posts\/9108\/revisions"}],"wp:attachment":[{"href":"https:\/\/willizblog.de\/index.php?rest_route=%2Fwp%2Fv2%2Fmedia&parent=9108"}],"wp:term":[{"taxonomy":"category","embeddable":true,"href":"https:\/\/willizblog.de\/index.php?rest_route=%2Fwp%2Fv2%2Fcategories&post=9108"},{"taxonomy":"post_tag","embeddable":true,"href":"https:\/\/willizblog.de\/index.php?rest_route=%2Fwp%2Fv2%2Ftags&post=9108"}],"curies":[{"name":"wp","href":"https:\/\/api.w.org\/{rel}","templated":true}]}}