{"id":911,"date":"2007-07-17T05:01:25","date_gmt":"2007-07-17T03:01:25","guid":{"rendered":"http:\/\/www.albinz.de\/blog\/?p=911"},"modified":"2013-04-21T14:44:30","modified_gmt":"2013-04-21T13:44:30","slug":"fiedel-michel-trotz-alledem","status":"publish","type":"post","link":"https:\/\/willizblog.de\/?p=911","title":{"rendered":"Fiedel Michel: Trotz alledem"},"content":{"rendered":"<p>Schon \u00f6fter habe ich in Beitr\u00e4gen das Lied &#8218;A Man\u2019s A Man for A\u2019 That&#8216; erw\u00e4hnt, dessen Text in schottischer Mundart von Robert Burns verfasst wurde. Ich habe meine Plattensammlung weiter durchforscht und bin jetzt auf eine deutsche Version von der Gruppe <a href=\"http:\/\/www.fiedel-michel.de\/index.htm\" target=\"_blank\">&#8218;Fiedel Michel&#8216;<\/a> gesto\u00dfen: <a href=\"https:\/\/de.wikipedia.org\/wiki\/Trotz_alledem\" target=\"_blank\">Trotz alledem<\/a>.<\/p>\n<p>Der Text stammt von Ferdinand Freiligrath, das zur Melodie \u201eLady Macintosh\u2019s Reel\u201c gesungen wird.<\/p>\n<p>Das Lied entstand kurz nach der b\u00fcrgerlich-demokratischen Revolution von 1848. Als K\u00f6nig und Adel mit milit\u00e4rischen Mitteln versuchten ihre Macht wiederherzustellen, boten die Arbeiter dem B\u00fcrgertum die bewaffnete Verteidigung der Revolution an. Das B\u00fcrgertum suchte aber eine friedliche Verst\u00e4ndigung und musste bei den Verhandlungen (bis auf kleine Zugest\u00e4ndnisse) die Wiederherstellung der Macht des Adels zulassen:<\/p>\n<p>Das war \u00b4ne hei\u00dfe M\u00e4rzenzeit,<br \/>\nTrotz Regen, Schnee und alledem!<br \/>\nNun aber, da es Bl\u00fcten schneit,<br \/>\nNun ist es kalt, trotz alledem!<\/p>\n<p>Neben &#8218;Fiedel Michel&#8216; haben sich in den 1970er und 1980er Jahre verschiedene Liedermacher, darunter Wolf Biermann und Hannes Wader, dieses Liedes angenommen.<\/p>\n<p><object type=\"application\/x-shockwave-flash\" data=\"dewplayer-vol.swf?mp3=https:\/\/www.albinz.net\/models\/fiedel_michel_trotz_alledem.mp3\" width=\"240\" height=\"20\" id=\"dewplayer-vol\"><param name=\"wmode\" value=\"transparent\" \/><param name=\"movie\" value=\"dewplayer-vol.swf?mp3=https:\/\/www.albinz.net\/models\/fiedel_michel_trotz_alledem.mp3\" \/><\/object><br \/>\nFiedel Michel: Trotz alledem<\/p>\n<p>siehe meine Beitr\u00e4ge:<br \/>\n<a href=\"https:\/\/www.willizblog.de\/?p=415\" target=\"_blank\">Robert Burns: A Man\u2019s A Man for A\u2019 That<\/a><br \/>\n<a href=\"https:\/\/www.willizblog.de\/?p=763\" target=\"_blank\">Robert Burns: A Man\u2019s A Man for A\u2019 That \u2013 Teil 2<\/a><\/p>\n","protected":false},"excerpt":{"rendered":"<p>Schon \u00f6fter habe ich in Beitr\u00e4gen das Lied &#8218;A Man\u2019s A Man for A\u2019 That&#8216; erw\u00e4hnt, dessen Text in schottischer Mundart von Robert Burns verfasst wurde. Ich habe meine Plattensammlung weiter durchforscht und bin jetzt auf eine deutsche Version von der Gruppe &#8218;Fiedel Michel&#8216; gesto\u00dfen: Trotz alledem. Der Text stammt von Ferdinand Freiligrath, das zur &hellip; <a href=\"https:\/\/willizblog.de\/?p=911\" class=\"more-link\"><span class=\"screen-reader-text\">Fiedel Michel: Trotz alledem<\/span> weiterlesen <span class=\"meta-nav\">&rarr;<\/span><\/a><\/p>\n","protected":false},"author":1,"featured_media":0,"comment_status":"open","ping_status":"closed","sticky":false,"template":"","format":"standard","meta":[],"categories":[5],"tags":[],"_links":{"self":[{"href":"https:\/\/willizblog.de\/index.php?rest_route=\/wp\/v2\/posts\/911"}],"collection":[{"href":"https:\/\/willizblog.de\/index.php?rest_route=\/wp\/v2\/posts"}],"about":[{"href":"https:\/\/willizblog.de\/index.php?rest_route=\/wp\/v2\/types\/post"}],"author":[{"embeddable":true,"href":"https:\/\/willizblog.de\/index.php?rest_route=\/wp\/v2\/users\/1"}],"replies":[{"embeddable":true,"href":"https:\/\/willizblog.de\/index.php?rest_route=%2Fwp%2Fv2%2Fcomments&post=911"}],"version-history":[{"count":0,"href":"https:\/\/willizblog.de\/index.php?rest_route=\/wp\/v2\/posts\/911\/revisions"}],"wp:attachment":[{"href":"https:\/\/willizblog.de\/index.php?rest_route=%2Fwp%2Fv2%2Fmedia&parent=911"}],"wp:term":[{"taxonomy":"category","embeddable":true,"href":"https:\/\/willizblog.de\/index.php?rest_route=%2Fwp%2Fv2%2Fcategories&post=911"},{"taxonomy":"post_tag","embeddable":true,"href":"https:\/\/willizblog.de\/index.php?rest_route=%2Fwp%2Fv2%2Ftags&post=911"}],"curies":[{"name":"wp","href":"https:\/\/api.w.org\/{rel}","templated":true}]}}