{"id":9114,"date":"2015-04-14T05:35:19","date_gmt":"2015-04-14T05:35:19","guid":{"rendered":"http:\/\/willizblog.de\/?p=9114"},"modified":"2015-04-14T05:35:19","modified_gmt":"2015-04-14T05:35:19","slug":"der-blechtrommler-schweigt","status":"publish","type":"post","link":"https:\/\/willizblog.de\/?p=9114","title":{"rendered":"Der \u2018Blechtrommler\u2019 schweigt"},"content":{"rendered":"<p>Am Montag starb <a href=\"https:\/\/willizblog.de\/?s=g%C3%BCnter+grass\" title=\"G\u00fcnter Grass in WilliZ Blog\" target=\"_blank\">G\u00fcnter Grass<\/a> im Alter von 87 Jahren in einem L\u00fcbecker Krankenhaus an einer Lungenentz\u00fcndung Mit dem Roman <a href=\"https:\/\/willizblog.de\/?p=6980\" title=\"G\u00fcnter Grass: Die Blechtrommel (Roman)\" target=\"_blank\">\u201eBlechtrommel\u201c<\/a>, 1959 erschienen und <a href=\"https:\/\/willizblog.de\/?p=6988\" title=\"Die Blechtrommel - der Film\" target=\"_blank\">1980 verfilmt<\/a>, schreib er einen der wichtigsten Romane der deutschen Nachkriegsliteratur und avancierte mit seinem Gesamtwerk zum international bekanntesten deutschen Gegenwartsautor. 1999 erhielt er den Literaturnobelpreis. Der unbequeme Nationaldichter hielt dar\u00fcber hinaus politischen Einspruch f\u00fcr eine historische Pflicht &#8211; und erregte Ansto\u00df.<\/p>\n<p>Mit seinem Gedicht <a href=\"https:\/\/de.wikipedia.org\/wiki\/Was_gesagt_werden_muss\" title=\"G\u00fcnter Grass: Was gesagt werden muss\" target=\"_blank\">&#8222;Was gesagt werden muss&#8220;<\/a> \u00e4u\u00dferte sich Grass kritisch gegen\u00fcber dem Staat Israel. Ein Antisemit, wie ihm auch vorgeworfen wurde, war er nicht.<\/p>\n<p><em>Am 16. Oktober 1927 kommt &#8222;Ginterchen&#8220; in Danzig-Langfuhr zur Welt. Die Eltern, ein deutscher Protestant und eine kaschubische Katholikin, besitzen einen Kolonialwarenladen, viele Kunden lassen anschreiben. Die Wohnung ist klein, G\u00fcnter und seine Schwester Waltraud haben unter dem Fensterbrett eine eigene Ecke. Kein Bad, das Klo auf dem Flur. Katholisch w\u00e4chst Grass auf, ist Messdiener. &#8222;Eine Kindheit zwischen Heiligem Geist und Hitler&#8220;, schreibt Michael J\u00fcrgs in seiner Grass-Biografie. Verwundet \u00fcberlebt Grass mit 17 den Krieg, nach grauenhaften Erlebnissen.<\/em><\/p>\n<p><em>Dass er die letzten Monate bei der Waffen-SS war, berichtet Grass erstmals 2006 in dem autobiografischen Meisterwerk <a href=\"https:\/\/willizblog.de\/?p=580\" title=\"G\u00fcnter Grass: Beim H\u00e4uten der Zwiebel\" target=\"_blank\">&#8222;Beim H\u00e4uten der Zwiebel&#8220;<\/a> &#8211; nach mehr als 60 Jahren. Scham, ein nie zu tilgender Makel, ein Kainsmal, so Grass. Kaum einer h\u00e4lt die NS-Verf\u00fchrung des Jugendlichen f\u00fcr ein Problem, wohl aber wird ihm das lange Schweigen dar\u00fcber angekreidet. (Quelle: <a href=\"http:\/\/www.heute.de\/literaturnobelpreistraeger-und-blechtrommel-autor-guenter-grass-ist-gestorben-37993620.html\" title=\"heute.de\" target=\"_blank\">heute.de<\/a>)<\/em><\/p>\n","protected":false},"excerpt":{"rendered":"<p>Am Montag starb G\u00fcnter Grass im Alter von 87 Jahren in einem L\u00fcbecker Krankenhaus an einer Lungenentz\u00fcndung Mit dem Roman \u201eBlechtrommel\u201c, 1959 erschienen und 1980 verfilmt, schreib er einen der wichtigsten Romane der deutschen Nachkriegsliteratur und avancierte mit seinem Gesamtwerk zum international bekanntesten deutschen Gegenwartsautor. 1999 erhielt er den Literaturnobelpreis. Der unbequeme Nationaldichter hielt dar\u00fcber &hellip; <a href=\"https:\/\/willizblog.de\/?p=9114\" class=\"more-link\"><span class=\"screen-reader-text\">Der \u2018Blechtrommler\u2019 schweigt<\/span> weiterlesen <span class=\"meta-nav\">&rarr;<\/span><\/a><\/p>\n","protected":false},"author":1,"featured_media":0,"comment_status":"open","ping_status":"open","sticky":false,"template":"","format":"standard","meta":[],"categories":[3],"tags":[],"_links":{"self":[{"href":"https:\/\/willizblog.de\/index.php?rest_route=\/wp\/v2\/posts\/9114"}],"collection":[{"href":"https:\/\/willizblog.de\/index.php?rest_route=\/wp\/v2\/posts"}],"about":[{"href":"https:\/\/willizblog.de\/index.php?rest_route=\/wp\/v2\/types\/post"}],"author":[{"embeddable":true,"href":"https:\/\/willizblog.de\/index.php?rest_route=\/wp\/v2\/users\/1"}],"replies":[{"embeddable":true,"href":"https:\/\/willizblog.de\/index.php?rest_route=%2Fwp%2Fv2%2Fcomments&post=9114"}],"version-history":[{"count":0,"href":"https:\/\/willizblog.de\/index.php?rest_route=\/wp\/v2\/posts\/9114\/revisions"}],"wp:attachment":[{"href":"https:\/\/willizblog.de\/index.php?rest_route=%2Fwp%2Fv2%2Fmedia&parent=9114"}],"wp:term":[{"taxonomy":"category","embeddable":true,"href":"https:\/\/willizblog.de\/index.php?rest_route=%2Fwp%2Fv2%2Fcategories&post=9114"},{"taxonomy":"post_tag","embeddable":true,"href":"https:\/\/willizblog.de\/index.php?rest_route=%2Fwp%2Fv2%2Ftags&post=9114"}],"curies":[{"name":"wp","href":"https:\/\/api.w.org\/{rel}","templated":true}]}}