{"id":9116,"date":"2015-04-15T09:20:31","date_gmt":"2015-04-15T09:20:31","guid":{"rendered":"http:\/\/willizblog.de\/?p=9116"},"modified":"2015-04-15T09:27:19","modified_gmt":"2015-04-15T09:27:19","slug":"tatort-943-aus-nuernberg-der-himmel-ist-ein-platz-auf-erden-2015","status":"publish","type":"post","link":"https:\/\/willizblog.de\/?p=9116","title":{"rendered":"Tatort (943) aus N\u00fcrnberg: Der Himmel ist ein Platz auf Erden (2015)"},"content":{"rendered":"<p>Die neuen Tatort-Ermittler aus der ARD-Krimireihe geben sich in diesen Wochen die Klinke in die Hand. Nach <a href=\"https:\/\/www.willizblog.de\/?p=9103\" title=\"Tatort aus Berlin\" target=\"_blank\">den Neuen aus Berlin<\/a>, die mich eher entt\u00e4uschten, sind es nun <a href=\"https:\/\/de.wikipedia.org\/wiki\/Franken-Tatort\" title=\"Tatort aus Franken\" target=\"_blank\">die Kriminalhauptkommissare Felix Voss und Paula Ringelhahn<\/a> aus N\u00fcrnberg, die Unterst\u00fctzung durch die Kommissare Wanda Goldwasser und Sebastian Fleischer erhalten. Felix Voss wird von <a href=\"https:\/\/de.wikipedia.org\/wiki\/Fabian_Hinrichs\" title=\"Fabian Hinrichs\" target=\"_blank\">Fabian Hinrichs<\/a> gespielt und ist den Tatort-Freunden kein Unbekannter. Erst 2012 war er in dem Tatort (856) aus M\u00fcnchen: <a href=\"https:\/\/de.wikipedia.org\/wiki\/Tatort:_Der_tiefe_Schlaf\" title=\"Tatort aus M\u00fcnchen: Der tiefe Schlaf\" target=\"_blank\">Der tiefe Schlaf<\/a> als neuer Assistent Gisbert Engelhardt zu sehen gewesen, der die Hauptkommissare Batic und Leitmayr geh\u00f6rig nervte \u2013 und am Schluss selbst Opfer eines Mordes wurde.<\/p>\n<p>F\u00fcr diese Rolle erhielt Fabian Hinrichs sehr viel Aufmerksamkeit in den Medien und sozialen Netzwerken. Sicherlich ein Grund, warum wir ihn jetzt im zweiten (nach dem M\u00fcnchener) Tatort-Team des Bayerischen Fernsehens sehen. Aber es gab noch weitere Tatort-Auftritte von Hinrichs, u.a. in dem Tatort (732) aus Kiel (2009): <a href=\"https:\/\/de.wikipedia.org\/wiki\/Tatort:_Borowski_und_die_heile_Welt\" title=\"Tatort aus Kiel: Borowski und die heile Welt\" target=\"_blank\">Borowski und die heile Welt<\/a> als gewaltbereiten Vater Thies Nowak (werde ich mir in den n\u00e4chsten Tagen wohl noch einmal angucken \u2013 ich wei\u00df nur noch, dass Hinrichs auch diese Rolle meisterlich bew\u00e4ltigte).<\/p>\n<ul><img src=\"http:\/\/www.fernsehlexikon.de\/wp-content\/Tatort_Vorspann.jpg\" alt=\"Tatort \u2013 TV-Reihe der ARD (seit 1970)\" title=\"Tatort \u2013 TV-Reihe der ARD (seit 1970)\" \/><\/ul>\n<p>Aber kommen wir auf das neue Ermittler-Team aus N\u00fcrnberg zur\u00fcck, dessen erster Fall (Tatort-Folge 943) <a href=\"https:\/\/de.wikipedia.org\/wiki\/Tatort:_Der_Himmel_ist_ein_Platz_auf_Erden\" title=\"Tatort aus N\u00fcrnberg\/Franken: Der Himmel ist ein Platz auf Erden\" target=\"_blank\">Der Himmel ist ein Platz auf Erden<\/a> am letzten Sonntag gesendet wurde:<\/p>\n<p><em>Kriminalhauptkommissar Voss kommt zu seiner neuen Arbeitsstelle nach N\u00fcrnberg und lernt seine Kollegen am Tartort kennen. Der Professor der Erlanger Universit\u00e4t Christian Ranstedt wird in seinem Auto im Wald tot aufgefunden. Der verheiratete Vater zweier Kinder wurde mit Kopfsch\u00fcssen aus n\u00e4chster N\u00e4he geradezu hingerichtet. Offensichtlich hatte er Sex im Wagen; beide T\u00fcren stehen offen, der Fahrersitz mit dem toten Ranstedt ist weit zur\u00fcckgeschoben.<\/em><\/p>\n<p>(Video tgl. ab 20 Uhr) | <a href=\"http:\/\/www.daserste.de\/unterhaltung\/krimi\/tatort\/videos\/der-himmel-ist-ein-platz-auf-erden-video-tgl-ab-20-uhr-100.html\" title=\"Video in der ARD Mediathek\" target=\"_blank\">Video verf\u00fcgbar bis 19.04.2015<\/a><br \/>\nTatort (943) aus N\u00fcrnberg: Der Himmel ist ein Platz auf Erden <\/p>\n<p><em>\u201eF\u00e4rberb\u00f6ck [der Regisseur und Mitautor des Drehbuchs] wagt die Revolution im modernen Tatort: Er bringt Ermittler, die keinen an der Klatsche haben. Sie sind eher warm als innerlich erfroren, eher linkisch als cool. Und ber\u00fchrbar von dem, was passiert. [\u2026] Dieser Fall [\u2026] hat ein paar L\u00e4ngen, aber die Geschichte nimmt Fahrt auf, sie findet einen Sound, und tats\u00e4chlich alle Darsteller sind mit Liebe ausgesucht\u201c<\/em>, schreibt <a href=\"https:\/\/de.wikipedia.org\/wiki\/Holger_Gertz\" title=\"Holger Gertz\" target=\"_blank\">Holger Gertz<\/a> in der S\u00fcddeutschen Zeitung.<\/p>\n<p>Auch mein j\u00fcngster Sohn, inzwischen l\u00e4ngst Tatort-Spezialist, fand die neuen Tatort-Kommissare \u00e4u\u00dferst sympathisch. Dem schlie\u00dfe ich mich gern an. Dabei erinnert mich Felix Voss aka Fabian Hinrichs doch sehr an den <a href=\"https:\/\/www.willizblog.de\/?p=7177\" title=\"Tatort aus Saarbr\u00fccken mit KHK Jens Stellbrink\" target=\"_blank\">Saarbr\u00fccker Kommissar Jens Stellbrink<\/a> (gespielt von <a href=\"https:\/\/de.wikipedia.org\/wiki\/Devid_Striesow\" title=\"Devid Striesow\" target=\"_blank\">Devid Striesow<\/a>), nicht nur \u00e4u\u00dferlich. Und Paula Ringelhahn kommt der <a href=\"https:\/\/de.wikipedia.org\/wiki\/L%C3%BCrsen_und_Stedefreund#Inga_L.C3.BCrsen\" title=\"Inga L\u00fcrsen, KHK Bremen\" target=\"_blank\">Bremer Kommissarin Inga L\u00fcrsen<\/a> ziemlich nah, in ihrer Art, vom Aussehen und auch vom Alter her.<\/p>\n<p>\u00c4hnlich wie im letzten Berlin-Tatort so ist auch in dem ersten N\u00fcrnberger Fall die Stadt eine der Hauptfiguren des Films. Und es ist eine Frau, die geradezu unauff\u00e4llig ins Zentrum der Handlung r\u00fcckt, die Nachbarin des Mordopfers, gespielt von <a href=\"https:\/\/de.wikipedia.org\/wiki\/Ulrike_C._Tscharre\" title=\"Ulrike C. Tscharre\" target=\"_blank\">Ulrike C. Tscharre<\/a>, die ebenfalls schon in mehreren, fr\u00fcheren Tatort-Folgen zu sehen war. Diese weibliche Figur zeigt sich sowohl verletzlich wie verletzend und wird vom Regisseur einmal von nah, dann von fern in Szene gesetzt, ohne ihr letztes Geheimnis zu offenbaren. Sie ist der Schl\u00fcssel zur Aufl\u00f6sung des Falles.<\/p>\n<p>Trotz mancher L\u00e4ngen (die dann irgendwie sogar Sinn machten) gef\u00e4llt mir dieses neue Ermittlerteam. Und es entspricht besonders <a href=\"https:\/\/willizblog.de\/?p=8785\" title=\"die drei Tatort-Grundregeln\" target=\"_blank\">einem der drei Tatort-Grundregeln<\/a>, Kriminalf\u00e4lle regional anzusiedeln: N\u00fcrnberg und das fr\u00e4nkische Umland, sowohl Land wie Leute, stehen im Mittelpunkt. Ich habe gar nicht gewusst, dass Franken manchmal so schweigsam sind \u2026<\/p>\n","protected":false},"excerpt":{"rendered":"<p>Die neuen Tatort-Ermittler aus der ARD-Krimireihe geben sich in diesen Wochen die Klinke in die Hand. Nach den Neuen aus Berlin, die mich eher entt\u00e4uschten, sind es nun die Kriminalhauptkommissare Felix Voss und Paula Ringelhahn aus N\u00fcrnberg, die Unterst\u00fctzung durch die Kommissare Wanda Goldwasser und Sebastian Fleischer erhalten. Felix Voss wird von Fabian Hinrichs gespielt &hellip; <a href=\"https:\/\/willizblog.de\/?p=9116\" class=\"more-link\"><span class=\"screen-reader-text\">Tatort (943) aus N\u00fcrnberg: Der Himmel ist ein Platz auf Erden (2015)<\/span> weiterlesen <span class=\"meta-nav\">&rarr;<\/span><\/a><\/p>\n","protected":false},"author":1,"featured_media":0,"comment_status":"open","ping_status":"open","sticky":false,"template":"","format":"standard","meta":[],"categories":[441],"tags":[],"_links":{"self":[{"href":"https:\/\/willizblog.de\/index.php?rest_route=\/wp\/v2\/posts\/9116"}],"collection":[{"href":"https:\/\/willizblog.de\/index.php?rest_route=\/wp\/v2\/posts"}],"about":[{"href":"https:\/\/willizblog.de\/index.php?rest_route=\/wp\/v2\/types\/post"}],"author":[{"embeddable":true,"href":"https:\/\/willizblog.de\/index.php?rest_route=\/wp\/v2\/users\/1"}],"replies":[{"embeddable":true,"href":"https:\/\/willizblog.de\/index.php?rest_route=%2Fwp%2Fv2%2Fcomments&post=9116"}],"version-history":[{"count":0,"href":"https:\/\/willizblog.de\/index.php?rest_route=\/wp\/v2\/posts\/9116\/revisions"}],"wp:attachment":[{"href":"https:\/\/willizblog.de\/index.php?rest_route=%2Fwp%2Fv2%2Fmedia&parent=9116"}],"wp:term":[{"taxonomy":"category","embeddable":true,"href":"https:\/\/willizblog.de\/index.php?rest_route=%2Fwp%2Fv2%2Fcategories&post=9116"},{"taxonomy":"post_tag","embeddable":true,"href":"https:\/\/willizblog.de\/index.php?rest_route=%2Fwp%2Fv2%2Ftags&post=9116"}],"curies":[{"name":"wp","href":"https:\/\/api.w.org\/{rel}","templated":true}]}}