{"id":913,"date":"2007-07-19T00:03:40","date_gmt":"2007-07-18T22:03:40","guid":{"rendered":"http:\/\/www.albinz.de\/blog\/?p=913"},"modified":"2007-07-18T13:56:45","modified_gmt":"2007-07-18T11:56:45","slug":"meyers-konversationslexikon","status":"publish","type":"post","link":"https:\/\/willizblog.de\/?p=913","title":{"rendered":"Meyers Konversationslexikon"},"content":{"rendered":"<p>Ich geh\u00f6re zu den Menschen, die gern in alten B\u00fcchern st\u00f6bern. Besonders alte Lexika haben es mir angetan. Es ist \u00e4u\u00dferst interessant zu erfahren, wie die Menschen fr\u00fcher unsere Welt sahen. Und schnell erf\u00e4hrt man, dass Grenzen (L\u00e4ndergrenzen und die des geistigen Horizonts) nur begrenzt G\u00fcltigkeit haben.<\/p>\n<p>Eines der gr\u00f6\u00dften Nachschlagewerke, <a href=\"https:\/\/de.wikipedia.org\/wiki\/Meyers_Konversationslexikon\" target=\"_blank\">Meyers Konversationslexikon<\/a>, gibt es jetzt in einer digitalen Ausgabe im Internet. Diese Site macht <a href=\"http:\/\/susi.e-technik.uni-ulm.de:8080\/Meyers2\/index\/index.html\" target=\"_blank\">das Lexikon von 1888<\/a> mit seinen 19 B\u00e4nden und ca. 20.000 Seiten jetzt online verf\u00fcgbar. Dazu wurde das Lexikon St\u00fcck um St\u00fcck digitalisiert und via OCR in Text umgewandelt, welcher manuell korrigiert werden.<\/p>\n<p><img src=\"https:\/\/www.albinz.net\/models\/meyers_konversations_lexikon.jpg\" alt=\"Meyers Konversations-Lexikon.\" \/><\/p>\n<p>Zus\u00e4tzlich wird <a href=\"http:\/\/lexikon.meyers.de\/index.php\/Meyers-Meyers_Lexikon_online\" target=\"_blank\">Meyers Lexikon<\/a> als Taschenlexikon auch in einer aktuellen Version (10. Auflage) seit 2006 online ver\u00f6ffentlicht, alle Artikel sind kostenlos abrufbar.<\/p>\n","protected":false},"excerpt":{"rendered":"<p>Ich geh\u00f6re zu den Menschen, die gern in alten B\u00fcchern st\u00f6bern. Besonders alte Lexika haben es mir angetan. Es ist \u00e4u\u00dferst interessant zu erfahren, wie die Menschen fr\u00fcher unsere Welt sahen. Und schnell erf\u00e4hrt man, dass Grenzen (L\u00e4ndergrenzen und die des geistigen Horizonts) nur begrenzt G\u00fcltigkeit haben. Eines der gr\u00f6\u00dften Nachschlagewerke, Meyers Konversationslexikon, gibt es &hellip; <a href=\"https:\/\/willizblog.de\/?p=913\" class=\"more-link\"><span class=\"screen-reader-text\">Meyers Konversationslexikon<\/span> weiterlesen <span class=\"meta-nav\">&rarr;<\/span><\/a><\/p>\n","protected":false},"author":1,"featured_media":0,"comment_status":"open","ping_status":"closed","sticky":false,"template":"","format":"standard","meta":[],"categories":[3,20],"tags":[],"_links":{"self":[{"href":"https:\/\/willizblog.de\/index.php?rest_route=\/wp\/v2\/posts\/913"}],"collection":[{"href":"https:\/\/willizblog.de\/index.php?rest_route=\/wp\/v2\/posts"}],"about":[{"href":"https:\/\/willizblog.de\/index.php?rest_route=\/wp\/v2\/types\/post"}],"author":[{"embeddable":true,"href":"https:\/\/willizblog.de\/index.php?rest_route=\/wp\/v2\/users\/1"}],"replies":[{"embeddable":true,"href":"https:\/\/willizblog.de\/index.php?rest_route=%2Fwp%2Fv2%2Fcomments&post=913"}],"version-history":[{"count":0,"href":"https:\/\/willizblog.de\/index.php?rest_route=\/wp\/v2\/posts\/913\/revisions"}],"wp:attachment":[{"href":"https:\/\/willizblog.de\/index.php?rest_route=%2Fwp%2Fv2%2Fmedia&parent=913"}],"wp:term":[{"taxonomy":"category","embeddable":true,"href":"https:\/\/willizblog.de\/index.php?rest_route=%2Fwp%2Fv2%2Fcategories&post=913"},{"taxonomy":"post_tag","embeddable":true,"href":"https:\/\/willizblog.de\/index.php?rest_route=%2Fwp%2Fv2%2Ftags&post=913"}],"curies":[{"name":"wp","href":"https:\/\/api.w.org\/{rel}","templated":true}]}}