{"id":9142,"date":"2015-04-23T05:22:06","date_gmt":"2015-04-23T05:22:06","guid":{"rendered":"http:\/\/willizblog.de\/?p=9142"},"modified":"2015-04-23T05:22:06","modified_gmt":"2015-04-23T05:22:06","slug":"streik-und-bombenentschaerfung","status":"publish","type":"post","link":"https:\/\/willizblog.de\/?p=9142","title":{"rendered":"Streik und Bombenentsch\u00e4rfung"},"content":{"rendered":"<p>Bekanntlich kommt ein Ungl\u00fcck selten allein (Schlimmer geht immer!). <a href=\"https:\/\/www.willizblog.de\/?p=8797\" title=\"Die Maske des Grauens - Claus Weselsky\" target=\"_blank\">\u201aDie Fratze des Grauens\u2018<\/a>, Claus Weselsky, Bundesvorsitzender der GDL, hat wieder \u201azugeschlagen\u2018. Der siebte Lokf\u00fchrerstreik innerhalb weniger Monate betrifft wieder Millionen Pendler. Gestreikt wird noch bis heute Abend 21 Uhr. Und dabei geht\u2019s l\u00e4ngst nicht nur um Lohnerh\u00f6hungen, sondern darum, wer die Lokf\u00fchrer in Zukunft vertritt. Daf\u00fcr Millionen Arbeitnehmer b\u00fc\u00dfen zu lassen, ist schon ein starkes St\u00fcck.<\/p>\n<p>In Hamburg kam es dann gestern besonders dicke: Wegen einer <a href=\"https:\/\/www.ndr.de\/nachrichten\/hamburg\/Lange-Staus-wegen-Bombenentschaerfung,bombe1666.html\" title=\"Bombenentsch\u00e4rfung - Hamburg HafenCity\" target=\"_blank\">Bombenentsch\u00e4rfung<\/a> zur allerbesten Verkehrszeit mussten die Elbbr\u00fccken ab 15.30 Uhr f\u00fcr Bahn- und Stra\u00dfenverkehr gesperrt werden. Die US-amerikanische 500-Pfund-Sprengbombe wurde in einer Baugrube an der Zweibr\u00fcckenstra\u00dfe (HafenCity) entdeckt.<\/p>\n","protected":false},"excerpt":{"rendered":"<p>Bekanntlich kommt ein Ungl\u00fcck selten allein (Schlimmer geht immer!). \u201aDie Fratze des Grauens\u2018, Claus Weselsky, Bundesvorsitzender der GDL, hat wieder \u201azugeschlagen\u2018. Der siebte Lokf\u00fchrerstreik innerhalb weniger Monate betrifft wieder Millionen Pendler. Gestreikt wird noch bis heute Abend 21 Uhr. Und dabei geht\u2019s l\u00e4ngst nicht nur um Lohnerh\u00f6hungen, sondern darum, wer die Lokf\u00fchrer in Zukunft vertritt. &hellip; <a href=\"https:\/\/willizblog.de\/?p=9142\" class=\"more-link\"><span class=\"screen-reader-text\">Streik und Bombenentsch\u00e4rfung<\/span> weiterlesen <span class=\"meta-nav\">&rarr;<\/span><\/a><\/p>\n","protected":false},"author":1,"featured_media":0,"comment_status":"open","ping_status":"open","sticky":false,"template":"","format":"standard","meta":[],"categories":[22],"tags":[],"_links":{"self":[{"href":"https:\/\/willizblog.de\/index.php?rest_route=\/wp\/v2\/posts\/9142"}],"collection":[{"href":"https:\/\/willizblog.de\/index.php?rest_route=\/wp\/v2\/posts"}],"about":[{"href":"https:\/\/willizblog.de\/index.php?rest_route=\/wp\/v2\/types\/post"}],"author":[{"embeddable":true,"href":"https:\/\/willizblog.de\/index.php?rest_route=\/wp\/v2\/users\/1"}],"replies":[{"embeddable":true,"href":"https:\/\/willizblog.de\/index.php?rest_route=%2Fwp%2Fv2%2Fcomments&post=9142"}],"version-history":[{"count":0,"href":"https:\/\/willizblog.de\/index.php?rest_route=\/wp\/v2\/posts\/9142\/revisions"}],"wp:attachment":[{"href":"https:\/\/willizblog.de\/index.php?rest_route=%2Fwp%2Fv2%2Fmedia&parent=9142"}],"wp:term":[{"taxonomy":"category","embeddable":true,"href":"https:\/\/willizblog.de\/index.php?rest_route=%2Fwp%2Fv2%2Fcategories&post=9142"},{"taxonomy":"post_tag","embeddable":true,"href":"https:\/\/willizblog.de\/index.php?rest_route=%2Fwp%2Fv2%2Ftags&post=9142"}],"curies":[{"name":"wp","href":"https:\/\/api.w.org\/{rel}","templated":true}]}}