{"id":9144,"date":"2015-04-25T05:47:06","date_gmt":"2015-04-25T05:47:06","guid":{"rendered":"http:\/\/willizblog.de\/?p=9144"},"modified":"2015-04-24T09:03:50","modified_gmt":"2015-04-24T09:03:50","slug":"auf-gen-sueden","status":"publish","type":"post","link":"https:\/\/willizblog.de\/?p=9144","title":{"rendered":"Auf gen S\u00fcden, auf gen Sizilien \u2026"},"content":{"rendered":"<p>N\u00e4chste Woche geht es gen S\u00fcden, d.h. nach <a href=\"https:\/\/de.wikipedia.org\/wiki\/Sizilien\" title=\"Sizilien\" target=\"_blank\">Sizilien<\/a>. 12 Arbeitstage nach meinem Osterurlaub g\u00f6nne ich mir mit meiner Frau eine weitere Auszeit (irgendwie muss man ja die Tage bis zur Rente herumbekommen \ud83d\ude09 ). Meine Frau war schon etliche Male auf der gr\u00f6\u00dften Insel des Mittelmeeres. Und auch ich habe (wenn ich richtig gez\u00e4hlt habe) <a href=\"https:\/\/www.albinz.net\/sizilien.html\" title=\"Sizilien auf albinz.net\" target=\"_blank\">dreimal Sizilien besucht<\/a>: 1989 im September noch unverheiratet, 1992 im April mit dem \u00e4lteren unserer beiden S\u00f6hne und zuletzt im August 2000 mit beiden S\u00f6hnen (und nat\u00fcrlich immer auch mit meinem Ehegespons).<\/p>\n<p>Sizilien verbindet jeder mit der <a href=\"https:\/\/de.wikipedia.org\/wiki\/Mafia\" title=\"Mafia\" target=\"_blank\">Mafia<\/a> bzw. mit der <a href=\"https:\/\/de.wikipedia.org\/wiki\/Cosa_Nostra\" title=\"Cosa Nostra\" target=\"_blank\">Cosa Nostra<\/a> (italienisch f\u00fcr \u00abunsere Sache\u00bb), wie man die sizilianische Mafia nennt. Aber das ist ein Thema f\u00fcr sich. Neben den <a href=\"https:\/\/de.wikipedia.org\/wiki\/Vulkane_in_Island\" title=\"Vulkane auf Island\" target=\"_blank\">isl\u00e4ndischen Vulkanen<\/a> kennt wohl jeder den <a href=\"https:\/\/de.wikipedia.org\/wiki\/%C3%84tna\" title=\"\u00c4tna, Vulkan auf Sizilien\" target=\"_blank\">\u00c4tna<\/a>, der mit etwa 3323 Meter h\u00f6chste und aktivste Vulkan in Europa. Fliegt man z.B. <a href=\"https:\/\/de.wikipedia.org\/wiki\/Catania\" title=\"Catania\" target=\"_blank\">Catania<\/a> an, so kann man beim \u00dcberflug sehr sch\u00f6n in einige der vielen Nebenkrater des \u00c4tna hineinschauen.<\/p>\n<p><img loading=\"lazy\" border=\"0\" src=\"https:\/\/www.albinz.net\/images\/sizilien1.jpg\" alt=\"Vulkan \u00c4tna\/Sizilien\" title=\"Vulkan \u00c4tna\/Sizilien\" width=\"560\" height=\"385\"><\/p>\n<p>Aus heutiger, ganz aktueller Sicht r\u00fcckt der Fl\u00fcchtlingsstrom aus Afrika die Insel in den Mittelpunkt des Interesses. Ziemlich in der N\u00e4he unseres Zielortes liegt das <a href=\"http:\/\/siciliamigrants.blogspot.de\/search\/label\/CARA%20Mineo\" title=\"Auffanglager Mineo\/Sizilien\" target=\"_blank\">Auffanglager<\/a> von <a href=\"https:\/\/de.wikipedia.org\/wiki\/Mineo\" title=\"Mineo\/Sizilien\" target=\"_blank\">Mineo<\/a> im S\u00fcdosten Siziliens.<\/p>\n<p>Der Grund unserer Reise ist der Besuch von alten Bekannten in <a href=\"https:\/\/de.wikipedia.org\/wiki\/Comiso\" title=\"Comiso\/Sizilien\" target=\"_blank\">Comiso<\/a>. In der N\u00e4he des Ortes befindet sich ein <a href=\"https:\/\/de.wikipedia.org\/wiki\/Flughafen_Comiso\" title=\"Flughafen Comiso\" target=\"_blank\">Flughafen<\/a>, der seit 2013 f\u00fcr den zivilen Luftverkehr genutzt wird. Zuvor war dieser Flughafen St\u00fctzpunkt der US Air Force als <em>Comiso Air Base<\/em>. Im Rahmen des <em>NATO-Doppelbeschlusses<\/em> wurden dort <em>112 Marschflugk\u00f6rper (Cruise Missiles) mit atomaren Gefechtsk\u00f6pfen<\/em> stationiert. 1999 wurden auf dem St\u00fctzpunkt Fl\u00fcchtlinge aus dem Kosovo untergebracht.<\/p>\n<p>Beim <a href=\"https:\/\/de.wikipedia.org\/wiki\/Flughafen_Frankfurt-Hahn\" title=\"Flughafen Frankfurt-Hahn\" target=\"_blank\">Flughafen Frankfurt-Hahn<\/a>, von wo wir losfliegen, handelt es sich gleichfalls um einen fr\u00fcheren Milit\u00e4rflughafen, der ebenso von der der US-amerikanischen Luftwaffe genutzt wurde. Er liegt im Hunsr\u00fcck beim kleinen Ort <a href=\"https:\/\/de.wikipedia.org\/wiki\/Hahn_%28Hunsr%C3%BCck%29\" title=\"Hahn (Hunsr\u00fcck)\" target=\"_blank\">Hahn<\/a> und wird heute u.a. f\u00fcr den Frachtflugverkehr genutzt bzw. haupts\u00e4chlich durch die irische Billigfluggesellschaft Ryanair bedient.<\/p>\n<p>So m\u00fcssen wir zun\u00e4chst mit dem Zug nach Koblenz und von dort mit dem <a href=\"http:\/\/ma.rmv-bus.de\/Hahn\/busfahrplan.htm\" title=\"Busfahrplan Koblenz-Flughafen Hahn\/Hunsr\u00fcck\" target=\"_blank\">Bus zum Flughafen<\/a>. Wir hoffen nat\u00fcrlich, dass uns da der <a href=\"https:\/\/www.willizblog.de\/?p=9242\" title=\"Bahn-Streik der GDL (April 2015)\" target=\"_blank\">Streik der GDL<\/a> keinen Strich durch die Rechnung macht (bei der R\u00fcckreise w\u00e4re es nicht ganz so tragisch, aber schlimm genug). Warum diese umst\u00e4ndliche Anreise? Nat\u00fcrlich k\u00f6nnten wir z.B. auch von Hamburg fliegen. Das w\u00e4re aber erst einmal deutlich teurer und ginge dann z.B. nach Catania. Von dort m\u00fcssten wir dann ja auch erst einmal nach Comiso kommen. Gehupft wie gesprungen \u2026<\/p>\n<p>Nun denn, bis bald \u2026 Sicherlich auch mit einigem Video- und Bildmaterial im Handgep\u00e4ck.<\/p>\n","protected":false},"excerpt":{"rendered":"<p>N\u00e4chste Woche geht es gen S\u00fcden, d.h. nach Sizilien. 12 Arbeitstage nach meinem Osterurlaub g\u00f6nne ich mir mit meiner Frau eine weitere Auszeit (irgendwie muss man ja die Tage bis zur Rente herumbekommen \ud83d\ude09 ). Meine Frau war schon etliche Male auf der gr\u00f6\u00dften Insel des Mittelmeeres. Und auch ich habe (wenn ich richtig gez\u00e4hlt &hellip; <a href=\"https:\/\/willizblog.de\/?p=9144\" class=\"more-link\"><span class=\"screen-reader-text\">Auf gen S\u00fcden, auf gen Sizilien \u2026<\/span> weiterlesen <span class=\"meta-nav\">&rarr;<\/span><\/a><\/p>\n","protected":false},"author":1,"featured_media":0,"comment_status":"open","ping_status":"open","sticky":false,"template":"","format":"standard","meta":[],"categories":[10],"tags":[],"_links":{"self":[{"href":"https:\/\/willizblog.de\/index.php?rest_route=\/wp\/v2\/posts\/9144"}],"collection":[{"href":"https:\/\/willizblog.de\/index.php?rest_route=\/wp\/v2\/posts"}],"about":[{"href":"https:\/\/willizblog.de\/index.php?rest_route=\/wp\/v2\/types\/post"}],"author":[{"embeddable":true,"href":"https:\/\/willizblog.de\/index.php?rest_route=\/wp\/v2\/users\/1"}],"replies":[{"embeddable":true,"href":"https:\/\/willizblog.de\/index.php?rest_route=%2Fwp%2Fv2%2Fcomments&post=9144"}],"version-history":[{"count":0,"href":"https:\/\/willizblog.de\/index.php?rest_route=\/wp\/v2\/posts\/9144\/revisions"}],"wp:attachment":[{"href":"https:\/\/willizblog.de\/index.php?rest_route=%2Fwp%2Fv2%2Fmedia&parent=9144"}],"wp:term":[{"taxonomy":"category","embeddable":true,"href":"https:\/\/willizblog.de\/index.php?rest_route=%2Fwp%2Fv2%2Fcategories&post=9144"},{"taxonomy":"post_tag","embeddable":true,"href":"https:\/\/willizblog.de\/index.php?rest_route=%2Fwp%2Fv2%2Ftags&post=9144"}],"curies":[{"name":"wp","href":"https:\/\/api.w.org\/{rel}","templated":true}]}}