{"id":9158,"date":"2015-05-12T11:04:16","date_gmt":"2015-05-12T11:04:16","guid":{"rendered":"http:\/\/willizblog.de\/?p=9158"},"modified":"2015-05-12T17:14:55","modified_gmt":"2015-05-12T17:14:55","slug":"sizilien-2015-markt-in-vittoria-samstag-02-05-2015","status":"publish","type":"post","link":"https:\/\/willizblog.de\/?p=9158","title":{"rendered":"Sizilien 2015: Markt in Vittoria (Samstag, 02.05.2015)"},"content":{"rendered":"<p>Nun, von unserer <a href=\"https:\/\/www.willizblog.de\/?p=9144\" target=\"_blank\">Reise nach Sizilien<\/a> und dem Besuch bei alten Bekannten meiner Frau sind wir <a href=\"https:\/\/www.willizblog.de\/?p=9154\" target=\"_blank\">wohlbehalten heimgekehrt<\/a>. Vor vielen Jahren waren diese Bekannten als \u201aGastarbeiter\u2018 nach Deutschland gekommen. Und viele Jahre ist es nun auch schon wieder her, dass sie in ihre alte Heimat <a href=\"https:\/\/de.wikipedia.org\/wiki\/Comiso\" target=\"_blank\">Comiso<\/a> \u2013 jetzt mit drei Kindern \u2013 zur\u00fcckgekehrt sind. Meine Frau hat mit ihnen \u00fcber diese Jahre Kontakt gehalten. Anlass unserer Reise war ein \u201arunder\u2018 Geburtstag. So trafen wir als \u201a\u00dcberraschungsg\u00e4ste\u2018 (die l\u00e4ngst erwachsenen Kinder mit ihren eigenen Kindern wussten allein von unserem Kommen) am Abend des Geburtstages von Rita ein.<\/p>\n<p>An dieser Stelle danken wir f\u00fcr Eure liebevolle Gastfreundschaft. Wir wurden gewisserma\u00dfen \u201aherumgereicht\u2018, wurden mit Speis\u2018 und Trank bestens versorgt. Dank an <em>Rita<\/em> und <em>Salvatore<\/em>, an <em>Luciano<\/em>, dem \u00e4lteren der S\u00f6hne, und seiner Familie (<em>Amalia, Salvo<\/em> und <em>Gianni<\/em>) \u2013 an <em>Agnese<\/em>, der Tochter, ihrem Mann <em>Salvatore<\/em> und den Kindern <em>Carmelo<\/em> und <em>Alice<\/em> \u2013 sowie <em>Leonardo<\/em> mit Frau <em>Consuela<\/em> und Tochter <em>Beatrice<\/em> (Ich mag diese italienischen Namen: Agnese spricht sich etwa wie Anjese aus und Alice wie Alitsche bzw. Beatrice wie Beatritsche).<\/p>\n<p>Wir wurden nicht nur herumgereicht, sondern unternahmen auch einige Touren mit einzelnen von Euch. Nach der Fahrt nach <a href=\"https:\/\/de.wikipedia.org\/wiki\/Marina_di_Ragusa\" target=\"_blank\">Marina di Ragusa<\/a> ans Meer am 1. Mai (sp\u00e4ter dazu etwas mehr) besuchten wir den Wochenmarkt in <a href=\"https:\/\/de.wikipedia.org\/wiki\/Vittoria\" target=\"_blank\">Vittoria<\/a>, dem Nachbarort. Auch wenn es viele von uns nicht wissen, aber viele Produkte der Landwirtschaft (vor allem die kleinen Tomaten) finden bis auf unseren Tisch den Weg aus Vittoria zu uns. So wundert es keinen, wenn man das Angebot an Gem\u00fcse, aber auch an Fisch und K\u00e4se (z.B. der <a href=\"https:\/\/de.wikipedia.org\/wiki\/Ragusano\" target=\"_blank\">Ragusano<\/a> in Quaderform oder der birnenf\u00f6rmige <a href=\"https:\/\/de.wikipedia.org\/wiki\/Caciocavallo\" target=\"_blank\">Caciocavallo<\/a>), zu sehen bekommt. Gerade Bohnen (als <a href=\"https:\/\/de.wikipedia.org\/wiki\/Gartenbohne\" target=\"_blank\">gr\u00fcne<\/a> oder <a href=\"https:\/\/de.wikipedia.org\/wiki\/Ackerbohne\" target=\"_blank\">dicke Bohnen<\/a>) sind zz. im Angebot. Orangen gibt es zwar auch noch, aber die werden eigentlich im Winter geerntet. Daf\u00fcr gibt es Zitronen das ganze Jahr \u00fcber (an den Zitronenb\u00e4umen zeigen sich reife Fr\u00fcchte neben neuen Bl\u00fcten gleichzeitig). Die <a href=\"https:\/\/de.wikipedia.org\/wiki\/Sizilianische_K%C3%BCche\" target=\"_blank\">sizilianische K\u00fcche<\/a> gilt aus die \u00e4lteste und vielseitigste K\u00fcche Italiens. Die Zutaten bekommt man am besten auf dem Markt.<\/p>\n<p>Das eigentliche Angebot des Wochenmarktes von Vittoria bilden Klamotten. Das \u00e4hnelt dann schon sehr deutschen Flohm\u00e4rkten. Bunter als die Kleidung sind fast schon die Verk\u00e4ufer, die aus aller Herren L\u00e4nder zu stammen scheinen. Hier zeigt sich dann auch, dass Sizilien eine Art Au\u00dfenposten Europas ist. Afrika ist bekanntlich nicht weit. Und auch sonst war und ist noch heute die Insel Drehscheibe im Weltgetriebe.<\/p>\n<p><object classid=\"clsid:D27CDB6E-AE6D-11cf-96B8-444553540000\" width=\"560\" height=\"320\" codebase=\"http:\/\/download.macromedia.com\/pub\/shockwave\/cabs\/flash\/swflash.cab\"><param name=\"movie\" value=\"https:\/\/www.willizblog.de\/blogpicts\/slideshow.swf?file=https:\/\/www.willizblog.de\/images\/sizilien2015_vittoria_markt.xml\" \/><param name=\"wmode\" value=\"transparent\" \/><embed width=\"560\" height=\"320\" src=\"https:\/\/www.willizblog.de\/blogpicts\/slideshow.swf?file=https:\/\/www.willizblog.de\/images\/sizilien2015_vittoria_markt.xml\" type=\"application\/x-shockwave-flash\" pluginspage=\"http:\/\/www.macromedia.com\/go\/getflashplayer\" wmode=\"transparent\" \/><\/object><br \/>\nSizilien 2015: Markt in Vittoria \u00a9 Wilfried Albin 2015<\/p>\n<p><img src=\"https:\/\/www.willizblog.de\/images\/sizilien2015_vittoria_markt_01.jpg\" alt=\"Sizilien 2015: Markt in Vittoria (gr\u00fcne Bohnen satt)\" title=\"Sizilien 2015: Markt in Vittoria (gr\u00fcne Bohnen satt)\" \/><\/p>\n<p>siehe auch (die etwas &#8218;ausf\u00fchrlichere&#8216;) <a href=\"https:\/\/www.facebook.com\/media\/set\/?set=a.1107698312580617.1073741832.100000213759626&#038;type=3\" target=\"_blank\">Fotogalerie hierzu bei Facebook<\/a><\/p>\n","protected":false},"excerpt":{"rendered":"<p>Nun, von unserer Reise nach Sizilien und dem Besuch bei alten Bekannten meiner Frau sind wir wohlbehalten heimgekehrt. Vor vielen Jahren waren diese Bekannten als \u201aGastarbeiter\u2018 nach Deutschland gekommen. Und viele Jahre ist es nun auch schon wieder her, dass sie in ihre alte Heimat Comiso \u2013 jetzt mit drei Kindern \u2013 zur\u00fcckgekehrt sind. Meine &hellip; <a href=\"https:\/\/willizblog.de\/?p=9158\" class=\"more-link\"><span class=\"screen-reader-text\">Sizilien 2015: Markt in Vittoria (Samstag, 02.05.2015)<\/span> weiterlesen <span class=\"meta-nav\">&rarr;<\/span><\/a><\/p>\n","protected":false},"author":1,"featured_media":0,"comment_status":"open","ping_status":"open","sticky":false,"template":"","format":"standard","meta":[],"categories":[10],"tags":[],"_links":{"self":[{"href":"https:\/\/willizblog.de\/index.php?rest_route=\/wp\/v2\/posts\/9158"}],"collection":[{"href":"https:\/\/willizblog.de\/index.php?rest_route=\/wp\/v2\/posts"}],"about":[{"href":"https:\/\/willizblog.de\/index.php?rest_route=\/wp\/v2\/types\/post"}],"author":[{"embeddable":true,"href":"https:\/\/willizblog.de\/index.php?rest_route=\/wp\/v2\/users\/1"}],"replies":[{"embeddable":true,"href":"https:\/\/willizblog.de\/index.php?rest_route=%2Fwp%2Fv2%2Fcomments&post=9158"}],"version-history":[{"count":0,"href":"https:\/\/willizblog.de\/index.php?rest_route=\/wp\/v2\/posts\/9158\/revisions"}],"wp:attachment":[{"href":"https:\/\/willizblog.de\/index.php?rest_route=%2Fwp%2Fv2%2Fmedia&parent=9158"}],"wp:term":[{"taxonomy":"category","embeddable":true,"href":"https:\/\/willizblog.de\/index.php?rest_route=%2Fwp%2Fv2%2Fcategories&post=9158"},{"taxonomy":"post_tag","embeddable":true,"href":"https:\/\/willizblog.de\/index.php?rest_route=%2Fwp%2Fv2%2Ftags&post=9158"}],"curies":[{"name":"wp","href":"https:\/\/api.w.org\/{rel}","templated":true}]}}