{"id":9167,"date":"2015-05-15T05:04:11","date_gmt":"2015-05-15T05:04:11","guid":{"rendered":"http:\/\/willizblog.de\/?p=9167"},"modified":"2015-05-14T14:08:34","modified_gmt":"2015-05-14T14:08:34","slug":"hummeltag-2014","status":"publish","type":"post","link":"https:\/\/willizblog.de\/?p=9167","title":{"rendered":"Hummeltag 2014"},"content":{"rendered":"<p>Zum Ausgleich zu den vielen \u201ekatholischen Feiertagen\u201c in Bayern, in deren Genuss unsere <em>M\u00fcnchener<\/em> Arbeitskollegen kommen, haben wir hier in Hamburg heute gewisserma\u00dfen einen F\u00fcr-die-vielen-katholischen-Feiertage-in-Bayern-Ausgleichstag. Da der Name etwas zu lang w\u00e4re, haben wir uns auf Hummeltag geeinigt. Der leitet sich vom so genannten <a href=\"https:\/\/de.wikipedia.org\/wiki\/Hamburger_Gru%C3%9F\" target=\"_blank\">Hamburger Gru\u00df<\/a> ab (<em>\u201eHummel, Hummel!\u201c \u2013 \u201eMors, Mors!\u201c<\/em>). Au\u00dferdem klingt er \u00fcberhaupt ganz positiv (wer mag nicht diese possierlich brummend-summenden Tierchen).<\/p>\n<ul><img src=\"https:\/\/www.willizblog.de\/images\/hummeltag.jpg\" alt=\"Hummeltag Hamburg 2015\" title=\"Hummeltag Hamburg 2015\" \/><\/ul>\n<p>Dank des gestrigen Feiertags (Himmelfahrt) haben wir also ein \u201everl\u00e4ngertes Wochenende\u201c mit insgesamt vier freien Tagen (viele andere nehmen heute einen <a href=\"https:\/\/de.wikipedia.org\/wiki\/Br%C3%BCckentag\" target=\"_blank\">Br\u00fcckentag<\/a>). So l\u00e4sst sich die Maimitte gut \u201a\u00fcberbr\u00fccken\u2018.<\/p>\n","protected":false},"excerpt":{"rendered":"<p>Zum Ausgleich zu den vielen \u201ekatholischen Feiertagen\u201c in Bayern, in deren Genuss unsere M\u00fcnchener Arbeitskollegen kommen, haben wir hier in Hamburg heute gewisserma\u00dfen einen F\u00fcr-die-vielen-katholischen-Feiertage-in-Bayern-Ausgleichstag. Da der Name etwas zu lang w\u00e4re, haben wir uns auf Hummeltag geeinigt. Der leitet sich vom so genannten Hamburger Gru\u00df ab (\u201eHummel, Hummel!\u201c \u2013 \u201eMors, Mors!\u201c). Au\u00dferdem klingt er &hellip; <a href=\"https:\/\/willizblog.de\/?p=9167\" class=\"more-link\"><span class=\"screen-reader-text\">Hummeltag 2014<\/span> weiterlesen <span class=\"meta-nav\">&rarr;<\/span><\/a><\/p>\n","protected":false},"author":1,"featured_media":0,"comment_status":"open","ping_status":"open","sticky":false,"template":"","format":"standard","meta":[],"categories":[32],"tags":[],"_links":{"self":[{"href":"https:\/\/willizblog.de\/index.php?rest_route=\/wp\/v2\/posts\/9167"}],"collection":[{"href":"https:\/\/willizblog.de\/index.php?rest_route=\/wp\/v2\/posts"}],"about":[{"href":"https:\/\/willizblog.de\/index.php?rest_route=\/wp\/v2\/types\/post"}],"author":[{"embeddable":true,"href":"https:\/\/willizblog.de\/index.php?rest_route=\/wp\/v2\/users\/1"}],"replies":[{"embeddable":true,"href":"https:\/\/willizblog.de\/index.php?rest_route=%2Fwp%2Fv2%2Fcomments&post=9167"}],"version-history":[{"count":0,"href":"https:\/\/willizblog.de\/index.php?rest_route=\/wp\/v2\/posts\/9167\/revisions"}],"wp:attachment":[{"href":"https:\/\/willizblog.de\/index.php?rest_route=%2Fwp%2Fv2%2Fmedia&parent=9167"}],"wp:term":[{"taxonomy":"category","embeddable":true,"href":"https:\/\/willizblog.de\/index.php?rest_route=%2Fwp%2Fv2%2Fcategories&post=9167"},{"taxonomy":"post_tag","embeddable":true,"href":"https:\/\/willizblog.de\/index.php?rest_route=%2Fwp%2Fv2%2Ftags&post=9167"}],"curies":[{"name":"wp","href":"https:\/\/api.w.org\/{rel}","templated":true}]}}