{"id":9172,"date":"2015-05-17T05:47:55","date_gmt":"2015-05-17T05:47:55","guid":{"rendered":"http:\/\/willizblog.de\/?p=9172"},"modified":"2015-05-16T14:50:34","modified_gmt":"2015-05-16T14:50:34","slug":"blumenpracht-teil-35-tulpen-im-mai-2015","status":"publish","type":"post","link":"https:\/\/willizblog.de\/?p=9172","title":{"rendered":"Blumenpracht Teil 35: Tulpen im Mai 2015"},"content":{"rendered":"<p>Kaum aus dem <a href=\"https:\/\/www.willizblog.de\/?p=9144\" target=\"_blank\">Urlaub in Sizilien<\/a> zur\u00fcck, bl\u00fchen bei uns im Garten wieder die <a href=\"https:\/\/www.willizblog.de\/?p=5889\" target=\"_blank\">Tulpen<\/a> (auch ohne <a href=\"https:\/\/www.willizblog.de\/?p=8327\" target=\"_blank\">Osterhasen<\/a>). <a href=\"https:\/\/www.willizblog.de\/?p=1180\" target=\"_blank\">Der Mai<\/a> ist halt gekommen. Da schlagen nicht nur die B\u00e4ume aus &#8230;<\/p>\n<p><object classid=\"clsid:D27CDB6E-AE6D-11cf-96B8-444553540000\" width=\"560\" height=\"320\" codebase=\"http:\/\/download.macromedia.com\/pub\/shockwave\/cabs\/flash\/swflash.cab\"><param name=\"movie\" value=\"https:\/\/www.willizblog.de\/blogpicts\/slideshow.swf?file=https:\/\/www.willizblog.de\/images\/blumen2015_05.xml\" \/><param name=\"wmode\" value=\"transparent\" \/><embed width=\"560\" height=\"320\" src=\"https:\/\/www.willizblog.de\/blogpicts\/slideshow.swf?file=https:\/\/www.willizblog.de\/images\/blumen2015_05.xml\" type=\"application\/x-shockwave-flash\" pluginspage=\"http:\/\/www.macromedia.com\/go\/getflashplayer\" wmode=\"transparent\" \/><\/object><br \/>\nTulpen in AlbinZ Garten Mitte Mai 2015<\/p>\n<p>Da mag sich manche(r) \u00fcber den Regen beschwerer (so wie heute ist es nicht nur kalt, sondern es tr\u00f6pfelt immer auch ein wenig aus wolkenverhangenem Himmel), aber ohne Regen w\u00fcrde wohl nicht so viel gedeihen. Auf die Mischung kommt es eben an: Und diese &#8218;Mischung&#8216; bleibt uns erst einmal eine Zeitlang erhalten &#8230;<\/p>\n<p><img src=\"https:\/\/www.willizblog.de\/images\/blumen2015_05_02.jpg\" alt=\"Tulpen in AlbinZ Garten Mitte Mai 2015\" title=\"Tulpen in AlbinZ Garten Mitte Mai 2015\" \/><\/p>\n","protected":false},"excerpt":{"rendered":"<p>Kaum aus dem Urlaub in Sizilien zur\u00fcck, bl\u00fchen bei uns im Garten wieder die Tulpen (auch ohne Osterhasen). Der Mai ist halt gekommen. Da schlagen nicht nur die B\u00e4ume aus &#8230; Tulpen in AlbinZ Garten Mitte Mai 2015 Da mag sich manche(r) \u00fcber den Regen beschwerer (so wie heute ist es nicht nur kalt, sondern &hellip; <a href=\"https:\/\/willizblog.de\/?p=9172\" class=\"more-link\"><span class=\"screen-reader-text\">Blumenpracht Teil 35: Tulpen im Mai 2015<\/span> weiterlesen <span class=\"meta-nav\">&rarr;<\/span><\/a><\/p>\n","protected":false},"author":1,"featured_media":0,"comment_status":"open","ping_status":"open","sticky":false,"template":"","format":"standard","meta":[],"categories":[16],"tags":[],"_links":{"self":[{"href":"https:\/\/willizblog.de\/index.php?rest_route=\/wp\/v2\/posts\/9172"}],"collection":[{"href":"https:\/\/willizblog.de\/index.php?rest_route=\/wp\/v2\/posts"}],"about":[{"href":"https:\/\/willizblog.de\/index.php?rest_route=\/wp\/v2\/types\/post"}],"author":[{"embeddable":true,"href":"https:\/\/willizblog.de\/index.php?rest_route=\/wp\/v2\/users\/1"}],"replies":[{"embeddable":true,"href":"https:\/\/willizblog.de\/index.php?rest_route=%2Fwp%2Fv2%2Fcomments&post=9172"}],"version-history":[{"count":0,"href":"https:\/\/willizblog.de\/index.php?rest_route=\/wp\/v2\/posts\/9172\/revisions"}],"wp:attachment":[{"href":"https:\/\/willizblog.de\/index.php?rest_route=%2Fwp%2Fv2%2Fmedia&parent=9172"}],"wp:term":[{"taxonomy":"category","embeddable":true,"href":"https:\/\/willizblog.de\/index.php?rest_route=%2Fwp%2Fv2%2Fcategories&post=9172"},{"taxonomy":"post_tag","embeddable":true,"href":"https:\/\/willizblog.de\/index.php?rest_route=%2Fwp%2Fv2%2Ftags&post=9172"}],"curies":[{"name":"wp","href":"https:\/\/api.w.org\/{rel}","templated":true}]}}