{"id":9175,"date":"2015-05-18T08:26:02","date_gmt":"2015-05-18T08:26:02","guid":{"rendered":"http:\/\/willizblog.de\/?p=9175"},"modified":"2015-05-18T08:26:02","modified_gmt":"2015-05-18T08:26:02","slug":"endspurt-bundesliga-saison-20142015","status":"publish","type":"post","link":"https:\/\/willizblog.de\/?p=9175","title":{"rendered":"Endspurt Bundesliga-Saison 2014\/2015"},"content":{"rendered":"<p>Irgendwie habe ich den Eindruck, als wolle der SV Werder Bremen in der n\u00e4chsten Saison partout nicht in einem europ\u00e4ischen Wettbewerb (hier die Europa League) spielen. Okay, am Samstag ging es gegen Borussia M\u00f6nchengladbach und die sind immerhin Tabellendritter der Fu\u00dfball-Bundesliga und nun auch endg\u00fcltig f\u00fcr die Gruppenphase der Champions League qualifiziert. Aber wer an die Fleischt\u00f6pfe des internationalen Fu\u00dfballs m\u00f6chte, darf nicht so z\u00f6gerlich spielen. So verloren die Bremer zu Recht 0:2 zu Hause gegen die Gladbacher (aber auch Dortmund und Augsburg verloren).<\/p>\n<p>Es bleibt eine letzte Chance auf den 7. Platz \u2013 ein Sieg in Dortmund am letzten Spieltag. Dann m\u00fcsste Dortmund allerdings auch das Endspiel im DFB-Pokal am 30.05. gegen Wolfsburg verlieren. Anders als bisher qualifiziert sich nur der Sieger dieses Pokalendspiels f\u00fcr die Europa League. Nimmt dieser bereits durch die Platzierung in der Bundesliga an einem europ\u00e4ischen Wettbewerb teil ((Wolfsburg hat sich f\u00fcr die Champions League qualifiziert), dann wurde der Verlierer bisher f\u00fcr die Europa League gesetzt. Das gilt jetzt nicht mehr. In einem solchen Fall ist es der Tabellen-Siebte, der an der Europa League teilnimmt. Das k\u00f6nnte Werder Bremen sein, aber eben nur bei einem Sieg in Dortmund. Dortmund, immer wieder ist es Dortmund, das Drehkreuz zum Gl\u00fcck. Vielleicht haben die Bremer alles auf dieses Spiel ausgerichtet, oder?<\/p>\n<p>Mit dem FC Ingolstadt steht jetzt der erste Aufsteiger zur Bundesliga fest. Es ist die 54. Mannschaft, die <a href=\"http:\/\/www.kicker.de\/news\/fussball\/bundesliga\/spieltag\/1-bundesliga\/ewigebundesligatabelle.html\" target=\"_blank\">die erste Klasse erreicht<\/a> hat. Mit Darmstadt, Karlsruhe und Kaiserslautern k\u00e4mpfen noch drei Mannschaften um den zweiten direkten Aufstiegsplatz bzw. um den 3. Platz, der f\u00fcr die Relegation gegen den Bundesliga-Sechzehnten berechtigt.<\/p>\n<p>Die Absteiger aus der Bundesliga werden erst am letzten Spieltag ermittelt. Der HSV (32 Punkte), der nun doch wieder auf einem Abstiegsrang zur\u00fcckgefallen ist (nach so viel Gl\u00fcck zuvor gab es nun in Stuttgart eine verdiente 1:2-Niederlage \u2013 Hannover 96 und der FC Freiburg konnten dagegen ihre Spiele gewinnen), muss am kommenden Samstag zu Hause gegen den FC Schalke gewinnen, um weiterhin die einzige Mannschaft zu bleiben, die seit Bundesligabestehen erstklassig ist. Aber selbst das k\u00f6nnte evtl. nicht reichen, da die Hamburg ein schlechtes Torverh\u00e4ltnis haben, und wenn Hannover und Freiburg unentschieden spielen und Stuttgart gewinnt, dann hei\u00dft es Adieu, HSV! Interessant ist, dass gleich vier Mannschaften gewisserma\u00dfen unter sich den Abstieg ausmachen: Hannover (34 Punkte) spielt gegen Freiburg (34), Paderborn (31) gegen Stuttgart (33). Selbst Hertha BSC (35 Punkte \u2013 spielt am letzten Spieltag in Hoffenheim) ist noch nicht frei von Abstiegssorgen. Die schlechtesten Karten d\u00fcrfte die Mannschaft von Paderborn haben, der aufgrund ihres bescheidenen Torverh\u00e4ltnisses ein Sieg nicht reichen k\u00f6nnte (wenn ich mich nicht v\u00f6llig verrechnet habe, so k\u00f6nnen die nur noch den 16., den Relegationsplatz, schaffen).<\/p>\n<p><img src=\"https:\/\/www.willizblog.de\/images\/bl2014_15_stuttgart_hsv_2_1.jpg\" alt=\"33. Spieltag Fu\u00dfball-Bundesliga 2014\/2015: VfB Stuttgart \u2013 HSV 2:1\" title=\"33. Spieltag Fu\u00dfball-Bundesliga 2014\/2015: VfB Stuttgart \u2013 HSV 2:1\" \/><\/p>\n<p>Man kann nun rechnen, wie man will: Ich f\u00fcrchte, dass es eine Mannschaft aus dem Norden (Hamburg oder Hannover) wohl nicht schaffen wird. Sollte der HSV wieder das Relegationsspiel bestreiten wie vor einem Jahr? Oder gibt es in der n\u00e4chsten Saison nach einigen Jahren wieder ein Hamburger Derby (der FC St. Pauli hat gestern einen gro\u00dfen Schritt in Richtung Erhalt der 2. Liga getan)?<\/p>\n","protected":false},"excerpt":{"rendered":"<p>Irgendwie habe ich den Eindruck, als wolle der SV Werder Bremen in der n\u00e4chsten Saison partout nicht in einem europ\u00e4ischen Wettbewerb (hier die Europa League) spielen. Okay, am Samstag ging es gegen Borussia M\u00f6nchengladbach und die sind immerhin Tabellendritter der Fu\u00dfball-Bundesliga und nun auch endg\u00fcltig f\u00fcr die Gruppenphase der Champions League qualifiziert. Aber wer an &hellip; <a href=\"https:\/\/willizblog.de\/?p=9175\" class=\"more-link\"><span class=\"screen-reader-text\">Endspurt Bundesliga-Saison 2014\/2015<\/span> weiterlesen <span class=\"meta-nav\">&rarr;<\/span><\/a><\/p>\n","protected":false},"author":1,"featured_media":0,"comment_status":"open","ping_status":"open","sticky":false,"template":"","format":"standard","meta":[],"categories":[27],"tags":[],"_links":{"self":[{"href":"https:\/\/willizblog.de\/index.php?rest_route=\/wp\/v2\/posts\/9175"}],"collection":[{"href":"https:\/\/willizblog.de\/index.php?rest_route=\/wp\/v2\/posts"}],"about":[{"href":"https:\/\/willizblog.de\/index.php?rest_route=\/wp\/v2\/types\/post"}],"author":[{"embeddable":true,"href":"https:\/\/willizblog.de\/index.php?rest_route=\/wp\/v2\/users\/1"}],"replies":[{"embeddable":true,"href":"https:\/\/willizblog.de\/index.php?rest_route=%2Fwp%2Fv2%2Fcomments&post=9175"}],"version-history":[{"count":0,"href":"https:\/\/willizblog.de\/index.php?rest_route=\/wp\/v2\/posts\/9175\/revisions"}],"wp:attachment":[{"href":"https:\/\/willizblog.de\/index.php?rest_route=%2Fwp%2Fv2%2Fmedia&parent=9175"}],"wp:term":[{"taxonomy":"category","embeddable":true,"href":"https:\/\/willizblog.de\/index.php?rest_route=%2Fwp%2Fv2%2Fcategories&post=9175"},{"taxonomy":"post_tag","embeddable":true,"href":"https:\/\/willizblog.de\/index.php?rest_route=%2Fwp%2Fv2%2Ftags&post=9175"}],"curies":[{"name":"wp","href":"https:\/\/api.w.org\/{rel}","templated":true}]}}