{"id":9178,"date":"2015-05-20T07:54:24","date_gmt":"2015-05-20T07:54:24","guid":{"rendered":"http:\/\/willizblog.de\/?p=9178"},"modified":"2015-05-20T08:14:29","modified_gmt":"2015-05-20T08:14:29","slug":"wohin-herr-w","status":"publish","type":"post","link":"https:\/\/willizblog.de\/?p=9178","title":{"rendered":"Wohin, Herr W.?"},"content":{"rendered":"<p>Inzwischen begl\u00fcckt die <a href=\"https:\/\/de.wikipedia.org\/wiki\/Gewerkschaft_Deutscher_Lokomotivf%C3%BChrer\" target=\"_blank\">GDL<\/a> die Bahnkunden mit dem neunten Streik in einem und dem gleichen Tarifkonflikt. Seit heute Morgen zwei Uhr wird neben dem G\u00fcter- nun auch wieder der Personenverkehr bei der <a href=\"https:\/\/de.wikipedia.org\/wiki\/Deutsche_Bahn\" target=\"_blank\">Deutschen Bahn<\/a> bestreikt. Und das mit offenem Ende. Auch \u00fcber die Pfingsttage ist mit Behinderungen im Bahnverkehr zu rechnen. Das hat schon etwas von einem Kasperltheater. Nur ein Beispiel: <em>Am letzten Wochenende war ein erneuter Versuch einer Ann\u00e4herung zwischen der Gewerkschaft und der Deutschen Bahn gescheitert. Vertreter der Deutschen Bahn und der GDL hatten am Freitag und Samstag \u00fcber eine L\u00f6sung des seit Monaten andauernden Konflikts vertraulich verhandelt &#8211; insgesamt 20 Stunden nach Angaben des Konzerns. Zu einem f\u00fcr Sonntagmorgen um 10.00 Uhr verabredeten Treffen beider Seiten kam es nicht mehr. Die GDL warf der Bahn daraufhin vor, den Verhandlungstisch am Samstag verlassen und die Verhandlungen abgebrochen zu haben. Dagegen gab die Bahn an, die Gewerkschaft sei am Sonntagmorgen nicht zu der geplanten Fortsetzung der Gespr\u00e4che erschienen.<\/em> Wer sagt nun die Wahrheit?<\/p>\n<p><em>Die Verantwortung trage die Bahn, die in den Gespr\u00e4chen bewiesen habe, dass in den Verhandlungen keinerlei Ergebnisse erzielt werden sollten, erkl\u00e4rte die GDL. Vielmehr solle der Tarifabschluss bis zum Inkrafttreten des <a href=\"https:\/\/www.bundestag.de\/dokumente\/textarchiv\/2015\/kw19_pa_arbeit_soziales\/367818\" target=\"_blank\">Tarifeinheitsgesetzes<\/a> verschleppt werden. Das wird voraussichtlich Anfang Juli geschehen. Dem Gesetzentwurf zufolge soll k\u00fcnftig in einem Betrieb nur noch der Tarifvertrag der jeweils gr\u00f6\u00dferen Gewerkschaft gelten. Streiks einer kleineren Gewerkschaft wie der GDL f\u00fcr einen eigenen Abschluss w\u00e4ren dann m\u00f6glicherweise nicht verh\u00e4ltnism\u00e4\u00dfig und illegal.<\/em><\/p>\n<p>Dem entgegnet nun <em>der DGB-Vorsitzende Reiner Hoffmann: Wer nach acht Streiks \u201enoch immer nicht auf die Zielgerade kommt, der weckt Zweifel, dass er an dieser Alternative ernsthaft interessiert ist\u201c, sagte Hoffmann dem Berliner \u201eTagesspiegel\u201c (Mittwochsausgabe). Der GDL-Vorsitzende Claus Weselsky wolle \u201eaugenscheinlich\u201c das Gesetz \u00fcber die Tarifeinheit abwarten, \u201eum dann im Zusammenhang mit dem schwelenden Konflikt gegen das Gesetz klagen zu k\u00f6nnen\u201c, sagte der Chef des Deutschen Gewerkschaftsbundes.<\/em>  Wer verschleppt nun den Tarifkonflikt?<\/p>\n<p>Herr W. sieht seine Felle davonschwimmen und manch einer sieht in den erneuten Streiks nichts anderes, als dass Herr W. <em>\u201eausschlie\u00dflich den Versuch der Arbeitsplatzsicherung in eigener Sache\u201c<\/em> betreibt. Da ist sicherlich etwas dran, denn <em>die Lokf\u00fchrergewerkschaft GDL sieht sich in ihren heutigen Zielen wohl zu Recht bedroht. In den meisten Betrieben innerhalb der Bahn hat sie kaum die Mehrheit und k\u00f6nnte k\u00fcnftig kaum in Anspruch nehmen, einen eigenen Tarifvertrag mit anderen Regelungen f\u00fcr die bei ihr organisierten Zugbegleiter abzuschlie\u00dfen. Au\u00dferdem f\u00fcrchten Kritiker, Arbeitgeber wie die Bahn k\u00f6nnten die Betriebe so zuschneiden, dass missliebige Spartengewerkschaften immer nur die Minderheit h\u00e4tten.<\/em> (Quelle: <a href=\"http:\/\/www.heute.de\/\" target=\"_blank\">heute.de<\/a>)<\/p>\n<p>Das kann man sehen, wie man will. Eines ist auf jeden Fall auch sicher: Mit den Streiks schadet die GDL nicht nur die Bahn, die Wirtschaft und Millionen Fahrg\u00e4ste, sondern auch sich selbst. Wenn Z\u00fcge nicht fahren, dann sucht man sich Alternativen: Auto, Busse oder LKWs. Einmal \u201aumgestiegen\u2018, bleiben viele auch bei diesen sicherlich nicht umweltfreundlichen Alternativen. Weniger Bahnverkehr bedeutet aber auch weniger Bahn-Personal.<\/p>\n<p>Inzwischen wurde bekannt, dass der <a href=\"https:\/\/de.wikipedia.org\/wiki\/DBB_Beamtenbund_und_Tarifunion\" target=\"_blank\">Deutsche Beamtenbund (DBB)<\/a> \u2013 die GDL ist Teil des DBB \u2013 den erneuten Bahn-Streik kritisiert und es ablehnt, weiterhin Gelder f\u00fcr die Streikkasse der GDL zur Verf\u00fcgung zu stellen, was sie bisher in sehr umf\u00e4nglichem Rahmen getan hat. Wann ist die Streikkasse der GDL also endlich leer?<\/p>\n<ul><img src=\"http:\/\/p5.focus.de\/img\/fotos\/crop4682806\/302660280-cfreecrop_21_9-w300-h169-otx0_y28-q75-p5\/urn-newsml-dpa-com-20090101-150514-99-07016-large-4-3.jpg\" alt=\"GDL-Oberfritzie\" title=\"GDL-Oberfritzie\" \/><\/ul>\n<p>Wenn es heute noch eine Wahl zum unbeliebtesten Mann in Deutschland g\u00e4be, so gew\u00f6nne sicherlich mit gro\u00dfem Abstand Herr Weselsky. Man braucht nur ins Netz zu schauen, um zu sehen, wie \u201abeliebt\u2018 sich der GDL-Chef in der Bev\u00f6lkerung macht. Es sind nur noch GDL-Mitglieder, die ihm Beifall zollen. Auch die werden immer weniger.<\/p>\n<p>Einen Post von <a href=\"https:\/\/www.facebook.com\/michael.weyland.7\" target=\"_blank\">Michael Weyland<\/a> auf seiner Facebook-Seite spricht wohl vielen (auch mir) aus der Seele (ich fahre zwar <a href=\"http:\/\/www.der-metronom.de\/\" target=\"_blank\">Metronom<\/a>, einem privaten Eisenbahnunternehmen, das NOCH nicht bestreikt wird \u2013 fahre innerhalb Hamburgs dann aber auch noch <a href=\"http:\/\/www.s-bahn-hamburg.de\/s_hamburg\/view\/index.shtml\" target=\"_blank\">S-Bahn<\/a>, die als Tochter der Deutschen Bahn durch den Streik Zugausf\u00e4lle verzeichnete, und musste heute auf die <a href=\"http:\/\/www.hamburg.de\/u-bahn\/\" target=\"_blank\">U-Bahn<\/a> ausweichen \u2026):<\/p>\n<p><em>Mein lange verstorbener Deutschlehrer hatte &#8211; was bestimmte Leute anging, eine sehr treffende Aussage. Er sagte immer: \u201eDen soll der Blitz beim Sch\u2026. treffen!\u201c Genau dieser Satz ging mir heute durch den Kopf, als ich die neuesten Aktivit\u00e4ten eines gewissen Claus W., auch bekannt als GDL-Napoleon, h\u00f6rte. Ich finde es absolut unm\u00f6glich, dass es diesem Typen vollst\u00e4ndig gleichg\u00fcltig ist, wie vielen tausend Familien er die Pfingstferien versaut. Insofern w\u00e4re die Aktion mit dem Blitz sicherlich die gerechte Strafe.<\/em><\/p>\n<p><em>Strafrechtlich d\u00fcrfte ein solcher Wunsch \u00fcbrigens keinerlei Sanktionen nach sich ziehen, bisher w\u00e4re mir n\u00e4mlich v\u00f6llig neu, dass man als deutscher Normalb\u00fcrger einen Einfluss darauf hat, wen der Blitz wann wobei trifft!<\/em>  &#8211; <a href=\"https:\/\/www.facebook.com\/michael.weyland.7\/posts\/929102747111755\" target=\"_blank\">18. Mai um 19:08<\/a><\/p>\n<p>siehe auch zuletzt: <a href=\"https:\/\/willizblog.de\/?p=9154\" target=\"_blank\">Danke, Herr Weselsky!<\/a><\/p>\n<p>siehe auch: <a href=\"http:\/\/www.focus.de\/finanzen\/news\/gdl-bahnstreik-lokfuehrer-das-system-weselsky_id_4692364.html\" target=\"_blank\">Das System Weselsky &#8211; Mit diesen vier Methoden knechtet der Bahn-Erpresser seine Gewerkschaft<\/a><\/p>\n","protected":false},"excerpt":{"rendered":"<p>Inzwischen begl\u00fcckt die GDL die Bahnkunden mit dem neunten Streik in einem und dem gleichen Tarifkonflikt. Seit heute Morgen zwei Uhr wird neben dem G\u00fcter- nun auch wieder der Personenverkehr bei der Deutschen Bahn bestreikt. Und das mit offenem Ende. Auch \u00fcber die Pfingsttage ist mit Behinderungen im Bahnverkehr zu rechnen. Das hat schon etwas &hellip; <a href=\"https:\/\/willizblog.de\/?p=9178\" class=\"more-link\"><span class=\"screen-reader-text\">Wohin, Herr W.?<\/span> weiterlesen <span class=\"meta-nav\">&rarr;<\/span><\/a><\/p>\n","protected":false},"author":1,"featured_media":0,"comment_status":"open","ping_status":"open","sticky":false,"template":"","format":"standard","meta":[],"categories":[22],"tags":[],"_links":{"self":[{"href":"https:\/\/willizblog.de\/index.php?rest_route=\/wp\/v2\/posts\/9178"}],"collection":[{"href":"https:\/\/willizblog.de\/index.php?rest_route=\/wp\/v2\/posts"}],"about":[{"href":"https:\/\/willizblog.de\/index.php?rest_route=\/wp\/v2\/types\/post"}],"author":[{"embeddable":true,"href":"https:\/\/willizblog.de\/index.php?rest_route=\/wp\/v2\/users\/1"}],"replies":[{"embeddable":true,"href":"https:\/\/willizblog.de\/index.php?rest_route=%2Fwp%2Fv2%2Fcomments&post=9178"}],"version-history":[{"count":0,"href":"https:\/\/willizblog.de\/index.php?rest_route=\/wp\/v2\/posts\/9178\/revisions"}],"wp:attachment":[{"href":"https:\/\/willizblog.de\/index.php?rest_route=%2Fwp%2Fv2%2Fmedia&parent=9178"}],"wp:term":[{"taxonomy":"category","embeddable":true,"href":"https:\/\/willizblog.de\/index.php?rest_route=%2Fwp%2Fv2%2Fcategories&post=9178"},{"taxonomy":"post_tag","embeddable":true,"href":"https:\/\/willizblog.de\/index.php?rest_route=%2Fwp%2Fv2%2Ftags&post=9178"}],"curies":[{"name":"wp","href":"https:\/\/api.w.org\/{rel}","templated":true}]}}