{"id":92,"date":"2005-04-03T09:00:00","date_gmt":"2005-04-03T08:00:00","guid":{"rendered":"http:\/\/www.albinz.de\/blog\/?p=92"},"modified":"2005-10-20T10:59:43","modified_gmt":"2005-10-20T08:59:43","slug":"konfirmation-in-tostedt","status":"publish","type":"post","link":"https:\/\/willizblog.de\/?p=92","title":{"rendered":"Konfirmation 2005 in Tostedt"},"content":{"rendered":"<p>Am 3., am 10. und 17. April und dann noch am 1. und 8. Mai finden in der Johanneskirche zu Tostedt die Konfirmationsfeiern 2005 statt. Auch mein Sohn Jan wird dieses Jahr konfirmiert.<\/p>\n<p>Bereits 2001 fand (f\u00fcr einige der diesj\u00e4hrigen Konfirmanden) eine Vorkonfirmation in Rahmen eines neuen Modells des Konfirmandenunterrichts, des sogenannten &#8218;Hoyaer Modells&#8216;, statt: Begleitend zur 4. Schulklasse (daher auch kurz als KU4 bezeichnet) werden die Kindern haupts\u00e4chlich von Elternteilen unterrichtet . So hatte auch meine Frau unseren Sohn mit einigen seiner Schulkameraden als Gruppe unterrichtet. Das zweite Jahr des Unterrichts begleitet dann &#8211; wie gehabt &#8211; das 8. Schuljahr. Nach dem ersten Jahr d\u00fcrfen die Vorkonfirmanden u.a. am Abendmahl teilnehmen.<\/p>\n<ul><img src=\"https:\/\/www.albinz.net\/models\/ku4_2001k.jpg\" alt=\"Vorkonfirmanden 2001\" \/><\/ul>\n<p>siehe hierzu: <a href=\"https:\/\/www.albinz.net\/tostedt\/bilder.html#KU4\" target=\"_blank\">KU4<\/a><\/p>\n<p>Mit der Konfirmation werden die Konfirmanden als aktive Mitglieder in den Kreis der Kirchengemeinde aufgenommen. Die \u00c4hnlichkeit mit der Initiation, also die durch bestimmte Gebr\u00e4uche geregelte Aufnahme in eine Standes- oder Altersgemeinschaft, besonders die Einf\u00fchrung von Jugendlichen in den Kreis der M\u00e4nner oder Frauen bei Naturv\u00f6lkern, ist nat\u00fcrlich unverkennbar.<\/p>\n<p>Im Vorfelde haben wir (d.h. meine Frau mit mir und Jan) \u00fcberlegt, ob eine Konfirmation \u00fcberhaupt in Frage kommt. Kirche und damit Glaube spielt in unserer heutigen Gesellschaft keine wesentliche Rolle mehr. Wir haben die Entscheidung letztendlich unserem Sohn \u00fcberlassen. F\u00fcr meine Frau spielt Kirche noch eine gro\u00dfe Rolle. F\u00fcr mich ist es mehr der kulturelle Hintergrund, den ich nicht v\u00f6llig leugnen kann. Die Frage des Glaubens ist, ich gebe es zu, zweirangig.<\/p>\n<p>Leider ist die Kirchengemeinde in Dingen des Datenschutzes weiterhin etwas unbedarft und hat im Gemeindeblatt nicht nur die Namen der Konfirmanden aufgef\u00fchrt, sondern auch deren vollst\u00e4ndigen Anschriften (au\u00dfer Postleitzahl). Und so kamen nicht nur von Verwandten und Freunden Konfirmationsgl\u00fcckw\u00fcnsche, sondern z.b. auch von einigen Bankinstituten. Konfirmanden, die an der Schwelle zur weiteren Berufsausbildung stehen, sind nat\u00fcrlich potentielle Kunden, um die man sich nicht fr\u00fch genug k\u00fcmmern kann.<\/p>\n","protected":false},"excerpt":{"rendered":"<p>Am 3., am 10. und 17. April und dann noch am 1. und 8. Mai finden in der Johanneskirche zu Tostedt die Konfirmationsfeiern 2005 statt. Auch mein Sohn Jan wird dieses Jahr konfirmiert. Bereits 2001 fand (f\u00fcr einige der diesj\u00e4hrigen Konfirmanden) eine Vorkonfirmation in Rahmen eines neuen Modells des Konfirmandenunterrichts, des sogenannten &#8218;Hoyaer Modells&#8216;, statt: &hellip; <a href=\"https:\/\/willizblog.de\/?p=92\" class=\"more-link\"><span class=\"screen-reader-text\">Konfirmation 2005 in Tostedt<\/span> weiterlesen <span class=\"meta-nav\">&rarr;<\/span><\/a><\/p>\n","protected":false},"author":1,"featured_media":0,"comment_status":"closed","ping_status":"closed","sticky":false,"template":"","format":"standard","meta":[],"categories":[1,11],"tags":[],"_links":{"self":[{"href":"https:\/\/willizblog.de\/index.php?rest_route=\/wp\/v2\/posts\/92"}],"collection":[{"href":"https:\/\/willizblog.de\/index.php?rest_route=\/wp\/v2\/posts"}],"about":[{"href":"https:\/\/willizblog.de\/index.php?rest_route=\/wp\/v2\/types\/post"}],"author":[{"embeddable":true,"href":"https:\/\/willizblog.de\/index.php?rest_route=\/wp\/v2\/users\/1"}],"replies":[{"embeddable":true,"href":"https:\/\/willizblog.de\/index.php?rest_route=%2Fwp%2Fv2%2Fcomments&post=92"}],"version-history":[{"count":0,"href":"https:\/\/willizblog.de\/index.php?rest_route=\/wp\/v2\/posts\/92\/revisions"}],"wp:attachment":[{"href":"https:\/\/willizblog.de\/index.php?rest_route=%2Fwp%2Fv2%2Fmedia&parent=92"}],"wp:term":[{"taxonomy":"category","embeddable":true,"href":"https:\/\/willizblog.de\/index.php?rest_route=%2Fwp%2Fv2%2Fcategories&post=92"},{"taxonomy":"post_tag","embeddable":true,"href":"https:\/\/willizblog.de\/index.php?rest_route=%2Fwp%2Fv2%2Ftags&post=92"}],"curies":[{"name":"wp","href":"https:\/\/api.w.org\/{rel}","templated":true}]}}