{"id":9203,"date":"2015-05-26T08:28:17","date_gmt":"2015-05-26T08:28:17","guid":{"rendered":"http:\/\/willizblog.de\/?p=9203"},"modified":"2015-05-26T11:35:43","modified_gmt":"2015-05-26T11:35:43","slug":"hsv-der-relegator","status":"publish","type":"post","link":"https:\/\/willizblog.de\/?p=9203","title":{"rendered":"HSV, der Relegator"},"content":{"rendered":"<p>Abschluss der Saison 2014\/2015 in der Fu\u00dfball-Bundesliga: Der SV Werder Bremen hat nach all den Tr\u00e4umen vom Einzug in den Europapokal (Tr\u00e4ume sind meist doch nur Sch\u00e4ume) einsehen m\u00fcssen, dass man noch nicht so weit ist, einer Mannschaft wie z.B. Borussia Dortmund das Wasser zu reichen. Nat\u00fcrlich h\u00e4tte man gern mehr als einen 10. Tabellenplatz erzielt. Aber immerhin hatte man zuletzt nichts mehr mit dem Kampf um den Abstieg zu tun. Das ist ja auch schon etwas.<\/p>\n<p>Der HSV, der sich zu Beginn der Saison hohe Ziele gesetzt hatte (wie so oft), muss nun froh sein, mit dem 16. Tabellenplatz immerhin noch (und schon wieder) in die <a href=\"https:\/\/de.wikipedia.org\/wiki\/Relegation_%28Sport%29\" target=\"_blank\">Relegation<\/a> gekommen zu sein. Erst vor einem Jahr retteten sich so die Hamburger mit der minimalsten Ausbeute (0:0 zu Hause und 1:1 ausw\u00e4rts, das Ausw\u00e4rtstor z\u00e4hlte doppelt) gegen Greuther F\u00fcrth vor dem Abstieg in die 2. Liga. Jetzt geht es am Donnerstag (28.05.) in Hamburg und am Montag (01.06.) in Karlsruhe gegen den Dritten der 2. Liga, den KSC. Der HSV, der <em>Relegator<\/em>.<\/p>\n<p>Nach der Saison ist bekanntlich vor der (n\u00e4chsten) Saison:<\/p>\n<p>Trotz des Verkaufs von <em>Davie Selke<\/em> (f\u00fcr acht Millionen Euro zu RB Leipzig), dem Abgang von <em>Sebastian Pr\u00f6dl<\/em> und den m\u00f6glichen Verk\u00e4ufen von <em>Eljero Elia<\/em> und <em>Ludovic Obraniak<\/em> kann Werder zwar weiterhin nicht im gro\u00dfen Stil auf Einkaufstour gehen, aber f\u00fcr die ein oder andere echte Verst\u00e4rkung soll und muss das Geld reichen.<\/p>\n<ul><img src=\"https:\/\/www.willizblog.de\/images\/werder_100_prozent.jpg\" alt=\"100 % SV Werder Bremen\" title=\"100 % SV Werder Bremen\" \/><\/ul>\n<p>Werder will schlie\u00dflich auch in der n\u00e4chsten Saison auf der Schwelle zu den Europapokal-Pl\u00e4tzen stehen. Das ist schon jetzt das erkl\u00e4rte Ziel. Das, was der FC Augsburg in diesem Jahr geschafft hat, wollen die Bremer im allerbesten Fall nachmachen. (Quelle: <a href=\"http:\/\/www.weser-kurier.de\/werder\/werder-bundesliga_artikel,-Werders-neuer-Kader-nimmt-Formen-an-_arid,1131214.html\" target=\"_blank\">weser-kurier.de<\/a>)<\/p>\n<p>F\u00fcr rund 4,5 Millionen Euro kommt der bisher f\u00fcr K\u00f6ln spielende Mittelst\u00fcrmer <em>Anthony Ujah<\/em> nach Bremen, denn es ist zu bef\u00fcrchten, dass Werders bester Torsch\u00fctze der abgelaufenen Saison, <em>Franco Di Santo<\/em>, Bremen verlassen wird. Dessen Vertrag l\u00e4uft in einem Jahr aus und eine Verl\u00e4ngerung d\u00fcrfte teuer werden.<\/p>\n<p>Neben der Ausleihe f\u00fcr Elia (FC Southampton) und Obraniak (\u00c7aykur Rizespor) endet u.a. auch die Ausleihe f\u00fcr <em>Nils Petersen<\/em>, der sich beim FC Freiburg immerhin zum erfolgreichen Joker gemausert hat. Ob er aber ins Werder-Team passt, ist fraglich.<\/p>\n<p>Aus dem Werder-Nachwuchs sollen gleich vier Spieler einen Profivertrag erhalten: <em>Luca Zander<\/em> (rechter Verteidiger), <em>Lukas Fr\u00f6de<\/em> (defensives Mittelfeld), <em>Melvyn Lorenzen<\/em> (Mittelst\u00fcrmer) und <em>Florian Grillitsch<\/em> (offensives Mittelfeld). Ein interessanter Spieler f\u00fcr die Profis d\u00fcrfte zudem <em>Maik Lukowicz<\/em>, Toptorj\u00e4ger in der U23, werden. (Quelle u.a. <a href=\"http:\/\/www.transfermarkt.de\/sv-werder-bremen\/transfers\/verein\/86\/plus\/?saison_id=2015&#038;pos=&#038;detailpos=\" target=\"_blank\">transfermarkt.de<\/a>)<\/p>\n<p>Im offensiven Mittelfeld fehlt Werder neben <em>Zlatko Junuzovic<\/em> eine weitere herausragende Figur. Bei einem m\u00f6glichen Weggang von <em>Franco Di Santo<\/em> gilt das auch wieder f\u00fcr den Sturm, dann k\u00f6nnte Freiburgs <em>Admir Mehmedi<\/em> ein Kandidat werden. Der Schweizer Nationalspieler kann durch den Abstieg angeblich f\u00fcr eine feste Abl\u00f6se von f\u00fcnf Millionen Euro den Verein verlassen.<\/p>\n<p>Als weiterer Wechsel steht bisher nur der von <em>Felix Wiedwald<\/em> (Eintracht Frankfurt) fest. Er soll Werders neue Nummer eins werden. Sollte Raphael Wolf seine Rolle als Ersatztorwart nicht gefallen und er wegwollen, k\u00f6nnte auch der Freiburger Keeper <em>Roman B\u00fcrki<\/em> noch ein Kandidat als Wiedwald-Konkurrent sein.<\/p>\n<p>Mit <em>Luca Caldirola<\/em> und <em>Cedrick Makiadi<\/em> gibt es bei Werder zwei Wackelkandidaten, die in der letzten Saison gerade einmal auf einige Kurzeins\u00e4tze kamen. Tendenz: Abschied von der Weser.<\/p>\n<p>Werder hatte mit 65 Gegentoren (neben Absteiger Paderborn) die schlechteste Abwehr der ersten Liga. Ich denke, dass hier dringend Handlungsbedarf f\u00fcr die n\u00e4chste Spielzeit besteht.<\/p>\n<p>Die Anspr\u00fcche bei Werder sind wieder eindeutig gestiegen. Nach einer verkorksten Hinrunde gelang es den Bremern gegen jedes Erwarten, wieder einmal an die T\u00fcr zu den europ\u00e4ischen Wettbewerben zu klopfen. Jetzt will man auch hinein. In der Breite ist Werder durchaus gut aufgestellt. Was fehlt, sind Spieler, die regelm\u00e4\u00dfig den Unterschied ausmachen k\u00f6nnen.<\/p>\n<p>\u00dcbrigens: Die Ger\u00fcchtek\u00fcche brodelt, siehe <a href=\"http:\/\/www.transfermarkt.de\/sv-werder-bremen\/geruechte\/verein\/86\" target=\"_blank\">[transfermarkt.de]<\/a> \u2013 <a href=\"http:\/\/www.weser-kurier.de\/werder\/werder-fotos_galerie,-Transfergeruechte-rund-um-Werder-Bremen-_mediagalid,33778.html\" target=\"_blank\">[weser-kurier.de]<\/a><\/p>\n<p>Aber es gibt ja nicht nur die ersten Herren des SV Werder. <a href=\"http:\/\/www.werder.de\/de\/frauen\/index.php\" target=\"_blank\">Die Frauen<\/a> haben den Aufstieg in die Bundesliga geschafft. Gl\u00fcckwunsch dazu! Und auch Gl\u00fcckwunsch an die 2. Mannschaft: <a href=\"http:\/\/www.werder.de\/de\/u23\/index.php\" target=\"_blank\">Die U23<\/a> ist Meister der Regionalliga Nord geworden und spielt in der Relegation zur 3. Liga gegen Borussia M\u00f6nchengladbach II am Mittwoch (27.05.) zu Hause um 19 Uhr auf \u201aPlatz 11\u2018 und im R\u00fcckspiel am Sonntag (31.05.) um 14 Uhr im Grenzlandstation in Gladbach.<\/p>\n<p><strong>Nachtrag:<\/strong> jetzt geht&#8217;s Schlag auf Schlag &#8211; Werder Bremen vermeldet die Verpflichtung des Linksverteidigers Ulisses Alexandre Garcia. Der Junioren-Nationalspieler aus der Schweiz spielte zuletzt bei Grashoppers Z\u00fcrich und unterzeichnete einen Drei-Jahres-Vertrag.<\/p>\n","protected":false},"excerpt":{"rendered":"<p>Abschluss der Saison 2014\/2015 in der Fu\u00dfball-Bundesliga: Der SV Werder Bremen hat nach all den Tr\u00e4umen vom Einzug in den Europapokal (Tr\u00e4ume sind meist doch nur Sch\u00e4ume) einsehen m\u00fcssen, dass man noch nicht so weit ist, einer Mannschaft wie z.B. Borussia Dortmund das Wasser zu reichen. Nat\u00fcrlich h\u00e4tte man gern mehr als einen 10. Tabellenplatz &hellip; <a href=\"https:\/\/willizblog.de\/?p=9203\" class=\"more-link\"><span class=\"screen-reader-text\">HSV, der Relegator<\/span> weiterlesen <span class=\"meta-nav\">&rarr;<\/span><\/a><\/p>\n","protected":false},"author":1,"featured_media":0,"comment_status":"open","ping_status":"open","sticky":false,"template":"","format":"standard","meta":[],"categories":[27],"tags":[],"_links":{"self":[{"href":"https:\/\/willizblog.de\/index.php?rest_route=\/wp\/v2\/posts\/9203"}],"collection":[{"href":"https:\/\/willizblog.de\/index.php?rest_route=\/wp\/v2\/posts"}],"about":[{"href":"https:\/\/willizblog.de\/index.php?rest_route=\/wp\/v2\/types\/post"}],"author":[{"embeddable":true,"href":"https:\/\/willizblog.de\/index.php?rest_route=\/wp\/v2\/users\/1"}],"replies":[{"embeddable":true,"href":"https:\/\/willizblog.de\/index.php?rest_route=%2Fwp%2Fv2%2Fcomments&post=9203"}],"version-history":[{"count":0,"href":"https:\/\/willizblog.de\/index.php?rest_route=\/wp\/v2\/posts\/9203\/revisions"}],"wp:attachment":[{"href":"https:\/\/willizblog.de\/index.php?rest_route=%2Fwp%2Fv2%2Fmedia&parent=9203"}],"wp:term":[{"taxonomy":"category","embeddable":true,"href":"https:\/\/willizblog.de\/index.php?rest_route=%2Fwp%2Fv2%2Fcategories&post=9203"},{"taxonomy":"post_tag","embeddable":true,"href":"https:\/\/willizblog.de\/index.php?rest_route=%2Fwp%2Fv2%2Ftags&post=9203"}],"curies":[{"name":"wp","href":"https:\/\/api.w.org\/{rel}","templated":true}]}}