{"id":9252,"date":"2015-06-17T05:08:50","date_gmt":"2015-06-17T05:08:50","guid":{"rendered":"http:\/\/willizblog.de\/?p=9252"},"modified":"2015-06-17T08:59:21","modified_gmt":"2015-06-17T08:59:21","slug":"turnierzeit-sommerfussball-2015","status":"publish","type":"post","link":"https:\/\/willizblog.de\/?p=9252","title":{"rendered":"Turnierzeit (Sommerfu\u00dfball 2015)"},"content":{"rendered":"<p>Die Fu\u00dfball-Saison 2014\/2015 ist beendet: Die Bayern sind wieder einmal deutscher Meister geworden (sowohl <a href=\"https:\/\/de.wikipedia.org\/wiki\/Fu%C3%9Fball-Bundesliga_2014\/15\" target=\"_blank\">die M\u00e4nner<\/a> als auch <a href=\"https:\/\/de.wikipedia.org\/wiki\/Fu%C3%9Fball-Bundesliga_2014\/15_%28Frauen%29\" target=\"_blank\">die Frauen<\/a>). Den <a href=\"https:\/\/de.wikipedia.org\/wiki\/DFB-Pokal_2014\/15\" target=\"_blank\">DFB-Pokal<\/a> holte sich der VfL Wolfsburg (gleichfalls die Damen und die Herren). <a href=\"https:\/\/de.wikipedia.org\/wiki\/UEFA_Champions_League_2014\/15\" target=\"_blank\">Champions League<\/a>-Sieger wurde dank Messi und Neymar und zum 5. Mal der FC Barcelona (bei den Frauen \u00fcbrigens zum 4. Mal der 1. FFC Frankfurt). Wer nun denkt, lieber NICHT-Fu\u00dfball-Fan, der Sommer w\u00e4re eine Fu\u00dfball-FREIE Zeit, der muss sich get\u00e4uscht sehen.<\/p>\n<p>Der Sommer 2015 ist wieder einmal Turnierzeit. In Neuseeland l\u00e4uft zz. noch die <a href=\"https:\/\/de.wikipedia.org\/wiki\/U-20-Fu%C3%9Fball-Weltmeisterschaft_2015\" target=\"_blank\">U20-Weltmeisterschaft<\/a> \u2013 heute mit den Halbfinalspielen. Das deutsche Team, als Mitfavorit angereist, musste sich im Viertelfinale nach einem Elfmeter-Schie\u00dfen der Mannschaft aus Mali geschlagen geben und weilt inzwischen im wohl verdienten Urlaub. Derweil k\u00e4mpfen die <a href=\"https:\/\/de.wikipedia.org\/wiki\/Fu%C3%9Fball-Weltmeisterschaft_der_Frauen_2015\" target=\"_blank\">Frauen um die WM-Krone in Kanada<\/a>. Die deutsche Mannschaft ist in der Gruppenphase als Sieger der Gruppe B hervorgegangen und spielt im Achtelfinale am Samstag, den 20.06. (22 Uhr MESZ) voraussichtlich gegen die Niederlande oder Schweden. Der Weg zum Weltmeistertitel ist aber noch lang und endet im g\u00fcnstigsten Fall am Sonntag, den 5. Juli (Spielbeginn 6. Juni \u2013 1 Uhr MESZ). Frauenfu\u00dfball beherrscht also zz. die sportlichen Schlagzeilen (wie <a href=\"https:\/\/willizblog.de\/?p=4692\" target=\"_blank\">bereits vor vier Jahren<\/a>, als die deutsche Mannschaft vor heimischen Publikum ihrer Favoritenrolle nicht gerecht wurde).<\/p>\n<ul><img src=\"https:\/\/upload.wikimedia.org\/wikipedia\/de\/thumb\/9\/92\/FIFA_Women%E2%80%99s_World_Cup_2015_Logo.svg\/220px-FIFA_Women%E2%80%99s_World_Cup_2015_Logo.svg.png\" alt=\"Fu\u00dfball-Weltmeisterschaft 2015 der Frauen in Kanada\" title=\"Fu\u00dfball-Weltmeisterschaft 2015 der Frauen in Kanada\" \/><\/ul>\n<p>F\u00fcr mich interessanter ist da schon die <a href=\"https:\/\/de.wikipedia.org\/wiki\/U-21-Fu%C3%9Fball-Europameisterschaft_2015\" target=\"_blank\">Europameisterschaft der U21-Herren<\/a>, die heute in Tschechien startet. Blick zur\u00fcck in Freude: <a href=\"https:\/\/de.wikipedia.org\/wiki\/U-21-Fu%C3%9Fball-Europameisterschaft_2009\" target=\"_blank\">2009<\/a> wurde in Schweden eine deutsche Mannschaft U21-Europameister. Sechs Spieler (Manuel Neuer, J\u00e9r\u00f4me Boateng, Benedikt H\u00f6wedes, Mats Hummels, Sami Khedira und Mesut \u00d6zil) bildeten f\u00fcnf Jahre sp\u00e4ter den Kern des Weltmeister-Teams und sind auch heute noch Leistungstr\u00e4ger der A-Mannschaft.<\/p>\n<ul><img src=\"https:\/\/upload.wikimedia.org\/wikipedia\/de\/thumb\/3\/38\/UEFA_Under21_Championship.svg\/220px-UEFA_Under21_Championship.svg.png\" alt=\"U21-Europameisterschaft 2015 in Tschechien\" title=\"U21-Europameisterschaft 2015 in Tschechien\" \/><\/ul>\n<p>Auch in diesem Jahr gilt Deutschland als <a href=\"http:\/\/www.welt.de\/sport\/fussball\/article142192840\/U21-EM-2015-in-Tschechien-Spielplan-amp-DFB-Kader.html\" target=\"_blank\">Favorit auf den Titel<\/a> (einige der Spieler haben bereits in der A-Mannschaft deb\u00fctiert). Die Qualifikation zu diesem Turnier wurde auf jeden Fall unbeschadet \u00fcberstanden. Deutschland startet heute in Prag um 20 Uhr 45 in Prag gegen Serbien. Die <a href=\"http:\/\/programm.daserste.de\/pages\/programm\/detail.aspx?id=FC7C207D3EBC96635DA563E4C1B3AFB9\" target=\"_blank\">ARD \u00fcbertr\u00e4gt<\/a> das Spiel ab 20 Uhr 15.<\/p>\n<p>Was die <a href=\"https:\/\/de.wikipedia.org\/wiki\/Fu%C3%9Fball-Europameisterschaft\" target=\"_blank\">Fu\u00dfball-EM<\/a> f\u00fcr Europa ist, das ist die <a href=\"https:\/\/de.wikipedia.org\/wiki\/Copa_Am%C3%A9rica_2015\" target=\"_blank\">Copa Am\u00e9rica<\/a> f\u00fcr S\u00fcdamerika. In diesem Jahr findet diese in Chile statt. Eine Qualifikation zu diesem Turnier gibt es mangels L\u00e4ndermasse nicht &#8211; im Gegenteil: mit Jamaika und Mexiko hat man zwei Gastmannschaften eingeladen. Das Turnier hat mit drei Gruppen a vier Mannschaften begonnen, l\u00e4uft noch bis zum 4. Juli und endet im Estadio Nacional de Chile von Santiago de Chile.<\/p>\n<p>Und dann gibt es da noch die <a href=\"https:\/\/de.wikipedia.org\/wiki\/U-19-Fu%C3%9Fball-Europameisterschaft_2015\" target=\"_blank\">U19-Europameisterschaft<\/a> vom 6. Bis 19. Juli in Griechenland (ebenfalls mit deutscher Beteiligung).<\/p>\n<p>Wer also noch nicht satt ist vom Fu\u00dfball, der kann sich hier gen\u00fcgend Nachschlag holen. Die 2. Liga beginnt dann am 24. Juli, die Bundesliga am 14. August (siehe <a href=\"http:\/\/dfb-newsletter.yum.de\/media\/newsletter\/Rahmenterminkalender_2015_2016.pdf\" target=\"_blank\">Rahmenterminkalender 2015\/2016 als PDF<\/a>) \u2013 wenig Zeit zum Luftholen ;-).<\/p>\n","protected":false},"excerpt":{"rendered":"<p>Die Fu\u00dfball-Saison 2014\/2015 ist beendet: Die Bayern sind wieder einmal deutscher Meister geworden (sowohl die M\u00e4nner als auch die Frauen). Den DFB-Pokal holte sich der VfL Wolfsburg (gleichfalls die Damen und die Herren). Champions League-Sieger wurde dank Messi und Neymar und zum 5. Mal der FC Barcelona (bei den Frauen \u00fcbrigens zum 4. Mal der &hellip; <a href=\"https:\/\/willizblog.de\/?p=9252\" class=\"more-link\"><span class=\"screen-reader-text\">Turnierzeit (Sommerfu\u00dfball 2015)<\/span> weiterlesen <span class=\"meta-nav\">&rarr;<\/span><\/a><\/p>\n","protected":false},"author":1,"featured_media":0,"comment_status":"open","ping_status":"open","sticky":false,"template":"","format":"standard","meta":[],"categories":[39],"tags":[],"_links":{"self":[{"href":"https:\/\/willizblog.de\/index.php?rest_route=\/wp\/v2\/posts\/9252"}],"collection":[{"href":"https:\/\/willizblog.de\/index.php?rest_route=\/wp\/v2\/posts"}],"about":[{"href":"https:\/\/willizblog.de\/index.php?rest_route=\/wp\/v2\/types\/post"}],"author":[{"embeddable":true,"href":"https:\/\/willizblog.de\/index.php?rest_route=\/wp\/v2\/users\/1"}],"replies":[{"embeddable":true,"href":"https:\/\/willizblog.de\/index.php?rest_route=%2Fwp%2Fv2%2Fcomments&post=9252"}],"version-history":[{"count":0,"href":"https:\/\/willizblog.de\/index.php?rest_route=\/wp\/v2\/posts\/9252\/revisions"}],"wp:attachment":[{"href":"https:\/\/willizblog.de\/index.php?rest_route=%2Fwp%2Fv2%2Fmedia&parent=9252"}],"wp:term":[{"taxonomy":"category","embeddable":true,"href":"https:\/\/willizblog.de\/index.php?rest_route=%2Fwp%2Fv2%2Fcategories&post=9252"},{"taxonomy":"post_tag","embeddable":true,"href":"https:\/\/willizblog.de\/index.php?rest_route=%2Fwp%2Fv2%2Ftags&post=9252"}],"curies":[{"name":"wp","href":"https:\/\/api.w.org\/{rel}","templated":true}]}}