{"id":9257,"date":"2015-06-18T06:50:33","date_gmt":"2015-06-18T06:50:33","guid":{"rendered":"http:\/\/willizblog.de\/?p=9257"},"modified":"2015-06-18T06:52:57","modified_gmt":"2015-06-18T06:52:57","slug":"hurricane-wetter-2015","status":"publish","type":"post","link":"https:\/\/willizblog.de\/?p=9257","title":{"rendered":"Hurricane-Wetter 2015"},"content":{"rendered":"<p>Ich guck\u2019 gerade aus dem Fenster: Die Sonne scheint &#8230; Das kann nicht sein!  Ab morgen l\u00e4uft doch wieder das <a href=\"http:\/\/www.hurricane.de\/\" target=\"_blank\"><strong>Hurricane Festival<\/strong><\/a> unmittelbar vor unserer Haust\u00fcr am Eichenring <strong>in Schee\u00dfel<\/strong> zwischen Bremen und Hamburg. Hurricane sagt doch alles: Sturm und Regen: ein Matschbad geh\u00f6rt mit zur Tradition. Aber was nicht ist, soll ja noch werden \ud83d\ude09<\/p>\n<p>Vielleicht sollten die Veranstalter das Festival einfach mal umbenennen: <em>Fair Weather Festival<\/em> oder so.<\/p>\n<p><img src=\"http:\/\/www.bremerhaven-szene.de\/wp-content\/uploads\/2015\/01\/hurricane2015-300x200.jpg\" alt=\"Hurricane Festival 2015\" title=\"Hurricane Festival 2015\" \/><\/p>\n<p>\u00dcbrigens: Karten soll es wohl noch geben &#8230; Siehe auch:<\/p>\n<p><a href=\"https:\/\/twitter.com\/hurricanefstvl\" target=\"_blank\">Hurricane @ twitter.com<\/a><br \/>\n<a href=\"https:\/\/www.facebook.com\/hurricanefestival\" target=\"_blank\">Hurricane @ facebook.com<\/a><\/p>\n<p><em><strong>Wehe, wenn sie losgelassen &#8230;<\/strong><\/em><\/p>\n<p>Bereits heute geht es ja los. Um 14 Uhr 30 \u00f6ffnen sich die Tore zum Campingplatz und abends gibt es mit einem Warm-Up-Partymarathon bereits &#8217;ne ordentliche Breitseite Musik auf die Ohren. So reisen die ersten Fans an. Und das hei\u00dft: Wohnwagenkolonnen auf der B75, voll besetzte <a href=\"http:\/\/www.der-metronom.de\/fahrplan\/aktuelle-meldungen\/\" target=\"_blank\">Metronom-Z\u00fcge<\/a> zwischen Hamburg und Bremen. <\/p>\n<p>Mein j\u00fcngster Sohn mit seinen Kumpeln ist diesmal auch dabei. Vielleicht h\u00e4lt sich Regen (und Sturm) doch in Grenzen. Auf los geht\u2019s los!<\/p>\n","protected":false},"excerpt":{"rendered":"<p>Ich guck\u2019 gerade aus dem Fenster: Die Sonne scheint &#8230; Das kann nicht sein! Ab morgen l\u00e4uft doch wieder das Hurricane Festival unmittelbar vor unserer Haust\u00fcr am Eichenring in Schee\u00dfel zwischen Bremen und Hamburg. Hurricane sagt doch alles: Sturm und Regen: ein Matschbad geh\u00f6rt mit zur Tradition. Aber was nicht ist, soll ja noch werden &hellip; <a href=\"https:\/\/willizblog.de\/?p=9257\" class=\"more-link\"><span class=\"screen-reader-text\">Hurricane-Wetter 2015<\/span> weiterlesen <span class=\"meta-nav\">&rarr;<\/span><\/a><\/p>\n","protected":false},"author":1,"featured_media":0,"comment_status":"open","ping_status":"open","sticky":false,"template":"","format":"standard","meta":[],"categories":[22,16,5],"tags":[],"_links":{"self":[{"href":"https:\/\/willizblog.de\/index.php?rest_route=\/wp\/v2\/posts\/9257"}],"collection":[{"href":"https:\/\/willizblog.de\/index.php?rest_route=\/wp\/v2\/posts"}],"about":[{"href":"https:\/\/willizblog.de\/index.php?rest_route=\/wp\/v2\/types\/post"}],"author":[{"embeddable":true,"href":"https:\/\/willizblog.de\/index.php?rest_route=\/wp\/v2\/users\/1"}],"replies":[{"embeddable":true,"href":"https:\/\/willizblog.de\/index.php?rest_route=%2Fwp%2Fv2%2Fcomments&post=9257"}],"version-history":[{"count":0,"href":"https:\/\/willizblog.de\/index.php?rest_route=\/wp\/v2\/posts\/9257\/revisions"}],"wp:attachment":[{"href":"https:\/\/willizblog.de\/index.php?rest_route=%2Fwp%2Fv2%2Fmedia&parent=9257"}],"wp:term":[{"taxonomy":"category","embeddable":true,"href":"https:\/\/willizblog.de\/index.php?rest_route=%2Fwp%2Fv2%2Fcategories&post=9257"},{"taxonomy":"post_tag","embeddable":true,"href":"https:\/\/willizblog.de\/index.php?rest_route=%2Fwp%2Fv2%2Ftags&post=9257"}],"curies":[{"name":"wp","href":"https:\/\/api.w.org\/{rel}","templated":true}]}}