{"id":926,"date":"2007-08-18T00:18:41","date_gmt":"2007-08-17T22:18:41","guid":{"rendered":"http:\/\/www.albinz.de\/blog\/?p=926"},"modified":"2007-08-17T08:37:06","modified_gmt":"2007-08-17T06:37:06","slug":"werner-mit-janker-und-dread-locks","status":"publish","type":"post","link":"https:\/\/willizblog.de\/?p=926","title":{"rendered":"Werner mit Janker und Dread Locks"},"content":{"rendered":"<p>Auf der Heimreise von unserem Urlaub in Grainau mit der Bahn von Garmisch-Partenkirchen nach M\u00fcnchen ergatterte ich mit meiner Frau im ansonsten vollbesetzten Zug einen Zweierplatz gegen\u00fcber einem jungen Typen im aus Wolle gestrickten <a href=\"https:\/\/de.wikipedia.org\/wiki\/Janker\" target=\"_blank\">Janker<\/a> und mit blonden <a href=\"https:\/\/de.wikipedia.org\/wiki\/Dread_Locks\" target=\"_blank\">Dread Locks<\/a> (eine etwas ungew\u00f6hnliche Kombination). Er nippte an einem Coffee-to-go, verzog ver\u00e4chtlich den Mund, um anschlie\u00dfend aus einem versteckten Winkel eine Flasche Fl\u00fcssigbrot (Bier der Marke Hacker-Pschorr) hervorzuzaubern, aus der er weitaus gen\u00fcsslicher mehrere Schlucke nahm. Bayerisches Fr\u00fchst\u00fcck, dachte ich mir so.<\/p>\n<p><img src=\"https:\/\/www.albinz.net\/models\/janker.jpg\" alt=\"Janker\" \/><\/p>\n<p>Nach kurzer Zeit sprach er uns an, woher wir k\u00e4men und wohin wir f\u00fchren. Wir erz\u00e4hlten ihm, dass wir aus Hamburg kommen, besser: aus der Umgebung von Hamburg, und jetzt von Grainau zum M\u00fcnchner Flughafen wollten, um mit dem Flieger nach Hause zu fliegen. Ja, in Grainau h\u00e4tte er einen alten Onkel, ein grauer Kopf mit Lederhose, er kenne ihn nicht anders, als mit diesen Lederhosen. In Hamburg, nein, da w\u00e4re er noch nicht gewesen. Er w\u00e4re immer ohne Umwege nach Amsterdam gefahren usw.<\/p>\n<p>Wir kamen auf Hamburg zu sprechen: Da k\u00e4me doch der <a href=\"https:\/\/de.wikipedia.org\/wiki\/Hannes_Wader\" target=\"_blank\">Hannes Wader<\/a> her, der hat doch eine LP mit &#8222;plattd\u00fctschen&#8220; Liedern gemacht. Der k\u00f6nne doch nur aus Hamburg kommen. Und der <a href=\"https:\/\/de.wikipedia.org\/wiki\/Franz_Josef_Degenhardt\" target=\"_blank\">Franz Josef Degenhardt<\/a>, der kommt doch auch aus Hamburg. Der Name klingt aber doch sehr bayerisch, war meine Antwort. Ne, ein Bayer sei der nicht (inzwischen wei\u00df ich es: beide kommen aus Nordrhein-Westfalen). Also die &#8222;plattd\u00fctschen&#8220; Lieder, die finde er wirklich geil. Eine sch\u00f6ne Sprache. Das sagte er mit bayerischen Tonfall und nahm einen weiteren Schluck aus der Flasche.<\/p>\n<p>&#8222;Aber der <a href=\"https:\/\/de.wikipedia.org\/wiki\/Werner_%28Comic%29\" target=\"_blank\">Werner<\/a>, der kommt aus Hamburg. Ich hei\u00dfe n\u00e4mlich Werner!&#8220; Auch das war eher falsch, der kommt n\u00e4mlich aus Schleswig-Holstein. Ich half etwas nach: <a href=\"https:\/\/de.wikipedia.org\/wiki\/Udo_Lindenberg\" target=\"_blank\">Udo Lindenberg<\/a>! &#8222;Ja, der Udo, der wohnt doch in einem Nobelhotel und raucht immer Kr\u00e4uterzigaretten, sagt er.&#8220; Volltreffer. Selbst das mit dem Hotel wusste er (<a href=\"https:\/\/de.wikipedia.org\/wiki\/Hotel_Atlantic\" target=\"_blank\">Hotel Atlantic<\/a> an der Alster). Und schon begann er Lieder von Lindenberg anzustimmen. &#8222;Ja, erst neulich war ich in einer Kneipe, da hat ein Typ den Lindenberg nachgemacht. Der kannte fast jedes Lied &#8211; und er sang wie Lindenberg und sah auch fast so aus wie der.&#8220; Werner kramte sein Handy hervor und zeigte uns Fotos von seinem &#8222;Lindenberg&#8220;. Ein weiteres Foto zeigte <a href=\"https:\/\/de.wikipedia.org\/wiki\/Spongebob\" target=\"_blank\">Spongebob Schwammkopf<\/a>. Ja, der w\u00e4re auch geil. Aber sein Fernseher w\u00e4re kaputt, und so k\u00f6nne er ihn jetzt nicht mehr sehen. Ein Wink des Schicksals: So k\u00e4me er wieder dazu, mehr zu lesen. Wir unterhielten uns auch \u00fcber Literatur.<\/p>\n<p>Wir kamen nochmals auf Wader und Degenhardt zu sprechen. Von Wader kenne ich ja das Lied <a href=\"https:\/\/de.wikipedia.org\/wiki\/Trotz_alledem\" target=\"_blank\">&#8222;Trotz alledem&#8220;<\/a>, dessen Ursprung schottisch ist (<a href=\"https:\/\/www.willizblog.de\/?p=763\" target=\"_blank\">Robert Burns<\/a>). Und schon wieder sang er: &#8222;Trotz SPD und alledem &#8230;&#8220;<\/p>\n<p>Werner, ein witziger Typ: typisch bayerisch &#8211; und links. In Tutzing verabschiedete er sich, er m\u00fcsse noch mit der S-Bahn weiter, seinen Regenschirm (morgens hatte es geregnet) vergass er fast.<\/p>\n<p><em>Auch wenn Du dies nicht lesen wirst, Werner (&#8222;Fernsehen und so, der ganze Medienterror!&#8220;), die Stunde Fahrt mit Dir war sehr kurzweilig und das Gespr\u00e4ch sehr anregend.<\/em><\/p>\n","protected":false},"excerpt":{"rendered":"<p>Auf der Heimreise von unserem Urlaub in Grainau mit der Bahn von Garmisch-Partenkirchen nach M\u00fcnchen ergatterte ich mit meiner Frau im ansonsten vollbesetzten Zug einen Zweierplatz gegen\u00fcber einem jungen Typen im aus Wolle gestrickten Janker und mit blonden Dread Locks (eine etwas ungew\u00f6hnliche Kombination). Er nippte an einem Coffee-to-go, verzog ver\u00e4chtlich den Mund, um anschlie\u00dfend &hellip; <a href=\"https:\/\/willizblog.de\/?p=926\" class=\"more-link\"><span class=\"screen-reader-text\">Werner mit Janker und Dread Locks<\/span> weiterlesen <span class=\"meta-nav\">&rarr;<\/span><\/a><\/p>\n","protected":false},"author":1,"featured_media":0,"comment_status":"open","ping_status":"closed","sticky":false,"template":"","format":"standard","meta":[],"categories":[7,10],"tags":[],"_links":{"self":[{"href":"https:\/\/willizblog.de\/index.php?rest_route=\/wp\/v2\/posts\/926"}],"collection":[{"href":"https:\/\/willizblog.de\/index.php?rest_route=\/wp\/v2\/posts"}],"about":[{"href":"https:\/\/willizblog.de\/index.php?rest_route=\/wp\/v2\/types\/post"}],"author":[{"embeddable":true,"href":"https:\/\/willizblog.de\/index.php?rest_route=\/wp\/v2\/users\/1"}],"replies":[{"embeddable":true,"href":"https:\/\/willizblog.de\/index.php?rest_route=%2Fwp%2Fv2%2Fcomments&post=926"}],"version-history":[{"count":0,"href":"https:\/\/willizblog.de\/index.php?rest_route=\/wp\/v2\/posts\/926\/revisions"}],"wp:attachment":[{"href":"https:\/\/willizblog.de\/index.php?rest_route=%2Fwp%2Fv2%2Fmedia&parent=926"}],"wp:term":[{"taxonomy":"category","embeddable":true,"href":"https:\/\/willizblog.de\/index.php?rest_route=%2Fwp%2Fv2%2Fcategories&post=926"},{"taxonomy":"post_tag","embeddable":true,"href":"https:\/\/willizblog.de\/index.php?rest_route=%2Fwp%2Fv2%2Ftags&post=926"}],"curies":[{"name":"wp","href":"https:\/\/api.w.org\/{rel}","templated":true}]}}