{"id":9261,"date":"2015-06-23T12:03:04","date_gmt":"2015-06-23T12:03:04","guid":{"rendered":"http:\/\/willizblog.de\/?p=9261"},"modified":"2017-09-19T13:10:04","modified_gmt":"2017-09-19T13:10:04","slug":"nein-so-doch-nicht-sprueche-aus-der-kindheit","status":"publish","type":"post","link":"https:\/\/willizblog.de\/?p=9261","title":{"rendered":"Nein, so doch nicht &#8230; (4): Spr\u00fcche aus der Kindheit"},"content":{"rendered":"<p>Wer sich bestimmter Spr\u00fcche, <a href=\"https:\/\/willizblog.de\/?s=redenart\" target=\"_blank\">Sinnspr\u00fcche und Redensarten<\/a>, bedient, greift dabei auf Erkenntnisse zur\u00fcck, die das Leben einem gelehrt haben. Vieles stammt dabei aus dem <a href=\"https:\/\/de.wikipedia.org\/wiki\/Volksmund\" target=\"_blank\">Volksmund<\/a>, der gern herangezogen wird, um die <a href=\"https:\/\/de.wikipedia.org\/wiki\/Allgemeing%C3%BCltigkeit\" target=\"_blank\">Allgemeing\u00fcltigkeit<\/a> einer \u201aWeisheit\u2019 zu belegen. Allerdings sind solche Spr\u00fcche nicht wirklich immer berechtigt. Oft bedient man sich ihrer, z.B. um einen Schlussstrich unter einer Auseinandersetzung, einem Konflikt zu ziehen. <em>Punktum!<\/em><\/p>\n<p>Besonders gegen\u00fcber Kindern werden gern solche \u201aSpr\u00fcche\u2019 benutzt. Wer erinnert sich nicht an manche S\u00e4tze aus der Kindheit, die man noch immer in- und auswendig kennt, wahrscheinlich deshalb, weil sie auch heute noch im Sprachgebrauch vorhanden sind. Erstaunlich ist dabei wohl deren Z\u00e4higkeit, mit der sie sich am Leben erhalten, selbst wenn ihnen jegliches Zeitgem\u00e4\u00dfe l\u00e4ngst abhanden gekommen ist.<\/p>\n<p><img src=\"https:\/\/www.willizblog.de\/images\/nein_so_doch_nicht.jpg\" alt=\"Nein, so doch nicht: Spr\u00fcche aus der Kindheit\" title=\"Nein, so doch nicht: Spr\u00fcche aus der Kindheit\" \/><\/p>\n<p>Ich will nicht behaupten, von meinen Eltern st\u00e4ndig mit solchen \u201aLebensweisheiten\u2019 drangsaliert worden zu sein. Trotzdem kenne ich derer so viele, dass ich mich frage, wo ich diese aufgefangen habe. Allein, wenn es ums Essen oder Trinken geht, beherrschen manche Eltern ein umfangreiches Repertoire an solchen Spr\u00fcche:<\/p>\n<p><em>Wenn Du Deinen Teller leer isst, scheint morgen die Sonne!<br \/>\nEs wird gegessen, was auf den Tisch kommt!<br \/>\nDu bleibst hier so lange sitzen, bis Du aufgegessen hast.<br \/>\nWenn du Durst hast, dann trinkst du auch Wasser!<\/em><br \/>\n[kontraproduktiv ist dann allerdings:] <em>Von zu viel Leitungswasser kriegt man L\u00e4use im Bauch.<\/em><\/p>\n<p>Meine Frau und ich haben uns bem\u00fcht, solche Spr\u00fcche gegen\u00fcber unseren Kindern tunlichst zu vermeiden. Aber noch heute (die Kinder sind l\u00e4ngst erwachsen) kommt es mir in den Sinn und manchmal auch \u00fcber die Lippen, dass es morgen sch\u00f6nes Wetter geben muss, da ja alles aufgegessen wurde (das zeigt, wie sehr sich solche Spr\u00fcche eingepr\u00e4gt haben).<\/p>\n<p>Dass solche (oftmals dummen) Spr\u00fcche auch heute noch vielen Erwachsenen so verinnerlicht sind, zeigt in diesen Tagen und Wochen <a href=\"https:\/\/twitter.com\/\" target=\"_blank\">Twitter<\/a>, wo unter dem <a href=\"https:\/\/de.wikipedia.org\/wiki\/Hashtag\" target=\"_blank\">Hashtag<\/a> <a href=\"https:\/\/twitter.com\/search?q=%23spruchausderkindheit&#038;src=typd\" target=\"_blank\">#spruchausderkindheit<\/a> Tausende ihre Spr\u00fcche aus Kindeszeiten zum Besten geben.<\/p>\n<p>Hier nur einige diese Spr\u00fcche, an die ich mich auch heute noch bestens erinnere. Manche m\u00f6gen dann vielleicht doch nicht von so weit hergeholt zu sein:<\/p>\n<p><em>Jetzt beginnt der Ernst des Lebens.<br \/>\nWer es nicht im Kopf hat, der hat es in den Beinen.<br \/>\nDu wei\u00dft gar nicht, wie gut du es hast.<br \/>\nWir sind nicht &#8218;die anderen&#8216;!<\/em><\/p>\n<p><em>Erst die Arbeit, dann das Vergn\u00fcgen.<br \/>\nDas kannst du SO NICHT machen.<br \/>\nEin Indianer kennt keinen Schmerz.<br \/>\nDu musst erst mal kleine Br\u00f6tchen backen.<\/em><\/p>\n<p><em>Und wenn &#8230; von der Br\u00fccke springt, machst du das dann auch?<br \/>\nDu lernst nicht f\u00fcr die Schule, sondern f\u00fcr Dich und Deine Zukunft.<br \/>\nGenie\u00dfe die Schule, solange du noch kannst.<br \/>\nSetz die M\u00fctze auf!<\/em><\/p>\n<p><em>Schluck&#8216; den Kaugummi nicht, der verklebt den Magen.<br \/>\nWenn der B\u00e4cker redet, hat das Br\u00f6tchen still zu sein.<br \/>\nDu darfst wohl alles essen, aber nicht alles wissen.<br \/>\nWohin fahren wir? Immer der Nase nach.<\/em><\/p>\n<p><em>Man zeigt nicht mit nacktem Finger auf angezogene Leute!<br \/>\nWenn du Gro\u00dfmutter bist, tut es nicht mehr weh.<br \/>\nWenn\u2019s juckt und zwickt, dann heilt\u2019s.<br \/>\nDer Kl\u00fcgere gibt nach.<\/em><\/p>\n<p><em>Erstens kommt es anders, zweitens als man denkt.<br \/>\nMach dir anst\u00e4ndiges Licht, du verdirbst dir deine Augen.<br \/>\nIhr wisst gar nicht, wie gut ihr es habt.<\/em><\/p>\n","protected":false},"excerpt":{"rendered":"<p>Wer sich bestimmter Spr\u00fcche, Sinnspr\u00fcche und Redensarten, bedient, greift dabei auf Erkenntnisse zur\u00fcck, die das Leben einem gelehrt haben. Vieles stammt dabei aus dem Volksmund, der gern herangezogen wird, um die Allgemeing\u00fcltigkeit einer \u201aWeisheit\u2019 zu belegen. Allerdings sind solche Spr\u00fcche nicht wirklich immer berechtigt. Oft bedient man sich ihrer, z.B. um einen Schlussstrich unter einer &hellip; <a href=\"https:\/\/willizblog.de\/?p=9261\" class=\"more-link\"><span class=\"screen-reader-text\">Nein, so doch nicht &#8230; (4): Spr\u00fcche aus der Kindheit<\/span> weiterlesen <span class=\"meta-nav\">&rarr;<\/span><\/a><\/p>\n","protected":false},"author":1,"featured_media":0,"comment_status":"open","ping_status":"open","sticky":false,"template":"","format":"standard","meta":[],"categories":[1,7,15],"tags":[],"_links":{"self":[{"href":"https:\/\/willizblog.de\/index.php?rest_route=\/wp\/v2\/posts\/9261"}],"collection":[{"href":"https:\/\/willizblog.de\/index.php?rest_route=\/wp\/v2\/posts"}],"about":[{"href":"https:\/\/willizblog.de\/index.php?rest_route=\/wp\/v2\/types\/post"}],"author":[{"embeddable":true,"href":"https:\/\/willizblog.de\/index.php?rest_route=\/wp\/v2\/users\/1"}],"replies":[{"embeddable":true,"href":"https:\/\/willizblog.de\/index.php?rest_route=%2Fwp%2Fv2%2Fcomments&post=9261"}],"version-history":[{"count":0,"href":"https:\/\/willizblog.de\/index.php?rest_route=\/wp\/v2\/posts\/9261\/revisions"}],"wp:attachment":[{"href":"https:\/\/willizblog.de\/index.php?rest_route=%2Fwp%2Fv2%2Fmedia&parent=9261"}],"wp:term":[{"taxonomy":"category","embeddable":true,"href":"https:\/\/willizblog.de\/index.php?rest_route=%2Fwp%2Fv2%2Fcategories&post=9261"},{"taxonomy":"post_tag","embeddable":true,"href":"https:\/\/willizblog.de\/index.php?rest_route=%2Fwp%2Fv2%2Ftags&post=9261"}],"curies":[{"name":"wp","href":"https:\/\/api.w.org\/{rel}","templated":true}]}}