{"id":9264,"date":"2015-06-24T07:17:34","date_gmt":"2015-06-24T07:17:34","guid":{"rendered":"http:\/\/willizblog.de\/?p=9264"},"modified":"2015-06-24T13:00:27","modified_gmt":"2015-06-24T13:00:27","slug":"wenn-im-fahrstuhl-paternoster-der-tod-lauert","status":"publish","type":"post","link":"https:\/\/willizblog.de\/?p=9264","title":{"rendered":"Wenn im <strike>Fahrstuhl<\/strike> Paternoster der Tod lauert"},"content":{"rendered":"<p>Vor einigen Jahren weilte ich <a href=\"https:\/\/willizblog.de\/?p=3949\" target=\"_blank\">an fr\u00fcherer Wirkungsst\u00e4tte in Bremen<\/a> und benutzte dort einen der dort vorhandenen <a href=\"https:\/\/de.wikipedia.org\/wiki\/Paternosteraufzug\" target=\"_blank\">Personen-Umlaufaufz\u00fcge<\/a>, besser bekannt als <em>Paternoster<\/em>. Ich mag diese sich im st\u00e4ndigen Umlaufbetrieb befindlichen Aufzuganlagen, denn wer kennt es nicht, wenn er mit einem herk\u00f6mmlichen Aufzug fahren will: Der Aufzug befindet sich nat\u00fcrlich in einem weit entfernten Stockwerk, macht dann auf dem Weg mindestens noch ein-, zweimal Halt. Schon ist man entschlossen, die Treppe zu nehmen, da kommt er dann endlich. Okay, will man mit einem Paternoster fahren, dann sind die gerade kommenden Kabinen bereits besetzt \u2026<\/p>\n<ul><img src=\"https:\/\/www.willizblog.de\/images\/paternoster.jpg\" alt=\"Fahrt im Paternoster\" title=\"Fahrt im Paternoster\" \/><\/ul>\n<p><em>Reinspringen, fahren, rausspringen: Seit mehr als 100 Jahren fahren Paternoster-Fahrst\u00fchle auf und ab. F\u00fcr die meisten Menschen in Deutschland soll die Technik jetzt tabu sein &#8211; das ruft Widerstand hervor.<\/em><\/p>\n<p><em>Aus Sorge um ein Ende der verbliebenen Paternoster-Aufz\u00fcge regt sich in vielen deutschen St\u00e4dten Protest. Freunde der alten Technik wehren sich gegen eine neue Arbeitsschutz-Verordnung<\/em> (eine von Bundearbeitsministerin Andrea Nahles verf\u00fcgte \u201eBetriebssicherheitsverordnung f\u00fcr Umlauffahrst\u00fchle&#8220;), <em>die ab 1. Juni in Kraft getreten ist. Paternoster, die noch etwa in einigen B\u00fcroh\u00e4usern fahren, sollen dann nur noch von solchen Besch\u00e4ftigten benutzt werden d\u00fcrfen, die eigens eingewiesen wurden. F\u00fcr Besucher sollen die historischen Fahrst\u00fchle demnach nicht mehr zug\u00e4nglich sein.<\/em><\/p>\n<p><em>&#8222;Eingef\u00fchrt wurde eine Benutzungseinschr\u00e4nkung f\u00fcr Publikumsverkehr, weil es in der Vergangenheit immer wieder zu schweren Unf\u00e4llen und Todesf\u00e4llen gekommen ist&#8220;, betonte eine Sprecherin des Bundesarbeitsministeriums.<\/em><\/p>\n<p><em>In Oberhausen war ein kleiner Junge in einen Paternoster-Schacht gedr\u00fcckt worden. In Frankfurt\/Main klemmte sich eine Frau die Beine ein, in Mainz war ein Mann mit dem Kopf eingeklemmt worden. &#8222;Ich habe null Verst\u00e4ndnis f\u00fcr diese neue Vorschrift, denn ich kann mich an keinen nennenswerten Unfall, geschweige denn an einen Personenschaden erinnern&#8220;, sagte indes Stuttgarts Verwaltungsb\u00fcrgermeister Werner W\u00f6lfle (Gr\u00fcne). Das Ministerium in Berlin k\u00fcndigte bereits eine weitere Novelle f\u00fcr Herbst an, damit die Paternoster-Benutzung wieder einem breiteren Publikum erlaubt werden k\u00f6nne.<\/em><\/p>\n<p><em>Im Ausw\u00e4rtigen Amt sollen Besucher die Paternoster schon vorher weiterbenutzen k\u00f6nnen &#8211; wenn sie durch begleitende Besch\u00e4ftigte unterwiesen werden, wie es dort hie\u00df. Nicht gestattet sei die Nutzung etwa mit beweglichen Transportmitteln wie Aktenwagen.<\/em><\/p>\n<p><em>Die Stadt Kiel will ihren Mitarbeitern ein kleines Merkblatt mit Sicherheitshinweisen geben. Die Paternoster-Nutzung im Rathaus ist dort bereits auf Besch\u00e4ftigte beschr\u00e4nkt, &#8222;um Gef\u00e4hrdungen unge\u00fcbter Personen auszuschlie\u00dfen&#8220;. Bisher kl\u00e4ren \u00e4ltere Kollegen neue Mitarbeiter \u00fcber den Paternoster auf.<\/em><br \/>\n(Quelle: u.a. <a href=\"http:\/\/www.heute.de\/nostalgie-aufzuege-fans-befuerchten-aus-fuer-paternoster-38672852.html\" target=\"_blank\">heute.de<\/a>)<\/p>\n<p>Sicherlich sind Paternoster-Aufz\u00fcge wenig geeignet f\u00fcr Personen, die gehbehindert sind. Auch sollte man sie nicht zum Transport f\u00fcr irgendwelche Lasten benutzen. Ansonsten sind sie ein wunderbares, technisches Relikt aus sicherlich nicht besseren, aber doch eher gem\u00e4chlicheren Zeiten. Schade, wenn Paternoster g\u00e4nzlich aus dem Verkehr gezogen werden sollten.<\/p>\n<p>Man darf gespannt sein, wann die Berliner oder Br\u00fcsseler Reglementierungswut entdeckt, dass z.B. auch Treppen, herk\u00f6mmliche Fahrst\u00fchle und Rolltreppen ein \u201aunkalkulierbares Risiko\u2018 darstellen. Treppenbenutzung w\u00e4re dann auch nur noch mit einem entsprechenden \u201aF\u00fchrerschein\u2018 m\u00f6glich. Bremen plant eine eigene Verordnung zur Benutzung der zwei \u00f6ffentlich zug\u00e4nglichen Paternoster in der Stadt (<a href=\"https:\/\/de.wikipedia.org\/wiki\/Haus_des_Reichs\" target=\"_blank\">Haus des Reichs<\/a> und die <a href=\"https:\/\/de.wikipedia.org\/wiki\/Bremer_Baumwollb%C3%B6rse\" target=\"_blank\">Baumwollb\u00f6rse<\/a>). Die Paternoster d\u00fcrfen danach auch hier nur noch von Personen benutzt werden, die vorher eine entsprechende Einweisung erhalten haben. \u00dcbrigens den Paternoster in der <em>Bremer Baumwollb\u00f6rse<\/em> gibt es seit 1928. Und er l\u00e4uft und l\u00e4uft und l\u00e4uft \u2026 Und der Tod lauert sonst wo, aber nun wirklich nicht im Paternoster!<\/p>\n<p><iframe loading=\"lazy\" width=\"560\" height=\"315\" src=\"https:\/\/www.youtube.com\/embed\/RZBRncQjEAQ\" frameborder=\"0\" allowfullscreen><\/iframe><br \/>\nBremen plant eigene Paternoster-Verordnung<\/p>\n<p><strong>Frisch aus der &#8218;Presse&#8216;:<\/strong> Nach Protesten kippt die Regierung das Paternoster-Verbot wieder. Eine \u00c4nderung der Betriebssicherheitsverordnung passierte am Mittwoch das Bundeskabinett. Betreiber werden nun verpflichtet, auf die Gefahren dieser historischen Aufz\u00fcge hinzuweisen. Benutzer sollen etwa mit Schildern angehalten werden, sich so zu verhalten, dass nichts passiert. Besonders sollen keine Lasten in einem Paternoster transportiert werden.<\/p>\n","protected":false},"excerpt":{"rendered":"<p>Vor einigen Jahren weilte ich an fr\u00fcherer Wirkungsst\u00e4tte in Bremen und benutzte dort einen der dort vorhandenen Personen-Umlaufaufz\u00fcge, besser bekannt als Paternoster. Ich mag diese sich im st\u00e4ndigen Umlaufbetrieb befindlichen Aufzuganlagen, denn wer kennt es nicht, wenn er mit einem herk\u00f6mmlichen Aufzug fahren will: Der Aufzug befindet sich nat\u00fcrlich in einem weit entfernten Stockwerk, macht &hellip; <a href=\"https:\/\/willizblog.de\/?p=9264\" class=\"more-link\"><span class=\"screen-reader-text\">Wenn im <strike>Fahrstuhl<\/strike> Paternoster der Tod lauert<\/span> weiterlesen <span class=\"meta-nav\">&rarr;<\/span><\/a><\/p>\n","protected":false},"author":1,"featured_media":0,"comment_status":"open","ping_status":"open","sticky":false,"template":"","format":"standard","meta":[],"categories":[1],"tags":[],"_links":{"self":[{"href":"https:\/\/willizblog.de\/index.php?rest_route=\/wp\/v2\/posts\/9264"}],"collection":[{"href":"https:\/\/willizblog.de\/index.php?rest_route=\/wp\/v2\/posts"}],"about":[{"href":"https:\/\/willizblog.de\/index.php?rest_route=\/wp\/v2\/types\/post"}],"author":[{"embeddable":true,"href":"https:\/\/willizblog.de\/index.php?rest_route=\/wp\/v2\/users\/1"}],"replies":[{"embeddable":true,"href":"https:\/\/willizblog.de\/index.php?rest_route=%2Fwp%2Fv2%2Fcomments&post=9264"}],"version-history":[{"count":0,"href":"https:\/\/willizblog.de\/index.php?rest_route=\/wp\/v2\/posts\/9264\/revisions"}],"wp:attachment":[{"href":"https:\/\/willizblog.de\/index.php?rest_route=%2Fwp%2Fv2%2Fmedia&parent=9264"}],"wp:term":[{"taxonomy":"category","embeddable":true,"href":"https:\/\/willizblog.de\/index.php?rest_route=%2Fwp%2Fv2%2Fcategories&post=9264"},{"taxonomy":"post_tag","embeddable":true,"href":"https:\/\/willizblog.de\/index.php?rest_route=%2Fwp%2Fv2%2Ftags&post=9264"}],"curies":[{"name":"wp","href":"https:\/\/api.w.org\/{rel}","templated":true}]}}