{"id":927,"date":"2007-08-20T05:22:30","date_gmt":"2007-08-20T03:22:30","guid":{"rendered":"http:\/\/www.albinz.de\/blog\/?p=927"},"modified":"2008-05-19T11:54:21","modified_gmt":"2008-05-19T09:54:21","slug":"werders-fehlstart-2-spieltag-bl-200708","status":"publish","type":"post","link":"https:\/\/willizblog.de\/?p=927","title":{"rendered":"Werders Fehlstart (2. Spieltag BL 2007\/08)"},"content":{"rendered":"<p>Ich muss es gleich gestehen: Meine &#8222;Fu\u00dfball-Begeisterung&#8220; hat in den letzten Monaten sehr gelitten (sie war schon lange nicht mehr sehr gro\u00df). Es geht beim Fu\u00dfball fast nur noch ums Geld. Au\u00dferdem ist es der reinste Menschenhandel (Spielertransfers). Und das Umfeld (betrunkene, randalierende und\/oder rassistische Fans) hat mich schon lange davon abgehalten, ein Fu\u00dfballstadion zu besuchen.<\/p>\n<p>Nun will ich aber mein Lieb\u00e4ugeln mit Werder Bremen nicht von heute auf morgen leugnen, nur weil der Mannschaft am Ende der letzten Saison die Luft ausgegangen ist und der Auftakt zur neuen Saison ein grandioser Fehlstart ist. So schnell lasse ich mich auch nicht abschrecken.<\/p>\n<p>Nat\u00fcrlich kann ich meine Entt\u00e4uschung \u00fcber die 0:4-Klatsche (so nennt man das in Fu\u00dfballerkreisen) gegen Bayern M\u00fcnchen nicht bestreiten. M\u00f6gen sich die Bayern durch viel Geld mit guten Spielern tats\u00e4chlich verst\u00e4rkt haben. M\u00f6gen einige Leistungstr\u00e4ger von Werder noch verletzt und andere noch nicht g\u00e4nzlich fit sein (Naldo und Diego, die erst sp\u00e4t ins Trainung gekommen sind). Aber so darf man sich selbst (oder gerade) von den Bayern nicht abkanzeln lassen.<\/p>\n<p><img src=\"https:\/\/www.willizblog.de\/albpics\/werder0708_st02.jpg\" alt=\"Werder - Bayern 0:4\" \/><\/p>\n<p>Auch im weiteren Saisonauftakt (Ligapokal, DBF-Pokal, Champions League-Qualifikation) konnte die Mannschaft bisher spielerisch kaum \u00fcberzeugen. Bekanntlich kann es jetzt nur noch besser werden. Aber ich f\u00fcrchte: Es wird ein ganz schweres Jahr f\u00fcr Werder Bremen. Gro\u00dfe Blument\u00f6pfe werden nicht gewonnen werden. Und zun\u00e4chst wird es sogar ein Kampf darum sein, aus dem unteren Drittel der Bundesliga zu enteilen (Der HSV des Vorjahres l\u00e4sst gr\u00fc\u00dfen. Und was war da am Ende die Konsequenz?).<\/p>\n","protected":false},"excerpt":{"rendered":"<p>Ich muss es gleich gestehen: Meine &#8222;Fu\u00dfball-Begeisterung&#8220; hat in den letzten Monaten sehr gelitten (sie war schon lange nicht mehr sehr gro\u00df). Es geht beim Fu\u00dfball fast nur noch ums Geld. Au\u00dferdem ist es der reinste Menschenhandel (Spielertransfers). Und das Umfeld (betrunkene, randalierende und\/oder rassistische Fans) hat mich schon lange davon abgehalten, ein Fu\u00dfballstadion zu &hellip; <a href=\"https:\/\/willizblog.de\/?p=927\" class=\"more-link\"><span class=\"screen-reader-text\">Werders Fehlstart (2. Spieltag BL 2007\/08)<\/span> weiterlesen <span class=\"meta-nav\">&rarr;<\/span><\/a><\/p>\n","protected":false},"author":1,"featured_media":0,"comment_status":"open","ping_status":"closed","sticky":false,"template":"","format":"standard","meta":[],"categories":[27],"tags":[],"_links":{"self":[{"href":"https:\/\/willizblog.de\/index.php?rest_route=\/wp\/v2\/posts\/927"}],"collection":[{"href":"https:\/\/willizblog.de\/index.php?rest_route=\/wp\/v2\/posts"}],"about":[{"href":"https:\/\/willizblog.de\/index.php?rest_route=\/wp\/v2\/types\/post"}],"author":[{"embeddable":true,"href":"https:\/\/willizblog.de\/index.php?rest_route=\/wp\/v2\/users\/1"}],"replies":[{"embeddable":true,"href":"https:\/\/willizblog.de\/index.php?rest_route=%2Fwp%2Fv2%2Fcomments&post=927"}],"version-history":[{"count":0,"href":"https:\/\/willizblog.de\/index.php?rest_route=\/wp\/v2\/posts\/927\/revisions"}],"wp:attachment":[{"href":"https:\/\/willizblog.de\/index.php?rest_route=%2Fwp%2Fv2%2Fmedia&parent=927"}],"wp:term":[{"taxonomy":"category","embeddable":true,"href":"https:\/\/willizblog.de\/index.php?rest_route=%2Fwp%2Fv2%2Fcategories&post=927"},{"taxonomy":"post_tag","embeddable":true,"href":"https:\/\/willizblog.de\/index.php?rest_route=%2Fwp%2Fv2%2Ftags&post=927"}],"curies":[{"name":"wp","href":"https:\/\/api.w.org\/{rel}","templated":true}]}}