{"id":9274,"date":"2015-06-26T05:41:19","date_gmt":"2015-06-26T05:41:19","guid":{"rendered":"http:\/\/willizblog.de\/?p=9274"},"modified":"2015-06-26T05:43:56","modified_gmt":"2015-06-26T05:43:56","slug":"tatort-952-aus-stuttgart-der-inder-2015","status":"publish","type":"post","link":"https:\/\/willizblog.de\/?p=9274","title":{"rendered":"Tatort (952) aus Stuttgart: Der Inder (2015)"},"content":{"rendered":"<p>Der neueste Tatort (952) aus Stuttgart <a href=\"http:\/\/www.tatort-fundus.de\/web\/folgen\/chrono\/ab-2010\/2015\/952-der-inder.html\" target=\"_blank\">Der Inder<\/a> entpuppte sich als schw\u00e4bischer Politthriller, also etwas gem\u00e4chlich, aber auch als durchaus spannend. Im Mittelpunkt: <a href=\"https:\/\/de.wikipedia.org\/wiki\/Stuttgart_21\" target=\"_blank\">Stuttgart 21<\/a>, einem <em>in Bau befindliches Verkehrs- und St\u00e4dtebauprojekt zur Neuordnung des Eisenbahnknotens Stuttgart. Kernst\u00fcck ist der Umbau des Kopfbahnhofes Stuttgart Hauptbahnhof in einen unterirdischen Durchgangsbahnhof. Die Zulaufstrecken werden in Tunneln verlegt und die frei werdenden Gleisfl\u00e4chen der Stadtentwicklung zur Verf\u00fcgung gestellt.<\/em> Trotz der Auseinandersetzung mit den aktuellen wirtschaftspolitischen Vorg\u00e4nge ist diese Tatort-Folge ein Krimi: Kurz nach seinem Auftritt vor einem Untersuchungsausschuss wird ein f\u00fcr den Bahnhofsbau zust\u00e4ndiger fr\u00fcherer Staatssekret\u00e4r ermordet; selbst der abgew\u00e4hlte Ministerpr\u00e4sident ger\u00e4t ins Visier der Ermittler. Diesen wollte man anfangs wohl etwas mehr in den Mittelpunkt stellen, was dann aber unterblieb. Trotzdem d\u00fcrfte sich <a href=\"https:\/\/de.wikipedia.org\/wiki\/Stefan_Mappus\" target=\"_blank\">Herr Mappus<\/a> in Gestalt des Rubert Heinerle (von <a href=\"https:\/\/de.wikipedia.org\/wiki\/Ulrich_Gebauer\" target=\"_blank\">Ulrich Gebauer<\/a> wunderbar gespielt) als machtbesessener Politiker wiedererkannt haben, der es nicht verstehen kann, dass man ihn nicht wiedergew\u00e4hlt hatte. <\/p>\n<ul><img src=\"http:\/\/www.fernsehlexikon.de\/wp-content\/Tatort_Vorspann.jpg\" alt=\"Tatort \u2013 TV-Reihe der ARD (seit 1970)\" title=\"Tatort \u2013 TV-Reihe der ARD (seit 1970)\" \/><\/ul>\n<p>Zun\u00e4chst wirkt der Film etwas un\u00fcbersichtlich, da er fortw\u00e4hrend zwischen verschiedenen zeitlichen Ebenen hin- und herh\u00fcpft. Nach und nach entsteht aber so wie bei einem Puzzle das Gesamtbild. So \u00f6ffnet am Anfang des Films im Beisein der beiden <a href=\"https:\/\/de.wikipedia.org\/wiki\/Lannert_und_Bootz\" target=\"_blank\">Kommissare Lannert und Bootz<\/a> der Gerichtsmediziner einen in Plastik verschwei\u00dften Koffer, der eine ma\u00dfgerecht zerst\u00fcckelte M\u00e4nnerleiche freigibt. Erst am Ende erfahren wir, um welche Person es sich bei dem Toten handelt.<\/p>\n<p>Bei ersten Ermittlungen sto\u00dfen die beiden Kommissare rasch auf den Architekten Busso von Mayer, mit dessen Namen sich ein gro\u00dfer Skandal der Vergangenheit verbindet: Der Architekt hatte auf dem Stuttgart-21-Gel\u00e4nde ein millionenschweres, vision\u00e4res Bauprojekt geplant, f\u00fcr dessen Finanzierung sich ein indischer Investor fand \u2013 der sich jedoch letztlich als Hochstapler entpuppte (daher auch der eher etwas irref\u00fchrende Titel der Folge, denn \u201ader Inder\u2018 spielt eigentlich keine weitere Rolle).<\/p>\n<p>Eben dieser inhaftierte Architekt (<a href=\"https:\/\/de.wikipedia.org\/wiki\/Thomas_Thieme\" target=\"_blank\">Thomas Thieme<\/a> verleiht der Rolle \u201avolles Gewicht\u2018) r\u00fcckt immer mehr ins Geschehen. Besonders reizvoll sind die Dialoge zwischen ihm und dem Ermittler Lannert, z.B. wenn Mayer die Stadt Stuttgart beschreibt: &#8222;Schauen Sie sich Stuttgart an: ein Drecksloch, ein st\u00e4dtebaulicher Irrtum, ein zubetonierter Talkessel, der von den Abgasen einer ewig im Stau stehenden Blechlawine aufgeheizt wird.&#8220;<\/p>\n<p><iframe loading=\"lazy\" width=\"560\" height=\"315\" src=\"https:\/\/www.youtube.com\/embed\/ZxsH1nPxU80\" frameborder=\"0\" allowfullscreen><\/iframe><br \/>\nTatort (952) aus Stuttgart: Der Inder (2015)<\/p>\n<p>Ein Geflecht von Macht und Manipulation zeichnet sich ab. Geht es um mehr als Wirtschaftskriminalit\u00e4t? Spuren deuten darauf hin, dass ein professioneller Auftragskiller die t\u00f6dlichen Sch\u00fcsse auf den ehemaligen Staatssekret\u00e4r abgab und: Der T\u00e4ter wurde verletzt. Nur wer gab den Auftrag? Und wo ist der Killer?<\/p>\n<p>Man kann die Handlung dieses Tatorts nicht unbedingt mit den wirklichen Ereignissen um Stuttgart 21 <a href=\"http:\/\/www.spiegel.de\/politik\/deutschland\/tatort-aus-stuttgart-der-inder-ueber-s21-faktencheck-a-1039075.html\" target=\"_blank\">in Beziehung setzen<\/a>, auch wenn es im \u201awirklichen Leben\u2018 sicherlich Kungeleien, vielleicht auch Bestechung gab. Denn schlie\u00dflich geht es bei solchen Gro\u00dfprojekten (wie auch bei den ewigen Baustellen <a href=\"https:\/\/de.wikipedia.org\/wiki\/Flughafen_Berlin_Brandenburg\" target=\"_blank\">Flughafen Berlin-Brandenburg<\/a> oder der <a href=\"https:\/\/de.wikipedia.org\/wiki\/Elbphilharmonie\" target=\"_blank\">Elbphilharmonie<\/a> in Hamburg) um viel, zu viel Geld. Es wundert mich fast, dass es so lange dauerte, bis Stuttgart 21 in einem Tatort thematisiert wurde. Denn Deutschlands Gro\u00dfbaustellen scheinen sich f\u00fcr Tatort-Krimis (<a href=\"https:\/\/willizblog.de\/?p=9103\" target=\"_blank\">zuletzt in Berlin<\/a>) als Location bestens zu eignen.<\/p>\n<p>Neben der gewiss interessanten Thematik punktet diese Tatort-Folge besonders durch eine abwechslungsreiche Bildsprache, die durch viele Details besticht und voll und ganz im Dienst der Geschichte steht. Die Musik tut ihr \u00dcbriges dazu (siehe auch <a href=\"http:\/\/www.tittelbach.tv\/programm\/reihe\/artikel-3718.html\" target=\"_blank\">tittelbach.tv<\/a>). Und der Film hat zudem seine humorvollen Seiten. Dabei f\u00fcgt sich alles Stein f\u00fcr Stein \u2013 eher noch wie ein Mosaik zu einem Gesamtbild zusammen. Das Drehbuch stammt von <a href=\"https:\/\/de.wikipedia.org\/wiki\/Niki_Stein\" target=\"_blank\">Niki Stein<\/a>, der auch Regie f\u00fchrte und der schon f\u00fcr andere  au\u00dfergew\u00f6hnliche Tatort-Folgen verantwortlich zeichnete.<\/p>\n","protected":false},"excerpt":{"rendered":"<p>Der neueste Tatort (952) aus Stuttgart Der Inder entpuppte sich als schw\u00e4bischer Politthriller, also etwas gem\u00e4chlich, aber auch als durchaus spannend. Im Mittelpunkt: Stuttgart 21, einem in Bau befindliches Verkehrs- und St\u00e4dtebauprojekt zur Neuordnung des Eisenbahnknotens Stuttgart. Kernst\u00fcck ist der Umbau des Kopfbahnhofes Stuttgart Hauptbahnhof in einen unterirdischen Durchgangsbahnhof. Die Zulaufstrecken werden in Tunneln verlegt &hellip; <a href=\"https:\/\/willizblog.de\/?p=9274\" class=\"more-link\"><span class=\"screen-reader-text\">Tatort (952) aus Stuttgart: Der Inder (2015)<\/span> weiterlesen <span class=\"meta-nav\">&rarr;<\/span><\/a><\/p>\n","protected":false},"author":1,"featured_media":0,"comment_status":"open","ping_status":"open","sticky":false,"template":"","format":"standard","meta":[],"categories":[441],"tags":[],"_links":{"self":[{"href":"https:\/\/willizblog.de\/index.php?rest_route=\/wp\/v2\/posts\/9274"}],"collection":[{"href":"https:\/\/willizblog.de\/index.php?rest_route=\/wp\/v2\/posts"}],"about":[{"href":"https:\/\/willizblog.de\/index.php?rest_route=\/wp\/v2\/types\/post"}],"author":[{"embeddable":true,"href":"https:\/\/willizblog.de\/index.php?rest_route=\/wp\/v2\/users\/1"}],"replies":[{"embeddable":true,"href":"https:\/\/willizblog.de\/index.php?rest_route=%2Fwp%2Fv2%2Fcomments&post=9274"}],"version-history":[{"count":0,"href":"https:\/\/willizblog.de\/index.php?rest_route=\/wp\/v2\/posts\/9274\/revisions"}],"wp:attachment":[{"href":"https:\/\/willizblog.de\/index.php?rest_route=%2Fwp%2Fv2%2Fmedia&parent=9274"}],"wp:term":[{"taxonomy":"category","embeddable":true,"href":"https:\/\/willizblog.de\/index.php?rest_route=%2Fwp%2Fv2%2Fcategories&post=9274"},{"taxonomy":"post_tag","embeddable":true,"href":"https:\/\/willizblog.de\/index.php?rest_route=%2Fwp%2Fv2%2Ftags&post=9274"}],"curies":[{"name":"wp","href":"https:\/\/api.w.org\/{rel}","templated":true}]}}