{"id":93,"date":"2005-04-04T05:20:11","date_gmt":"2005-04-04T04:20:11","guid":{"rendered":"http:\/\/www.albinz.de\/blog\/?p=93"},"modified":"2006-12-04T10:45:41","modified_gmt":"2006-12-04T08:45:41","slug":"der-zug-ist-abgefahren-27-spieltag-bl-20042005","status":"publish","type":"post","link":"https:\/\/willizblog.de\/?p=93","title":{"rendered":"Der Zug ist abgefahren (27. Spieltag BL 2004\/2005)"},"content":{"rendered":"<p>Der Meisterschaftszug ist f\u00fcr Werder Bremen nach der ungl\u00fccklichen Heimniederlage gegen den VfB Stuttgart f\u00fcr diese Saison abgefahren. Stuttgart baut so seinen 3. Tabellenplatz, der zur Qualifizierung zur Champions League berechtigt, weiter aus. Jetzt muss Werder sogar noch um einen UEFA-Cup-Platz bangen, wenn auch der 4. Platz gehalten wurde.<\/p>\n","protected":false},"excerpt":{"rendered":"<p>Der Meisterschaftszug ist f\u00fcr Werder Bremen nach der ungl\u00fccklichen Heimniederlage gegen den VfB Stuttgart f\u00fcr diese Saison abgefahren. Stuttgart baut so seinen 3. Tabellenplatz, der zur Qualifizierung zur Champions League berechtigt, weiter aus. Jetzt muss Werder sogar noch um einen UEFA-Cup-Platz bangen, wenn auch der 4. Platz gehalten wurde.<\/p>\n","protected":false},"author":1,"featured_media":0,"comment_status":"closed","ping_status":"closed","sticky":false,"template":"","format":"standard","meta":[],"categories":[27],"tags":[],"_links":{"self":[{"href":"https:\/\/willizblog.de\/index.php?rest_route=\/wp\/v2\/posts\/93"}],"collection":[{"href":"https:\/\/willizblog.de\/index.php?rest_route=\/wp\/v2\/posts"}],"about":[{"href":"https:\/\/willizblog.de\/index.php?rest_route=\/wp\/v2\/types\/post"}],"author":[{"embeddable":true,"href":"https:\/\/willizblog.de\/index.php?rest_route=\/wp\/v2\/users\/1"}],"replies":[{"embeddable":true,"href":"https:\/\/willizblog.de\/index.php?rest_route=%2Fwp%2Fv2%2Fcomments&post=93"}],"version-history":[{"count":0,"href":"https:\/\/willizblog.de\/index.php?rest_route=\/wp\/v2\/posts\/93\/revisions"}],"wp:attachment":[{"href":"https:\/\/willizblog.de\/index.php?rest_route=%2Fwp%2Fv2%2Fmedia&parent=93"}],"wp:term":[{"taxonomy":"category","embeddable":true,"href":"https:\/\/willizblog.de\/index.php?rest_route=%2Fwp%2Fv2%2Fcategories&post=93"},{"taxonomy":"post_tag","embeddable":true,"href":"https:\/\/willizblog.de\/index.php?rest_route=%2Fwp%2Fv2%2Ftags&post=93"}],"curies":[{"name":"wp","href":"https:\/\/api.w.org\/{rel}","templated":true}]}}