{"id":9312,"date":"2015-07-03T00:30:20","date_gmt":"2015-07-03T00:30:20","guid":{"rendered":"http:\/\/willizblog.de\/?p=9312"},"modified":"2015-07-03T05:41:23","modified_gmt":"2015-07-03T05:41:23","slug":"die-erste-grosse-hitzewelle-des-jahres-2015","status":"publish","type":"post","link":"https:\/\/willizblog.de\/?p=9312","title":{"rendered":"Die erste gro\u00dfe Hitzewelle des Jahres 2015"},"content":{"rendered":"<p>Wirklich sommerlich war der Juni in diesem Jahr leider nicht, manchmal eher aprilm\u00e4\u00dfig wechselhaft. Aber die erste gro\u00dfe Hitzewelle k\u00fcndigte sich bereits in den letzten Juni-Tagen an. Jetzt am Wochenende soll es so richtig hei\u00df werden \u2013 mit Temperaturen an die 40 \u00b0 C (vielleicht auch an einige Orten dar\u00fcber). Selbst Hitzerekorde kommen da ins Wanken. Wie nicht anders zu erwarten, so kommt diese Hitze direkt aus Afrika.<\/p>\n<p>Da ist Grillen angesagt. Und wer nicht selbst gegrillt werden m\u00f6chte, der sollte sich rechtzeitig ein schattiges Pl\u00e4tzchen suchen. Badeanstalten d\u00fcrften eher \u00fcberlaufen sein. Auf jeden Fall ist leichte Kost angesagt \u2013 und das Trinken nicht vergessen! Wer nicht anders kann und die Tage unterwegs verbringt, sollte sich mit gen\u00fcgend Getr\u00e4nke (am besten ist dann doch Mineralwasser) versorgen. Dann w\u00fcnsche ich fr\u00f6hliches Schwitzen!<\/p>\n<p><img src=\"https:\/\/www.willizblog.de\/images\/wetter_2015_07_04.jpg\" alt=\"Die erste gro\u00dfe Hitzewelle des Jahres 2015: Aussichten f\u00fcr Sa., 04.07. bis Mo., 06.07.\" title=\"Die erste gro\u00dfe Hitzewelle des Jahres 2015: Aussichten f\u00fcr Sa., 04.07. bis Mo., 06.07.\" \/><\/p>\n<p>Hier die Aussichten f\u00fcr die n\u00e4chsten Tage (Quelle: <a href=\"http:\/\/www.wetter.de\/\" target=\"_blank\">wetter.de<\/a>)<\/p>\n<p><em><strong>Freitag:<\/strong> Es wird noch hei\u00dfer: Auch Hamburg und Hannover knacken die 35 Grad &#8211; ohne Probleme. Um 39 Grad in Mannheim\/Heidelberg! Auch Th\u00fcringen und Sachsen-Anhalt \u00e4chzen unter weit mehr als 30 Grad, auch in Sachsen sind 33 Grad oder mehr keine H\u00fcrde mehr. Berlin \u00fcberspringt auch die 30-Gradmarke. Au\u00dfer in Ostfriesland und auf Sylt wird es in ganz Deutschland 30 Grad und w\u00e4rmer. In der gesamten Westh\u00e4lfte darf man sich auf eine weitere tropische Nacht einstellen und eventuell auf einzelne Hitzegewitter.<\/em><\/p>\n<p><em><strong>Samstag:<\/strong> Der Samstag wird wohl der hei\u00dfeste Tag der Woche. Die Rekordwerte werden allem Anschein nach purzeln. Die 40-Grad-Marke d\u00fcrfte in mehreren Gegenden tats\u00e4chlich geknackt werden. Es geht um das M\u00fcnsterland, das s\u00fcdliche Niedersachsen und weiterhin den S\u00fcdwesten Deutschlands. F\u00fcr G\u00f6ttingen und Mannheim sind 41 Grad berechnet. Es kann au\u00dfer an den K\u00fcsten im gesamten Land hei\u00dfer als 35 Grad werden. Das ist nicht mehr lustig und stellt vor allem f\u00fcr \u00e4ltere Menschen eine gro\u00dfe Gefahr dar. Nachts m\u00f6glicherweise sogar 25 Grad! Schlafen Sie auf dem Balkon.<\/em><\/p>\n<p><em><strong>Sonntag:<\/strong> Leichter Temperaturr\u00fcckgang im Nordwesten. In Hamburg fallen die Werte auf 35, in K\u00f6ln auf 33 Grad. Es kann zu schweren Hitzegewittern kommen. Im S\u00fcden und Osten immer noch 35 Grad und mehr. Im Raum Mannheim immer noch sehr hei\u00df mit \u00fcber 40 Grad.<\/em><\/p>\n<p><em><strong>Montag:<\/strong> Die ganz gro\u00dfe Hitze scheint am Montag endlich vor\u00fcber. Zwar gibt es immer noch bis zu 35 Grad im Glutofen im Rhein-Main-Neckar-Gebiet und in der Lausitz, doch an der K\u00fcste sind wir schon wieder im normalen Bereich zwischen 20 und 25 Grad. Das wird uns dann kalt vorkommen. Verbreitet gibt es noch einmal knapp 30 Grad, doch das ist ja nach den heftigen Temperaturen der vorherigen Tage dann fast angenehm.<\/em><\/p>\n<p><em><strong>Tendenz:<\/strong> Die Hochsommerlage bleibt bestehen. Vor allem im S\u00fcdwesten sieht es \u00fcberhaupt nicht nach einer Abk\u00fchlung aus. Da bleiben die Temperaturen tags\u00fcber konstant bei rund 35 Grad. Die Gewittergefahr steigt vor allem am Dienstag stark an. Danach sieht es bis zum Wochenende nach sch\u00f6nem Sommerwetter aus. Die Temperaturen liegen meist zwischen 25 und 30 Grad, nur im S\u00fcdwesten bleibt es hei\u00dfer.<\/em><\/p>\n","protected":false},"excerpt":{"rendered":"<p>Wirklich sommerlich war der Juni in diesem Jahr leider nicht, manchmal eher aprilm\u00e4\u00dfig wechselhaft. Aber die erste gro\u00dfe Hitzewelle k\u00fcndigte sich bereits in den letzten Juni-Tagen an. Jetzt am Wochenende soll es so richtig hei\u00df werden \u2013 mit Temperaturen an die 40 \u00b0 C (vielleicht auch an einige Orten dar\u00fcber). Selbst Hitzerekorde kommen da ins &hellip; <a href=\"https:\/\/willizblog.de\/?p=9312\" class=\"more-link\"><span class=\"screen-reader-text\">Die erste gro\u00dfe Hitzewelle des Jahres 2015<\/span> weiterlesen <span class=\"meta-nav\">&rarr;<\/span><\/a><\/p>\n","protected":false},"author":1,"featured_media":0,"comment_status":"open","ping_status":"open","sticky":false,"template":"","format":"standard","meta":[],"categories":[16],"tags":[],"_links":{"self":[{"href":"https:\/\/willizblog.de\/index.php?rest_route=\/wp\/v2\/posts\/9312"}],"collection":[{"href":"https:\/\/willizblog.de\/index.php?rest_route=\/wp\/v2\/posts"}],"about":[{"href":"https:\/\/willizblog.de\/index.php?rest_route=\/wp\/v2\/types\/post"}],"author":[{"embeddable":true,"href":"https:\/\/willizblog.de\/index.php?rest_route=\/wp\/v2\/users\/1"}],"replies":[{"embeddable":true,"href":"https:\/\/willizblog.de\/index.php?rest_route=%2Fwp%2Fv2%2Fcomments&post=9312"}],"version-history":[{"count":0,"href":"https:\/\/willizblog.de\/index.php?rest_route=\/wp\/v2\/posts\/9312\/revisions"}],"wp:attachment":[{"href":"https:\/\/willizblog.de\/index.php?rest_route=%2Fwp%2Fv2%2Fmedia&parent=9312"}],"wp:term":[{"taxonomy":"category","embeddable":true,"href":"https:\/\/willizblog.de\/index.php?rest_route=%2Fwp%2Fv2%2Fcategories&post=9312"},{"taxonomy":"post_tag","embeddable":true,"href":"https:\/\/willizblog.de\/index.php?rest_route=%2Fwp%2Fv2%2Ftags&post=9312"}],"curies":[{"name":"wp","href":"https:\/\/api.w.org\/{rel}","templated":true}]}}