{"id":9323,"date":"2015-07-10T06:10:22","date_gmt":"2015-07-10T06:10:22","guid":{"rendered":"http:\/\/willizblog.de\/?p=9323"},"modified":"2015-07-10T06:10:22","modified_gmt":"2015-07-10T06:10:22","slug":"pest-und-post-das-passt","status":"publish","type":"post","link":"https:\/\/willizblog.de\/?p=9323","title":{"rendered":"Pest und Post \u2013 das passt \u2026"},"content":{"rendered":"<ul><em>Nur nicht gleich, nicht auf der Stell&#8216;<br \/>\nDenn bei der Post geht\u2019s nicht so schnell \u2026<\/em><br \/>\n<a href=\"http:\/\/www.operettenfuehrer.de\/die-operettenlieder\/218-ich-bin-die-christel-von-der-post.html\" target=\"_blank\">Ich bin die Christel von der Post<\/a> aus &#8222;Der Vogelh\u00e4ndler&#8220;<\/ul>\n<p>Der Streik bei der Post ist schon seit einigen Tagen beendet. Trotzdem kommt es nat\u00fcrlich noch zu Verz\u00f6gerungen bei der Zustellung von Briefen und Paketen. Ich kann den Streik gut nachvollziehen. F\u00fcrs Paketgesch\u00e4ft gr\u00fcndete die Deutsche Post Anfang 2015 neue Gesellschaften, in denen die rund 6500 Mitarbeiter weniger Lohn als ihre Kollegen im Konzern erhalten (20 bis 30 Prozent schlechterer Bezahlung als im Ver.di-Haustarif). Klar, die Konkurrenz der Post ist gro\u00df. Aber diese besondere Form des <a href=\"https:\/\/de.wikipedia.org\/wiki\/Outsourcing\" target=\"_blank\">Outsourcings<\/a>, also der Auslagerung von Unternehmensaufgaben ist doch sehr anr\u00fcchig. Am Ende bleibt\u2018s aber bei wie gehabt: ein Armutszeugnis f\u00fcr die Gewerkschaft!<\/p>\n<p>Es geht wie in allen Wirtschaftsbereichen um Kosteneinsparungen. Das f\u00fchrte u.a. dazu, dass ab Mitte der 1990er Jahre viele der fr\u00fcheren Post\u00e4mter geschlossen oder in <a href=\"https:\/\/de.wikipedia.org\/wiki\/Postagentur\" target=\"_blank\">Postagenturen<\/a> bzw. \u201e<a href=\"https:\/\/de.wikipedia.org\/wiki\/Postfiliale\" target=\"_blank\">Postfilialen<\/a> <em>im Einzelhandel<\/em>\u201c umgewandelt, sprich: privatisiert wurden. So war bei mir zu Hause <a href=\"https:\/\/willizblog.de\/?p=682\" target=\"_blank\">in Tostedt die Filiale<\/a> aus der Poststra\u00dfe (sic!) bereits in die Bahnhofsstra\u00dfe gezogen, wurde dann 2006 mit wechselnden Eigent\u00fcmern Postagentur gegen\u00fcber dem Kaufhaus Bade an der B75 (Kastanienallee\/Ecke Poststra\u00dfe), um als Filiale wieder zur\u00fcck in die Bahnhofstra\u00dfe zu \u201awandern\u2018. \u2013 Und <a href=\"https:\/\/willizblog.de\/?p=6119\" target=\"_blank\">in Grainau<\/a> an der Zugspitze, wo wir 2012 Urlaub gemacht hatten, war die Postagentur bereits ganz geschlossen \u2026<\/p>\n<p><img src=\"https:\/\/www.willizblog.de\/images\/deutsche_post_pest.jpg\" alt=\"Deutsche Pest AG\" title=\"Deutsche Pest AG\" \/><\/p>\n<p>Ich bin nun <a href=\"https:\/\/willizblog.de\/?p=1097\" target=\"_blank\">seit 45 Jahren Kunde der Postbank<\/a> (die damals 1980 noch Postscheckamt hie\u00df) und habe mein Geld schon bei vielen Post\u00e4mtern, -agenturen bzw. -filialen  abgehoben. Aber das Folgende ist mir dann doch neu: Da ich <a href=\"https:\/\/willizblog.de\/?p=1608\" target=\"_blank\">in Hamburg arbeite<\/a> (nahe Schanzenviertel), hebe ich Geld, wenn ich es brauche, beim Geldautomaten der sich in der N\u00e4he befindlichen Postfiliale ab. Die war bis zum 30. Juni in der Susannenstra\u00dfe \u2013 und ist seitdem in einer Querstra\u00dfe, in der Bartelsstra\u00dfe als Filiale im Einzelhandel (also privatisiert) zu finden. Gestern nun machte ich mich bei Sturm auf, um mein Portemonnaie aufzufrischen. Nur stand der Geldautomat \u2013 schon aufgebockt f\u00fcr den Weitertransport, also au\u00dfer Betrieb \u2013 noch in der alten, geschlossenen Filiale. Geldauszahlungen am Schalter sind in der neuen Filiale aber nicht vorgesehen. Unverrichteter Dinge durfte ich wieder gehen (Nat\u00fcrlich bekomme ich Geld auch bei anderen Bankinstituten). Sp\u00e4testens n\u00e4chste Woche soll der Umzug des Geldautomaten endlich vollzogen sein. Denn bei der Post geht es nicht so schnell \u2026<\/p>\n<p>Ich frage mich, ob Pest und <a href=\"https:\/\/de.wiktionary.org\/wiki\/Post\" target=\"_blank\">Post<\/a> den gleichen <a href=\"https:\/\/de.wikipedia.org\/wiki\/Etymologie\" target=\"_blank\">etymologischen<\/a> Ursprung haben. Okay, das Wort <a href=\"http:\/\/www.wissen.de\/wortherkunft\/post\" target=\"_blank\">Post<\/a> wurde <em>im 16. Jh. aus italienisch. \u201aposta\u2018 entlehnt, das zun\u00e4chst \u201efestgelegter Ort\u201c bedeutete und aus lateinisch \u201aposita\u2018 \u201ebestimmt, festgelegt\u201c stammt; das italienische Wort entwickelte die Bedeutung \u201eWechselstation\u201c und meinte zun\u00e4chst den Ort, an dem berittene Boten ihre Pferde auswechselten; das Wort gelangte im 15. Jh. ins Deutsche und verallgemeinerte seine Bedeutung zu \u201ePostamt\u201c sowie \u201emit der Post versendete Dinge\u201c.<\/em> Das Wort <a href=\"https:\/\/de.wiktionary.org\/wiki\/Pest\" target=\"_blank\">Pest<\/a> ist seit dem 14. Jahrhundert bezeugt; von lateinisch pestilentia, zu pestis, \u201eSeuche, Ungl\u00fcck\u201c.<\/p>\n","protected":false},"excerpt":{"rendered":"<p>Nur nicht gleich, nicht auf der Stell&#8216; Denn bei der Post geht\u2019s nicht so schnell \u2026 Ich bin die Christel von der Post aus &#8222;Der Vogelh\u00e4ndler&#8220; Der Streik bei der Post ist schon seit einigen Tagen beendet. Trotzdem kommt es nat\u00fcrlich noch zu Verz\u00f6gerungen bei der Zustellung von Briefen und Paketen. Ich kann den Streik &hellip; <a href=\"https:\/\/willizblog.de\/?p=9323\" class=\"more-link\"><span class=\"screen-reader-text\">Pest und Post \u2013 das passt \u2026<\/span> weiterlesen <span class=\"meta-nav\">&rarr;<\/span><\/a><\/p>\n","protected":false},"author":1,"featured_media":0,"comment_status":"open","ping_status":"open","sticky":false,"template":"","format":"standard","meta":[],"categories":[2],"tags":[],"_links":{"self":[{"href":"https:\/\/willizblog.de\/index.php?rest_route=\/wp\/v2\/posts\/9323"}],"collection":[{"href":"https:\/\/willizblog.de\/index.php?rest_route=\/wp\/v2\/posts"}],"about":[{"href":"https:\/\/willizblog.de\/index.php?rest_route=\/wp\/v2\/types\/post"}],"author":[{"embeddable":true,"href":"https:\/\/willizblog.de\/index.php?rest_route=\/wp\/v2\/users\/1"}],"replies":[{"embeddable":true,"href":"https:\/\/willizblog.de\/index.php?rest_route=%2Fwp%2Fv2%2Fcomments&post=9323"}],"version-history":[{"count":0,"href":"https:\/\/willizblog.de\/index.php?rest_route=\/wp\/v2\/posts\/9323\/revisions"}],"wp:attachment":[{"href":"https:\/\/willizblog.de\/index.php?rest_route=%2Fwp%2Fv2%2Fmedia&parent=9323"}],"wp:term":[{"taxonomy":"category","embeddable":true,"href":"https:\/\/willizblog.de\/index.php?rest_route=%2Fwp%2Fv2%2Fcategories&post=9323"},{"taxonomy":"post_tag","embeddable":true,"href":"https:\/\/willizblog.de\/index.php?rest_route=%2Fwp%2Fv2%2Ftags&post=9323"}],"curies":[{"name":"wp","href":"https:\/\/api.w.org\/{rel}","templated":true}]}}