{"id":9326,"date":"2015-07-13T09:09:34","date_gmt":"2015-07-13T09:09:34","guid":{"rendered":"http:\/\/willizblog.de\/?p=9326"},"modified":"2015-07-13T09:15:46","modified_gmt":"2015-07-13T09:15:46","slug":"mark-twain-die-tagebuecher-von-adam-und-eva","status":"publish","type":"post","link":"https:\/\/willizblog.de\/?p=9326","title":{"rendered":"Mark Twain: Die Tageb\u00fccher von Adam und Eva"},"content":{"rendered":"<p><em>Liebe auf den ersten Blick war es wei\u00df Gott nicht &#8211; so l\u00e4sst sich der Beginn der Romanze zwischen Adam und Eva beschreiben, wenn wir uns nicht auf die Genesis, sondern auf die Tageb\u00fccher berufen, die <a href=\"https:\/\/de.wikipedia.org\/wiki\/Mark_Twain\" target=\"_blank\">Mark Twain<\/a> (1835-1910) seinen biblischen Protagonisten in die Federn diktierte. Mit ebenso humor- wie liebevoller Nachsicht verhandelt der weltber\u00fchmte amerikanische Autor hier die keineswegs paradiesischen Unzul\u00e4nglichkeiten der Geschlechter am Beispiel des ersten Traumpaars der Geschichte. Dass die beiden schlie\u00dflich doch noch zueinanderfinden, ist ein seltenes Gl\u00fcck f\u00fcr die Menschheit &#8211; und f\u00fcr den Leser!<\/em><\/p>\n<p><a href=\"https:\/\/www.amazon.de\/gp\/product\/3451309475\/ref=as_li_tl?ie=UTF8&#038;camp=1638&#038;creative=6742&#038;creativeASIN=3451309475&#038;linkCode=as2&#038;tag=familiealbin-21&#038;linkId=ICJE42U5VZGEJ5G5\"><strong>Die Tageb\u00fccher von Adam und Eva<\/strong><\/a><img loading=\"lazy\" src=\"http:\/\/ir-de.amazon-adsystem.com\/e\/ir?t=familiealbin-21&#038;l=as2&#038;o=3&#038;a=3451309475\" width=\"1\" height=\"1\" border=\"0\" alt=\"\" style=\"border:none !important; margin:0px !important;\" \/> von <em>Mark Twain<\/em> gibt es mit paradiesischen Bildern von <a href=\"https:\/\/de.wikipedia.org\/wiki\/Henri_Rousseau\" target=\"_blank\">Henri Rousseau<\/a> als \u201ahandfestes\u2018 B\u00fcchlein, gegen das ein digitales Format (eBook) einfach nicht mithalten kann.<\/p>\n<p><img src=\"http:\/\/ecx.images-amazon.com\/images\/I\/51JET4RMK0L.jpg\" alt=\"Mark Twain: Die Tageb\u00fccher von Adam und Eva\" title=\"Mark Twain: Die Tageb\u00fccher von Adam und Eva\" \/><\/p>\n<p>Mark Twain ist bekanntlich der \u201aVater\u2018 von <a href=\"https:\/\/de.wikipedia.org\/wiki\/Die_Abenteuer_des_Tom_Sawyer\" target=\"_blank\">Tom Sawyer<\/a> und <a href=\"https:\/\/de.wikipedia.org\/wiki\/Die_Abenteuer_des_Huckleberry_Finn\" target=\"_blank\">Huckleberry Finn<\/a>, den wohl bekanntesten Jugendlichen der US-amerikanischen Literatur. Einst als Gegenkonzept zu den damals \u00fcblichen Kinderb\u00fcchern \u00fcber Musterknaben und braven M\u00e4dchen entworfen, haben diese Klassiker der Jugendliteratur bis heute ihren Reiz nicht verloren. <\/p>\n<p>Aber zur\u00fcck zu Adam und Eva: Mark Twains kleiner Text hat \u00dcbersetzer f\u00f6rmlich wie Nektar die Bienen angezogen, derma\u00dfen viele \u00dcbersetzung scheint es zu geben. Hier die ersten S\u00e4tze aus Adams Tagebuch:<\/p>\n<p><img src=\"https:\/\/www.willizblog.de\/images\/mark_twain_tagebuecher_adam_und_eva.jpg\" alt=\"Mark Twain: Die Tageb\u00fccher von Adam und Eva\" title=\"Mark Twain: Die Tageb\u00fccher von Adam und Eva\" \/><br \/>\n<em>ist ganz sch\u00f6n l\u00e4stig. St\u00e4ndig treibt es sich hier herum und folgt mit \u00fcberall hin nach. Das behagt mir gar nicht, Gesellschaft bin ich nicht gewohnt. Wenn es doch blo\u00df bei den anderen Tieren bliebe.<\/em><\/p>\n<p>Und hier <a href=\"https:\/\/www.amazon.de\/gp\/product\/3866475993?ie=UTF8&#038;camp=1638&#038;creativeASIN=3866475993&#038;linkCode=xm2&#038;tag=familiealbin-21\" target=\"_blank\">eine weitere Version<\/a> (neu \u00fcbersetzt vom Kim Landgraf):<\/p>\n<p><em>Dieses neue Wesen mit den langen Haaren ist ziemlich im Weg. Es lungert immer irgendwo herum und rennt mir hinterher. Das gef\u00e4llt mir nicht. Ich bin Gesellschaft nicht gew\u00f6hnt. Ich w\u00fcnschte, es w\u00fcrde bei den anderen Tieren bleiben \u2026<\/em><\/p>\n<p>Im deutschen Projekt Gutenberg findet sich <a href=\"http:\/\/gutenberg.spiegel.de\/buch\/auszuge-aus-adams-tagebuch-5643\/1\" target=\"_blank\">eine \u00dcbersetzung von Arno Niemer<\/a> (\u00a9 2003):<\/p>\n<p><em>Dieses neue Gesch\u00f6pf mit den langen Haaren steht mir ganz sch\u00f6n im Weg. Es lungert nur rum und rennt hinter mir her. Ich mag das nicht, ich hatte vorher ja auch keinen Begleiter. Warum bleibt es nicht bei den anderen Tieren?<\/em><\/p>\n<p>\u2026 und ebenda <a href=\"http:\/\/gutenberg.spiegel.de\/buch\/von-adam-bis-vanderbilt-1665\/1\" target=\"_blank\">noch eine \u00dcbersetzung<\/a> (ohne Namensnennung):<\/p>\n<p><em>Dieses neue Gesch\u00f6pf mit dem langen Haar f\u00e4ngt an, mir sehr im Wege zu sein. Es ist immer hinter mir her und lungert best\u00e4ndig um mich herum. Ich mag das nicht; ich bin nicht an Gesellschaft gew\u00f6hnt. Ich w\u00fcnschte, es bliebe bei den \u00fcbrigen Tieren &#8230;<\/em><\/p>\n<p>siehe auch (im englischen Original):<br \/>\n<a href=\"https:\/\/www.gutenberg.org\/ebooks\/8525\" target=\"_blank\">Eve&#8217;s Diary, Complete by Mark Twain<\/a><br \/>\n<a href=\"https:\/\/www.gutenberg.org\/ebooks\/3200\" target=\"_blank\">The Entire Project Gutenberg Works of Mark Twain by Mark Twain<\/a><\/p>\n<p>siehe au\u00dferdem: <a href=\"https:\/\/willizblog.de\/?p=5809\" target=\"_blank\">Heute Ruhetag (11):  Mark Twain &#8211; Die Schrecken der deutschen Sprache<\/a><\/p>\n","protected":false},"excerpt":{"rendered":"<p>Liebe auf den ersten Blick war es wei\u00df Gott nicht &#8211; so l\u00e4sst sich der Beginn der Romanze zwischen Adam und Eva beschreiben, wenn wir uns nicht auf die Genesis, sondern auf die Tageb\u00fccher berufen, die Mark Twain (1835-1910) seinen biblischen Protagonisten in die Federn diktierte. Mit ebenso humor- wie liebevoller Nachsicht verhandelt der weltber\u00fchmte &hellip; <a href=\"https:\/\/willizblog.de\/?p=9326\" class=\"more-link\"><span class=\"screen-reader-text\">Mark Twain: Die Tageb\u00fccher von Adam und Eva<\/span> weiterlesen <span class=\"meta-nav\">&rarr;<\/span><\/a><\/p>\n","protected":false},"author":1,"featured_media":0,"comment_status":"open","ping_status":"open","sticky":false,"template":"","format":"standard","meta":[],"categories":[3],"tags":[],"_links":{"self":[{"href":"https:\/\/willizblog.de\/index.php?rest_route=\/wp\/v2\/posts\/9326"}],"collection":[{"href":"https:\/\/willizblog.de\/index.php?rest_route=\/wp\/v2\/posts"}],"about":[{"href":"https:\/\/willizblog.de\/index.php?rest_route=\/wp\/v2\/types\/post"}],"author":[{"embeddable":true,"href":"https:\/\/willizblog.de\/index.php?rest_route=\/wp\/v2\/users\/1"}],"replies":[{"embeddable":true,"href":"https:\/\/willizblog.de\/index.php?rest_route=%2Fwp%2Fv2%2Fcomments&post=9326"}],"version-history":[{"count":0,"href":"https:\/\/willizblog.de\/index.php?rest_route=\/wp\/v2\/posts\/9326\/revisions"}],"wp:attachment":[{"href":"https:\/\/willizblog.de\/index.php?rest_route=%2Fwp%2Fv2%2Fmedia&parent=9326"}],"wp:term":[{"taxonomy":"category","embeddable":true,"href":"https:\/\/willizblog.de\/index.php?rest_route=%2Fwp%2Fv2%2Fcategories&post=9326"},{"taxonomy":"post_tag","embeddable":true,"href":"https:\/\/willizblog.de\/index.php?rest_route=%2Fwp%2Fv2%2Ftags&post=9326"}],"curies":[{"name":"wp","href":"https:\/\/api.w.org\/{rel}","templated":true}]}}