{"id":9349,"date":"2015-07-24T08:15:41","date_gmt":"2015-07-24T08:15:41","guid":{"rendered":"http:\/\/willizblog.de\/?p=9349"},"modified":"2015-07-24T08:29:06","modified_gmt":"2015-07-24T08:29:06","slug":"hein-sager-sagt-1-also-hein-sager-sagt","status":"publish","type":"post","link":"https:\/\/willizblog.de\/?p=9349","title":{"rendered":"Hein Sager sagt (1): Also Hein Sager sagt \u2026"},"content":{"rendered":"<ul><em>\u2026 wie kann ein Mensch trotz seiner Gedanken mit anderen Menschen zusammenleben, wie wird er mit dem Wildwuchs seiner Gedanken, die doch den Konventionen der Gesellschaft widersprechen, fertig \u2026<\/em><\/p>\n<p><a href=\"https:\/\/www.willizblog.de\/index.php?s=martin+walser\" target=\"_blank\">Martin Walser<\/a>: Dichten und Trachten (Jahresschau des Suhrkamp Verlags), 1958, Folge 11, S. 91<\/ul>\n<p><em>Mein Name ist Sager. Der Vorname tut eigentlich nichts zur Sache, aber wer\u2019s wissen will, er ist Hein. Jetzt aber keine bl\u00f6den Witze von wegen \u201aHein vonne Werft\u2018, ihr wisst, \u201adas nervt\u2018! Also Hein Sager hei\u00df ich. Bitte, auch keine Scherze mit Nein-Sager. Ich bin kein Nein-Sager, obwohl ich schon manchmal sage: Schluss jetzt, es reicht!<\/em><\/p>\n<ul><img src=\"https:\/\/www.willizblog.de\/images\/hein_sager_sagt_kafka_willi.jpg\" alt=\"Hein Sager sagt \u2026\" title=\"Hein Sager sagt \u2026\" \/><\/ul>\n<p><em>Ich will hier nicht gro\u00df philosophieren. Ich bin kein Nietzsche oder ein <a href=\"https:\/\/de.wikipedia.org\/wiki\/Ren%C3%A9_Descartes\" target=\"_blank\">Descartes<\/a>, der dachte, <a href=\"https:\/\/de.wikipedia.org\/wiki\/Cogito_ergo_sum\" target=\"_blank\">wenn er denkt, dass er ist<\/a>. Dass mit dem Sein verstehe ich schon: Man ist, man existiert also, wenn man denkt. Ein sch\u00f6ner Gedanke \u2026<\/em><\/p>\n<p><em>Ich will hier auch nicht auf die Kacke hauen \u2013 wie man so sagt. Ich will sagen, was mich st\u00f6rt, was ich einfach nicht gut finde. Dann kann ich sagen, was okay ist in der Welt, wenn das auch nicht viel ist.<\/em><\/p>\n<p>So oder so \u00e4hnlich k\u00f6nnte Hein Sager beginnen, zu uns zu sprechen. Hein Sager: Wer ist das? Es k\u00f6nnte fast jede(r) sein. Okay, mit grauem Bart und Brille komme ich sicherlich in Frage. Und vielleicht zu 80 % (mal mehr, mal weniger) bin ich das dann wohl auch. Im Hintergrund (siehe unten) sieht man <a href=\"https:\/\/www.willizblog.de\/index.php?s=kafka\" target=\"_blank\">Franz Kafka<\/a>, der hier nur stellvertretend sein Konterfei herhalten musste (zudem als Comic-Zeichnung), dem ich ein Bild von mir \u201a\u00fcber(ge)legt\u2018 habe. Ich fand die Kafka-Zeichnung interessant und fand zudem ein Bildchen von mir, das ann\u00e4hernd deckungsgleich ist.<\/p>\n<p><img src=\"https:\/\/www.willizblog.de\/images\/hein_sager_kafka_zu_willi.jpg\" alt=\"Hein Sager sagt -  Von Kafka zu Willi \u2026\" title=\"Hein Sager sagt -  Von Kafka zu Willi \u2026\" \/><\/p>\n<ul><em>Er mu\u00df seine Launen mir gegen\u00fcber weniger beherrschen als ich meine Launen ihm gegen\u00fcber. Ich mu\u00df mich ununterbrochen zusammennehmen. Zum Beispiel politisch. Man m\u00f6chte doch \u00f6fter einmal irgendwelchen politischen Quatsch daherreden d\u00fcrfen. Der Chef tut das ungeniert und frei heraus.<\/em><\/p>\n<p>Martin Walser zur Abh\u00e4ngigkeit vom Chef: Wer oder was leistet Seelenarbeit?  unver\u00f6ffentlichtes Typoskript, o.D., Archivmaterial Martin Walser<\/ul>\n<p>Was will Hein Sager (oder ich mit ihm) sagen? Wer kennt nicht die Abh\u00e4ngigkeit von seinem Chef, wie Martin Walser es beschreibt. Und auch sonst wagt es kaum einer, dem \u201aWildwuchs seiner Gedanken\u2018 freien Lauf zu lassen. Die Konventionen halten diese in Schacht. Und selbst wenn man er wagt, sich einmal \u201aso richtig auszukotzen\u2018 und dazu (wie hier) versucht, es einer Kunstfigur in den Mund zu schieben, gelingt das nur ungen\u00fcgend. So glaube ich, es sei denn, man beginnt damit, darauf  hinzuweisen, dass man sich \u201avon dem Folgenden\u2018 (der Folgen wegen) von vornherein distanziert. Das w\u00e4re dann unaufrichtig.<\/p>\n<p>Aber soweit will ich mit Hein Sager gar nicht gehen. Er ist eine Kunstfigur, die sagt, wie ihr der Schnabel gewachsen ist. Das k\u00f6nnte mein Schnabel sein \u2013 es ist aber eher der Schnabel vieler. Eben derer, die sonst ihren Schnabel halten.<\/p>\n<p>Noch eins: Hein Sager benutzt (wie ich) oft Anf\u00fchrungszeichen, auch \u201aG\u00e4nsef\u00fc\u00dfchen\u2018 (<a href=\"https:\/\/de.wikipedia.org\/wiki\/Sic\" target=\"_blank\">sic!<\/a>) genannt. Wir kennen das Zeichen: Zeige- und Mittelfinger beider H\u00e4nde ausgestreckt und gegeneinander leicht versetzt in der Luft winkend. Es hei\u00dft, so meine ich es nicht wirklich, so meinen es andere. Wenn man schreibt, ist das klar. Da stehen die H\u00e4kchen unten und oben. Beim Sprechen hilft nur die genannte Geste. Das Gesagte oder Geschriebene ist ohne Anf\u00fchrungszeichen eine These, die dann durch die Anf\u00fchrungszeichen gewisserma\u00dfen zur Antithese wird. Was darauf folgt, sollte dann die Synthese sein. Man nennt das <a href=\"https:\/\/de.wikipedia.org\/wiki\/Dialektik\" target=\"_blank\">Dialektik<\/a>.<\/p>\n","protected":false},"excerpt":{"rendered":"<p>\u2026 wie kann ein Mensch trotz seiner Gedanken mit anderen Menschen zusammenleben, wie wird er mit dem Wildwuchs seiner Gedanken, die doch den Konventionen der Gesellschaft widersprechen, fertig \u2026 Martin Walser: Dichten und Trachten (Jahresschau des Suhrkamp Verlags), 1958, Folge 11, S. 91 Mein Name ist Sager. Der Vorname tut eigentlich nichts zur Sache, aber &hellip; <a href=\"https:\/\/willizblog.de\/?p=9349\" class=\"more-link\"><span class=\"screen-reader-text\">Hein Sager sagt (1): Also Hein Sager sagt \u2026<\/span> weiterlesen <span class=\"meta-nav\">&rarr;<\/span><\/a><\/p>\n","protected":false},"author":1,"featured_media":0,"comment_status":"open","ping_status":"open","sticky":false,"template":"","format":"standard","meta":[],"categories":[30],"tags":[],"_links":{"self":[{"href":"https:\/\/willizblog.de\/index.php?rest_route=\/wp\/v2\/posts\/9349"}],"collection":[{"href":"https:\/\/willizblog.de\/index.php?rest_route=\/wp\/v2\/posts"}],"about":[{"href":"https:\/\/willizblog.de\/index.php?rest_route=\/wp\/v2\/types\/post"}],"author":[{"embeddable":true,"href":"https:\/\/willizblog.de\/index.php?rest_route=\/wp\/v2\/users\/1"}],"replies":[{"embeddable":true,"href":"https:\/\/willizblog.de\/index.php?rest_route=%2Fwp%2Fv2%2Fcomments&post=9349"}],"version-history":[{"count":0,"href":"https:\/\/willizblog.de\/index.php?rest_route=\/wp\/v2\/posts\/9349\/revisions"}],"wp:attachment":[{"href":"https:\/\/willizblog.de\/index.php?rest_route=%2Fwp%2Fv2%2Fmedia&parent=9349"}],"wp:term":[{"taxonomy":"category","embeddable":true,"href":"https:\/\/willizblog.de\/index.php?rest_route=%2Fwp%2Fv2%2Fcategories&post=9349"},{"taxonomy":"post_tag","embeddable":true,"href":"https:\/\/willizblog.de\/index.php?rest_route=%2Fwp%2Fv2%2Ftags&post=9349"}],"curies":[{"name":"wp","href":"https:\/\/api.w.org\/{rel}","templated":true}]}}