{"id":9362,"date":"2015-08-26T11:26:29","date_gmt":"2015-08-26T11:26:29","guid":{"rendered":"http:\/\/willizblog.de\/?p=9362"},"modified":"2015-09-04T16:31:07","modified_gmt":"2015-09-04T16:31:07","slug":"wieder-zurueck","status":"publish","type":"post","link":"https:\/\/willizblog.de\/?p=9362","title":{"rendered":"Wieder zur\u00fcck \u2026"},"content":{"rendered":"<p>Mit einem \u201eWie sch\u00f6n, dass Sie wieder da sind \u2026!\u201c wurde ich heute auf der Arbeit empfangen. Auf solche Schmeicheleien kann ich gut verzichten. Daf\u00fcr h\u00e4tte ich gern noch einige Tage mehr Urlaub. Aber bekanntlich hat alles ein Ende (\u201e\u2026 nur die Wurst \u2026\u201c). Und so hat mich nach 26 freien Tagen die Arbeit wieder (und ich vor allem sie). Sch\u00f6n, wie sich da die unerledigten Sachen gestapelt haben. Und kam in der T\u00fcr, da klingelte auch schon das Telefon. <\/p>\n<p>Aber so bin ich auch HIER wieder zur\u00fcck, denn w\u00e4hrend meines Urlaubs habe ich mir erlaubt, auch mein Blog stille stehen zu lassen. Daf\u00fcr hat sich nat\u00fcrlich einiges an Material angesammelt. Urlaubstage sind f\u00fcr mich n\u00e4mlich Lesetage. Und zu dem einen oder anderen Buch l\u00e4sst sich sicherlich noch etwas sagen (es war allerdings viel leichtere Kost dabei).<\/p>\n<p>Urlaub und Wetter sind wie siamesische Zwillingen. Das eine geht nur mit dem anderen. Ist das Wetter mau, dann ist es eigentlich auch der Urlaub. Wie schon fr\u00fch bef\u00fcrchtet, so zeigt sich dieser Sommer nach wie vor durch und durch wechselhaft. Immerhin: Au\u00dfer von der einen gro\u00dfen <a href=\"https:\/\/willizblog.de\/?p=9312\" target=\"_blank\">Hitzewelle Anfang Juli<\/a> wurden wir hier im Norden von weiteren Rekordtemperaturen weitgehend verschont. <\/p>\n<p>Blickt man auf die Temperaturen der letzten 26 Tage (meine Urlaubstage), dann bewegte sich diese meist zwischen 20 und 25 \u00b0 C, also durchaus im sommerlichen Rahmen.<\/p>\n<p><img src=\"https:\/\/www.willizblog.de\/images\/wetter_tostedt_2015_08_temperatur.gif\" alt=\"Wetter Tostedt 31.07. \u2013 25.08.2015: Lufttemperatur\" title=\"Wetter Tostedt 31.07. \u2013 25.08.2015: Lufttemperatur\" \/><\/p>\n<p>Aber schon ein Blick auf den Luftdruck dieser Tage l\u00e4sst erahnen, dass es ein ziemliches Auf und Ab im Wettergeschehen gab.<\/p>\n<p><img src=\"https:\/\/www.willizblog.de\/images\/wetter_tostedt_2015_08_luftdruck.gif\" alt=\"Wetter Tostedt 31.07. \u2013 25.08.2015: Luftdruck\" title=\"Wetter Tostedt 31.07. \u2013 25.08.2015: Luftdruck\" \/><\/p>\n<p>Im Schnitt jeden zweiten Tag gab es Regen. Mehr als zwei sch\u00f6ne Tage am St\u00fcck gab es die ganze Zeit nicht. Sp\u00e4testens am dritten Sonnentag wurde es schw\u00fcl-dr\u00fcckend. Am Abend \u201akrachte\u2018 es dann.<\/p>\n<p><img src=\"https:\/\/www.willizblog.de\/images\/wetter_tostedt_2015_08_niederschlag.gif\" alt=\"Wetter Tostedt 31.07. \u2013 25.08.2015: Niederschlag\" title=\"Wetter Tostedt 31.07. \u2013 25.08.2015: Niederschlag\" \/><\/p>\n<p>(<strong>Quelle:<\/strong> <a href=\"http:\/\/webs.idu.de\/wetter\/?station=Tostedt_Dorf\" target=\"_blank\">webs.idu.de\/wetter<\/a>)<\/p>\n<p>Ob\u2019s ein Trost ist? Ich telefonierte gestern mit Bekannten in Sizilien. Und auch dort, wo der Juli samt dem August immer ein gleichm\u00e4\u00dfig sonniges Wetter bietet, war es in den letzten Wochen wechselhaft, sogar mit Gewittern.<\/p>\n<p>Und im \u00e4hnlichen Ma\u00dfe soll es weitergehen. Bald schon winkt dann auch der Herbst. Aber eines nach dem anderen \u2026<\/p>\n","protected":false},"excerpt":{"rendered":"<p>Mit einem \u201eWie sch\u00f6n, dass Sie wieder da sind \u2026!\u201c wurde ich heute auf der Arbeit empfangen. Auf solche Schmeicheleien kann ich gut verzichten. Daf\u00fcr h\u00e4tte ich gern noch einige Tage mehr Urlaub. Aber bekanntlich hat alles ein Ende (\u201e\u2026 nur die Wurst \u2026\u201c). Und so hat mich nach 26 freien Tagen die Arbeit wieder &hellip; <a href=\"https:\/\/willizblog.de\/?p=9362\" class=\"more-link\"><span class=\"screen-reader-text\">Wieder zur\u00fcck \u2026<\/span> weiterlesen <span class=\"meta-nav\">&rarr;<\/span><\/a><\/p>\n","protected":false},"author":1,"featured_media":0,"comment_status":"open","ping_status":"open","sticky":false,"template":"","format":"standard","meta":[],"categories":[16,11],"tags":[],"_links":{"self":[{"href":"https:\/\/willizblog.de\/index.php?rest_route=\/wp\/v2\/posts\/9362"}],"collection":[{"href":"https:\/\/willizblog.de\/index.php?rest_route=\/wp\/v2\/posts"}],"about":[{"href":"https:\/\/willizblog.de\/index.php?rest_route=\/wp\/v2\/types\/post"}],"author":[{"embeddable":true,"href":"https:\/\/willizblog.de\/index.php?rest_route=\/wp\/v2\/users\/1"}],"replies":[{"embeddable":true,"href":"https:\/\/willizblog.de\/index.php?rest_route=%2Fwp%2Fv2%2Fcomments&post=9362"}],"version-history":[{"count":0,"href":"https:\/\/willizblog.de\/index.php?rest_route=\/wp\/v2\/posts\/9362\/revisions"}],"wp:attachment":[{"href":"https:\/\/willizblog.de\/index.php?rest_route=%2Fwp%2Fv2%2Fmedia&parent=9362"}],"wp:term":[{"taxonomy":"category","embeddable":true,"href":"https:\/\/willizblog.de\/index.php?rest_route=%2Fwp%2Fv2%2Fcategories&post=9362"},{"taxonomy":"post_tag","embeddable":true,"href":"https:\/\/willizblog.de\/index.php?rest_route=%2Fwp%2Fv2%2Ftags&post=9362"}],"curies":[{"name":"wp","href":"https:\/\/api.w.org\/{rel}","templated":true}]}}