{"id":9369,"date":"2015-08-31T09:55:07","date_gmt":"2015-08-31T09:55:07","guid":{"rendered":"http:\/\/willizblog.de\/?p=9369"},"modified":"2015-08-31T09:55:07","modified_gmt":"2015-08-31T09:55:07","slug":"stockender-start","status":"publish","type":"post","link":"https:\/\/willizblog.de\/?p=9369","title":{"rendered":"Stockender Start"},"content":{"rendered":"<p>Es kommt einem <a href=\"https:\/\/de.wikipedia.org\/wiki\/D%C3%A9j%C3%A0-vu\" target=\"_blank\">D\u00e9j\u00e0-vu<\/a> gleich, der Start des SV Werder Bremen in die neue Fu\u00dfball-Bundesliga-Saison: Wie in der letzten Saison verliert Werder sein Heimspiel gegen Schalke mit 0:3. Und im Spiel in Berlin gegen Hertha BSC reicht es nur zu einem Unentschieden. Immerhin. Da f\u00fcrchtete ich gegen die Borussia aus M\u00f6nchengladbach auch \u00e4hnlich Schlimmes wie im Vorjahr. Aber die Bremer \u00fcberzeugten mit einer k\u00e4mpferischen Leistung und  mit einem 2:1-Sieg gegen inzwischen eher verunsicherte Gladbacher (nach drei Niederlagen zum Start finden sie sich auf dem letzten Tabellenplatz wieder), wobei sich Felix Kroos noch den Luxus erlaubte, einen Elfmeter weit links neben das Tor zu setzen.<\/p>\n<p><img src=\"https:\/\/www.willizblog.de\/images\/werder1516_st03_gladbach.jpg\" alt=\"Vestergaard (SV Werder Bremen) bejubelt das 2:1 gegen Gladbach\" title=\"Vestergaard (SV Werder Bremen) bejubelt das 2:1 gegen Gladbach\" \/><\/p>\n<p>Nun bei Werder hat sich in den letzten Wochen <a href=\"https:\/\/willizblog.de\/?p=9203\" target=\"_blank\">vor dem Saisonstart<\/a> einiges getan. Nach dem fr\u00fchzeitigen Wechsel von Davie Selke an den Brauseherstellerverein in Leipzig, packten auch Nils Petersen (jetzt mit festem Vertrag beim FC Freiburg in der 2. Liga) und Franco Di Santo, der sich zuletzt noch mit gro\u00dfen Worten zu Werder bekannte und dann in einer Nacht-und-Nebel-Aktion zu Schalke zog, die Koffer. Gleich drei St\u00fcrmer verlie\u00dfen die Weser. Wie gut, dass man mit dem Ex-K\u00f6lner Anthony Ujah schon einmal f\u00fcr Nachschub gesorgt hatte. Statt eines \u201aTraumsturms\u2018 mit Ujah\/Di Santo gibt es jetzt einen mit den Herren Ujah und dem US-Amerikaner mit isl\u00e4ndischen Wurzeln, Aron J\u00f3hannsson \u2013 beide 24 Jahre alt, beide zunehmend aufeinander eingespielt.<\/p>\n<p>Mit C\u00e9dric Makiadi, eine Altlast aus Zeiten von Robin Dutt, Eljero Elia und Ludovic Obraniak ist Werder drei Spieler losgeworden, wenn auch abl\u00f6sefrei, die die Erwartungen in sie nie erf\u00fcllt und nur viel Geld gekostet haben. Der sicherlich schmerzhafte Abgang von Sebastian Pr\u00f6dl wurde durch Ulisses Garcia und eigenem Nachwuchs (Jannik Vestergaard war ja schon zuvor zu Werder gekommen) kompensiert.<\/p>\n<p>Nach dem stockenden Start mit Niederlage, dann Unentschieden und jetzt einem Sieg kommt die L\u00e4nderspielpause gerade recht, bevor es am 13. September (wieder einem Sonntag) um 15 Uhr 30 gegen Hoffenheim geht, die auch alles andere als gew\u00fcnscht gestartet sind.<\/p>\n<p>Sollten die Zahlen halbwegs stimmen, dann hat Werder f\u00fcr neue Spieler 8,7 Millionen \u20ac ausgegeben, daf\u00fcr das Doppelte (17,4 Mill. \u20ac) f\u00fcr Verk\u00e4ufe eingenommen \u2013 erl\u00f6st somit 8,7 Millionen \u20ac, die den Schatzmeister freuen werden. Sportlich, so glaube ich, ist die Mannschaft nicht schlechter geworden. Obwohl man im DBF-Pokal gegen die W\u00fcrzburger Kickers zwar alles andere als gegl\u00e4nzt hat, aber immerhin eine Runde weiter ist, so flie\u00dft auch hier noch einiges an Geld in Werders Kassen. Neben der sportlichen ist die finanzielle Konsolidierung des Vereins unumg\u00e4nglich.<\/p>\n<p>Das ist nat\u00fcrlich nichts gegen die Summen, mit denen die Bayern hantieren (rd. 86 Millionen \u20ac Ausgaben stehen 33,5 Millionen \u20ac Einnahmen gegen\u00fcber). Aber selbst das ist wenig gegen das, was die <a href=\"http:\/\/www.transfermarkt.de\/premier-league\/transfers\/wettbewerb\/GB1\/saison_id\/2015\" target=\"_blank\">englische Premier League investiert<\/a>. Da werden allein in einzelne Spieler \u201aUnsummen\u2018 gesteckt (z.B. Kevin De Bruyne, Spieler des Jahres 2015 in Deutschland, geht f\u00fcr kolportierte 75 Millionen \u20ac von Wolfsburg zu Manchester City \u2013 ob er da wirklich gl\u00fccklich wird, mag ich trotz der 20 Millionen \u20ac, die er als Jahresgehalt bekommen soll, zu bezweifeln). Und ein Hammer w\u00e4re es, wenn lt. Wild-Zeitung Louis van Gaal, Trainer von Manchester United, angeblich 330 Millionen \u20ac (mit allem Drum und Dran) f\u00fcr den Brasilianer Neymar locker machen will. Die Entartung des Fu\u00dfballs wird nicht nur durch Funktion\u00e4re a la Blatter vorangetrieben.<\/p>\n<p>Nach nur drei Spieltagen in der neuen Saison findet man wieder Dortmund und \u201anat\u00fcrlich\u2018 Bayern M\u00fcnchen an der Tabellenspitze. \u00dcberraschend gut verkauft haben sich bisher die Aufsteiger Ingolstadt und Darmstadt. Am Ende rangiert (siehe oben) neben Hannover und Stuttgart eben M\u00f6nchengladbach, die damit als Tabellendritter der letzten Saison einen klassischen Fehlstart hinlegen (wie gut f\u00fcr Werder). Verunsicherung macht sich breit. Zudem d\u00fcrften es die Gladbacher auch in der Gruppenphase der Champions League nicht leicht haben. Mit Manchester City, Juventus Turin und dem FC Sevilla warten hochkar\u00e4tige Gegner auf sie. Nach Top kommt der Flop?<\/p>\n<p>Ums kommende Wochenende herum steht dann auch wieder die Qualifikation zur Europameisterschaft 2016 an. F\u00fcr das deutsche Team geht es am Freitag gegen den Gruppenersten, Polen \u2013 und dann am Montag darauf in Schottland schon fast um Alles oder Nichts. F\u00fcr mich interessant ist auf jeden Fall das Spiel <strong>Niederlande \u2013 Island<\/strong> am Donnerstag. Das Spiel wird <a href=\"http:\/\/www.rtlnitro.de\/programm.html#2015-09-03\" target=\"_blank\">live von RTL Nitro \u00fcbertragen<\/a> (Spielbeginn wie auch bei den Deutschland-Spielen: 20 Uhr 45). F\u00fcr die Isl\u00e4nder dr\u00fccke ich die D\u00e4umchen, damit sie es verdienterma\u00dfen zum ersten Mal zu einem gro\u00dfen Turnier schaffen!<\/p>\n<p>Der <em>Fu\u00dfballwahnsinn<\/em> ist also wieder voll im Gange.<\/p>\n","protected":false},"excerpt":{"rendered":"<p>Es kommt einem D\u00e9j\u00e0-vu gleich, der Start des SV Werder Bremen in die neue Fu\u00dfball-Bundesliga-Saison: Wie in der letzten Saison verliert Werder sein Heimspiel gegen Schalke mit 0:3. Und im Spiel in Berlin gegen Hertha BSC reicht es nur zu einem Unentschieden. Immerhin. Da f\u00fcrchtete ich gegen die Borussia aus M\u00f6nchengladbach auch \u00e4hnlich Schlimmes wie &hellip; <a href=\"https:\/\/willizblog.de\/?p=9369\" class=\"more-link\"><span class=\"screen-reader-text\">Stockender Start<\/span> weiterlesen <span class=\"meta-nav\">&rarr;<\/span><\/a><\/p>\n","protected":false},"author":1,"featured_media":0,"comment_status":"open","ping_status":"open","sticky":false,"template":"","format":"standard","meta":[],"categories":[39,27],"tags":[],"_links":{"self":[{"href":"https:\/\/willizblog.de\/index.php?rest_route=\/wp\/v2\/posts\/9369"}],"collection":[{"href":"https:\/\/willizblog.de\/index.php?rest_route=\/wp\/v2\/posts"}],"about":[{"href":"https:\/\/willizblog.de\/index.php?rest_route=\/wp\/v2\/types\/post"}],"author":[{"embeddable":true,"href":"https:\/\/willizblog.de\/index.php?rest_route=\/wp\/v2\/users\/1"}],"replies":[{"embeddable":true,"href":"https:\/\/willizblog.de\/index.php?rest_route=%2Fwp%2Fv2%2Fcomments&post=9369"}],"version-history":[{"count":0,"href":"https:\/\/willizblog.de\/index.php?rest_route=\/wp\/v2\/posts\/9369\/revisions"}],"wp:attachment":[{"href":"https:\/\/willizblog.de\/index.php?rest_route=%2Fwp%2Fv2%2Fmedia&parent=9369"}],"wp:term":[{"taxonomy":"category","embeddable":true,"href":"https:\/\/willizblog.de\/index.php?rest_route=%2Fwp%2Fv2%2Fcategories&post=9369"},{"taxonomy":"post_tag","embeddable":true,"href":"https:\/\/willizblog.de\/index.php?rest_route=%2Fwp%2Fv2%2Ftags&post=9369"}],"curies":[{"name":"wp","href":"https:\/\/api.w.org\/{rel}","templated":true}]}}