{"id":938,"date":"2007-08-30T08:19:40","date_gmt":"2007-08-30T06:19:40","guid":{"rendered":"http:\/\/www.albinz.de\/blog\/?p=938"},"modified":"2008-05-19T11:52:59","modified_gmt":"2008-05-19T09:52:59","slug":"werders-zug-kommt-ins-rollen","status":"publish","type":"post","link":"https:\/\/willizblog.de\/?p=938","title":{"rendered":"Werders Zug kommt ins Rollen"},"content":{"rendered":"<p>Bisher hat sich Werder Bremen in der laufenden Saison sehr schwer getan. Sicherlich liegt es auch daran, dass viele Stammspieler noch verletzt oder nicht ganz fit sind. Besonders Torsten Frings wird vermisst. Aber so langsam kommt der Werder-Zug wohl doch ins Rollen: Zun\u00e4chst der erste Sieg in der Bundesliga &#8211; zudem ausw\u00e4rts in N\u00fcrnberg &#8211; dank eines Tores des jungen Nachwuchsspielers Martin Harnik. Und gestern der Sieg in Zagreb, der die Qualifizierung f\u00fcr die Champions League bedeutet (\u00fcbrigens heute um 18 Uhr findet in Monaco die <a href=\"http:\/\/de.uefa.com\/competitions\/ucl\/news\/kind=1\/newsid=576932.html\" target=\"_blank\">Auslosung f\u00fcr die Gruppenphase<\/a> statt).<\/p>\n<p><img src=\"https:\/\/www.willizblog.de\/albpics\/werder200708_clq_diego.jpg\" alt=\"Diegos 2 Tore nach dem 3:2-Sieg in Zagreb\" \/><\/p>\n<p>Besonders ein Gesicht wird man sich merken m\u00fcssen: <a href=\"http:\/\/www.werder.de\/team\/spieler\/harnik.php\" target=\"_blank\">Martin Harnik<\/a>. Nachdem der in Hamburg Geborene bis Ende 2005 beim SC Vier- und Marschlande kickte, kam er <a href=\"http:\/\/www.werder.de\/leistungszentrum\/internat.php\" target=\"_blank\">zu Werder ins Internat<\/a> und feierte seinen ersten gro\u00dfen Erfolg mit Werders U23 (die in der Regionalliga Nord spielt) mit seinen zwei Toren beim 2:0-Sieg gegen den 1. FC K\u00f6ln in der ersten Runde des DFB-Pokals (zum Leidwesen von Herrn Daum). Und als Sohn eines \u00f6sterreichischen Vaters spielte er erst j\u00fcngst sein erstes A-L\u00e4nderspiel f\u00fcr \u00d6sterreich gegen Tschechien und schoss auch dort ein Tor. Seine Mutter ist Deutsche, aber der DFB hat es leider verpennt, ihn f\u00fcr den deutschen Fu\u00dfball im Nationaltrikot zum Einsatz zu bringen. Immerhin wird sich jetzt Werder Bremen seiner Spielk\u00fcnste erfreuen d\u00fcrfen.<\/p>\n<p><img src=\"https:\/\/www.willizblog.de\/albpics\/werder200708_harnik.jpg\" alt=\"Martin Harnik - Werder Bremen\" \/><\/p>\n<p>siehe auch zdf.de: <a href=\"http:\/\/fussball.zdf.de\/ZDFsport\/inhalt\/16\/0,5676,5598768,00.html\" target=\"_blank\">Nachwuchsst\u00fcrmer mit Frische-Garantie<\/a> &#8211; <a href=\"http:\/\/fussball.zdf.de\/ZDFsport\/inhalt\/10\/0,5676,5598442,00.html\" target=\"_blank\">Diego schie\u00dft Werder in die K\u00f6nigsklasse<\/a><\/p>\n","protected":false},"excerpt":{"rendered":"<p>Bisher hat sich Werder Bremen in der laufenden Saison sehr schwer getan. Sicherlich liegt es auch daran, dass viele Stammspieler noch verletzt oder nicht ganz fit sind. Besonders Torsten Frings wird vermisst. Aber so langsam kommt der Werder-Zug wohl doch ins Rollen: Zun\u00e4chst der erste Sieg in der Bundesliga &#8211; zudem ausw\u00e4rts in N\u00fcrnberg &#8211; &hellip; <a href=\"https:\/\/willizblog.de\/?p=938\" class=\"more-link\"><span class=\"screen-reader-text\">Werders Zug kommt ins Rollen<\/span> weiterlesen <span class=\"meta-nav\">&rarr;<\/span><\/a><\/p>\n","protected":false},"author":1,"featured_media":0,"comment_status":"open","ping_status":"closed","sticky":false,"template":"","format":"standard","meta":[],"categories":[27],"tags":[],"_links":{"self":[{"href":"https:\/\/willizblog.de\/index.php?rest_route=\/wp\/v2\/posts\/938"}],"collection":[{"href":"https:\/\/willizblog.de\/index.php?rest_route=\/wp\/v2\/posts"}],"about":[{"href":"https:\/\/willizblog.de\/index.php?rest_route=\/wp\/v2\/types\/post"}],"author":[{"embeddable":true,"href":"https:\/\/willizblog.de\/index.php?rest_route=\/wp\/v2\/users\/1"}],"replies":[{"embeddable":true,"href":"https:\/\/willizblog.de\/index.php?rest_route=%2Fwp%2Fv2%2Fcomments&post=938"}],"version-history":[{"count":0,"href":"https:\/\/willizblog.de\/index.php?rest_route=\/wp\/v2\/posts\/938\/revisions"}],"wp:attachment":[{"href":"https:\/\/willizblog.de\/index.php?rest_route=%2Fwp%2Fv2%2Fmedia&parent=938"}],"wp:term":[{"taxonomy":"category","embeddable":true,"href":"https:\/\/willizblog.de\/index.php?rest_route=%2Fwp%2Fv2%2Fcategories&post=938"},{"taxonomy":"post_tag","embeddable":true,"href":"https:\/\/willizblog.de\/index.php?rest_route=%2Fwp%2Fv2%2Ftags&post=938"}],"curies":[{"name":"wp","href":"https:\/\/api.w.org\/{rel}","templated":true}]}}