{"id":9400,"date":"2015-09-17T09:41:07","date_gmt":"2015-09-17T09:41:07","guid":{"rendered":"http:\/\/willizblog.de\/?p=9400"},"modified":"2015-09-17T09:41:07","modified_gmt":"2015-09-17T09:41:07","slug":"honig-im-kopf-2014","status":"publish","type":"post","link":"https:\/\/willizblog.de\/?p=9400","title":{"rendered":"Honig im Kopf (2014)"},"content":{"rendered":"<p><a href=\"https:\/\/de.wikipedia.org\/wiki\/Honig_im_Kopf\" target=\"_blank\">Honig im Kopf<\/a> ist eine deutsche Tragikom\u00f6die von Til Schweiger aus dem Jahr 2014. Schweiger spielte eine der Hauptrollen, f\u00fchrte Regie und schrieb zusammen mit Hilly Martinek das Drehbuch. Die weiteren Hauptrollen sind mit Emma Schweiger und Dieter Hallervorden besetzt; in Nebenrollen sind unter anderem Jan Josef Liefers, Fahri Yard\u0131m und Tilo Pr\u00fcckner zu sehen.<\/p>\n<ul><img src=\"http:\/\/www.moviebreak.de\/system\/bilder\/movie\/poster\/530d4155bda00ca3580049b9\/big_545209d180e8c.jpg\" alt=\"Honig im Kopf (2014)\" \/><\/ul>\n<p><em>Nachdem seine geliebte Frau gestorben ist, wird der ehemalige Tierarzt Amandus (Dieter Hallervorden) zunehmend vergesslich. Bald ist er mit den Alltagsaufgaben seines neuen Singlelebens \u00fcberfordert, deshalb nimmt sein Sohn Niko (Til Schweiger) den 70-J\u00e4hrigen bei sich auf. W\u00e4hrend Enkelin Tilda (Emma Schweiger) begeistert ist, den Opa im Haus zu haben, ist Schwiegertochter Sarah (Jeanette Hain) skeptisch. Sie sieht die Ged\u00e4chtnisl\u00fccken des alten Herrn und seine Weigerung, einen Arzt aufzusuchen, mit gro\u00dfer Sorge. Ihre kritische Haltung sorgt f\u00fcr weitere Spannungen in der durch diverse Seitenspr\u00fcnge ohnehin schon belasteten Ehe mit Niko. Als Amandus bei dem fehlgeschlagenen Versuch, einen Kuchen zu backen, fast das ganze Haus abfackelt, wird dann doch der Entschluss gefasst, f\u00fcr den Alzheimer-Kranken einen Platz in einem Pflegeheim zu suchen. Das wiederum kann Tilda \u00fcberhaupt nicht verstehen. Das M\u00e4dchen hat eigene Ideen, wie es seinem Opa am besten helfen kann und macht sich mit ihm heimlich auf den Weg nach Venedig, wo Amandus einst seine Flitterwochen verbrachte. Eine turbulente Reise beginnt&#8230;<\/em><\/p>\n<p>aus: <a href=\"http:\/\/www.filmstarts.de\/kritiken\/225952\/kritik.html\" target=\"_blank\">filmstarts.de<\/a><\/p>\n<p>So langsam komme ich mit meiner Frau in die Jahre. Die ersten Wehwehchen haben wir l\u00e4ngst hinter uns gebracht. Und auch mit der Vergesslichkeit ist das so eine Sache. Okay, ich weigere mich schon l\u00e4ngere Zeit, mir allen K\u00e4se zu merken. Aber nach und nach spielt der Gehirnkasten doch schon kleine Streiche. Da interessiert man sich auch pl\u00f6tzlich f\u00fcr einen Film, wie den von Til Schweiger: <a target=\"_blank\" href=\"https:\/\/www.amazon.de\/gp\/search?ie=UTF8&#038;camp=1638&#038;creative=6742&#038;index=dvd&#038;keywords=honig%20im%20kopf&#038;linkCode=ur2&#038;tag=familiealbin-21\"><strong>Honig im Kopf<\/strong><\/a><img loading=\"lazy\" src=\"http:\/\/ir-de.amazon-adsystem.com\/e\/ir?t=familiealbin-21&#038;l=ur2&#038;o=3\" width=\"1\" height=\"1\" border=\"0\" alt=\"\" style=\"border:none !important; margin:0px !important;\" \/>.<\/p>\n<p><iframe loading=\"lazy\" width=\"560\" height=\"315\" src=\"https:\/\/www.youtube.com\/embed\/epqyV8uPato\" frameborder=\"0\" allowfullscreen><\/iframe><br \/>\nHonig im Kopf (Trailer)<\/p>\n<p>Wo Til Schweiger drauf steht, ist meist auch nur Til Schweiger drin. Und so liefert er sch\u00f6ne Bilder, gef\u00fchlvolle Musik, Humor (allerdings oft mit dem Hammer verabreicht) und viel Emotionalit\u00e4t. Leider vertragen sich solch hemmungslos eingefl\u00f6\u00dfte Dosen Schweiger\u2018sche Familienkom\u00f6die nicht sonderlich gut mit einem ambitionierten Film \u00fcber <a href=\"https:\/\/de.wikipedia.org\/wiki\/Alzheimer-Krankheit\" target=\"_blank\">Alzheimer<\/a>, denn darum geht es letztendlich im Film.<\/p>\n<p>W\u00e4re da nicht Dieter Hallervorden, der nach seiner mit dem Deutschen Filmpreis ausgezeichneten Darbietung in \u201eSein letztes Rennen\u201c wiederum eine weitere bemerkenswerte Leistung abliefert, dann w\u00e4re der Film nur eine seichte Kom\u00f6die. Hallervorden macht aus Amandus einen willensstarken und eigensinnigen Mann, der mit Humor und Charakter gegen das Vergessen k\u00e4mpft, ohne die Momente von Resignation und Verlorenheit zu besch\u00f6nigen. Sicherlich ist auch die Leistung von Emma Schweiger erw\u00e4hnenswert. Trotz des engagierten Protagonisten-Duos und einzelner starker Momente ist der \u00fcberlange Film ein Fehlschlag. Til Schweiger findet nie die richtige Balance zwischen Krankheitsdrama und Kom\u00f6die. Vielleicht h\u00e4tte Schweiger zumindest dem ersten Teil seines Films auch den Untertitel <a href=\"https:\/\/de.wikipedia.org\/wiki\/Kevin_%E2%80%93_Allein_zu_Haus\" target=\"_blank\"><em>Opa allein zu Haus<\/em><\/a> geben sollen.<\/p>\n<p>Und geradezu \u00e4tzend finde ich die Hauruck-Regie von Schweiger. Man schaue nur den Trailer an: Die k\u00fcrzer als sekundenlangen Schnitte (im Film sind solche Sequenzen noch um einiges l\u00e4nger) verursachen Augenkrebs und f\u00f6rdern vielleicht auch noch die Alzheimer-Krankheit.<\/p>\n<p>Mich verwundert es \u00fcbrigens nicht, dass <a href=\"http:\/\/meedia.de\/2014\/12\/30\/manipulationsverdacht-die-merkwuerdigen-kritiken-zum-til-schweiger-film-honig-im-kopf\/\" target=\"_blank\">im Zusammenhang mit diesem Film von Manipulation<\/a> in Hinsicht auf die Bewertungen durch Zuschauer die Sprache war: So sind wohl zahlreiche merkw\u00fcrdige Bewertungen auf Film-Community-Portalen aufgetaucht, die den Verdacht nahelegen, dass es sich um Fake-Bewertungen handelt.<\/p>\n<p>Okay, trotz der \u00dcberl\u00e4nge (\u00fcber 130 Minuten) und Til Schweiger (besonders als Regisseur) hat mich das Spiel von <a href=\"https:\/\/de.wikipedia.org\/wiki\/Dieter_Hallervorden\" target=\"_blank\">Dieter Hallervorden<\/a> dazu verleitet, den Film zu Ende zu sehen. Ich kenne Hallervorden nat\u00fcrlich schon l\u00e4nger, auch seine Arbeit mit den <a href=\"https:\/\/de.wikipedia.org\/wiki\/Die_W%C3%BChlm%C3%A4use\" target=\"_blank\">W\u00fchlm\u00e4usen<\/a>. Die  tollpatschige, vom ihm dargestellte Figur <em>Didi<\/em> in diversen Kinofilmen hat mir aber nie so ganz zugesagt. Mit seinem Alterswerk (Hallervorden wurde k\u00fcrzlich 80 Jahre alt) \u00fcberzeugt er dann aber auch mich.<\/p>\n<p>Ach ja, noch eins: Immerhin hat sich Schweiger bem\u00fcht, nicht zu sehr zu nuscheln.<\/p>\n<p><iframe loading=\"lazy\" width=\"560\" height=\"315\" src=\"https:\/\/www.youtube.com\/embed\/DV-tq4mlF8E\" frameborder=\"0\" allowfullscreen><\/iframe><br \/>\nHonig im Kopf: Was passiert mit jemandem, der an Alzheimer erkrankt? &#8211; Im Film &#8222;Honig im Kopf&#8220; liebt die junge Tilda (Emma Schweiger) ihren Gro\u00dfvater (Dieter Hallervorden) \u00fcber alles. Im Filmausschnitt seht ihr eine passende Erkl\u00e4rung f\u00fcr das, was im Kopf des Opas gerade geschieht.<\/p>\n","protected":false},"excerpt":{"rendered":"<p>Honig im Kopf ist eine deutsche Tragikom\u00f6die von Til Schweiger aus dem Jahr 2014. Schweiger spielte eine der Hauptrollen, f\u00fchrte Regie und schrieb zusammen mit Hilly Martinek das Drehbuch. Die weiteren Hauptrollen sind mit Emma Schweiger und Dieter Hallervorden besetzt; in Nebenrollen sind unter anderem Jan Josef Liefers, Fahri Yard\u0131m und Tilo Pr\u00fcckner zu sehen. &hellip; <a href=\"https:\/\/willizblog.de\/?p=9400\" class=\"more-link\"><span class=\"screen-reader-text\">Honig im Kopf (2014)<\/span> weiterlesen <span class=\"meta-nav\">&rarr;<\/span><\/a><\/p>\n","protected":false},"author":1,"featured_media":0,"comment_status":"open","ping_status":"open","sticky":false,"template":"","format":"standard","meta":[],"categories":[18,13],"tags":[],"_links":{"self":[{"href":"https:\/\/willizblog.de\/index.php?rest_route=\/wp\/v2\/posts\/9400"}],"collection":[{"href":"https:\/\/willizblog.de\/index.php?rest_route=\/wp\/v2\/posts"}],"about":[{"href":"https:\/\/willizblog.de\/index.php?rest_route=\/wp\/v2\/types\/post"}],"author":[{"embeddable":true,"href":"https:\/\/willizblog.de\/index.php?rest_route=\/wp\/v2\/users\/1"}],"replies":[{"embeddable":true,"href":"https:\/\/willizblog.de\/index.php?rest_route=%2Fwp%2Fv2%2Fcomments&post=9400"}],"version-history":[{"count":0,"href":"https:\/\/willizblog.de\/index.php?rest_route=\/wp\/v2\/posts\/9400\/revisions"}],"wp:attachment":[{"href":"https:\/\/willizblog.de\/index.php?rest_route=%2Fwp%2Fv2%2Fmedia&parent=9400"}],"wp:term":[{"taxonomy":"category","embeddable":true,"href":"https:\/\/willizblog.de\/index.php?rest_route=%2Fwp%2Fv2%2Fcategories&post=9400"},{"taxonomy":"post_tag","embeddable":true,"href":"https:\/\/willizblog.de\/index.php?rest_route=%2Fwp%2Fv2%2Ftags&post=9400"}],"curies":[{"name":"wp","href":"https:\/\/api.w.org\/{rel}","templated":true}]}}