{"id":9406,"date":"2015-09-30T04:42:14","date_gmt":"2015-09-30T04:42:14","guid":{"rendered":"http:\/\/willizblog.de\/?p=9406"},"modified":"2015-09-29T11:50:49","modified_gmt":"2015-09-29T11:50:49","slug":"hein-sager-sagt-2-rosa-die-bettwurst-und-der-tee-kaffee-vergleich","status":"publish","type":"post","link":"https:\/\/willizblog.de\/?p=9406","title":{"rendered":"Hein Sager sagt (2): Rosa, die Bettwurst und der Tee-Kaffee-Vergleich"},"content":{"rendered":"<p>Wie gesagt, <a href=\"https:\/\/willizblog.de\/?p=9349\" target=\"_blank\">will ich sagen<\/a>, was mich st\u00f6rt, was ich einfach nicht gut finde. Da wird debattiert und das dann in allen Medien bis zum Verdruss ausgebreitet. Es geht ums Schwulsein und Lesbischsein und dem gleichen Recht auf Ehe wie Heterosexuelle. Und dann \u201adie Flut\u2018 an Fl\u00fcchtlingen, die Deutschland angeblich heimsucht und \u00fcberschwemmt. Was kratzen wir uns eigentlich darum, dass andere vielleicht anders sind als wir? Denn darum geht es eigentlich. K\u00f6nnen wir nicht einfach nur Mensch sein?<\/p>\n<p><img src=\"https:\/\/www.willizblog.de\/images\/hein_sager_sagt_kafka_willi.jpg\" alt=\"Hein Sager sagt \u2026\" title=\"Hein Sager sagt \u2026\" \/><\/p>\n<p>Es ist lange her, da sah ich mit einem Freund, Jochen mit Namen, den ersten Film von <a href=\"https:\/\/de.wikipedia.org\/wiki\/Rosa_von_Praunheim\" target=\"_blank\">Rosa von Praunheim<\/a>: <a href=\"https:\/\/de.wikipedia.org\/wiki\/Die_Bettwurst\" target=\"_blank\">Die Bettwurst<\/a>. Das war ein merkw\u00fcrdiger Film, besonders die Sprechweise der Hauptdarsteller, Dietmar mit seinem Mannheimer Dialekt und die Dialoge, die sich wechselseitig wiederholten (\u201eDietmar, ich liebe Dich, Luzi, ich liebe Dich, so wie die Luft, wo ich atme\u201c). Und doch waren die Hauptdarsteller <em><a href=\"http:\/\/www.rosavonpraunheim.de\/specials\/tante_luzi.html\" target=\"_blank\">Luzi und Dietmar echt<\/a>, echt in ihrer scheinbaren Unbeholfenheit, in ihren scheinbaren Schw\u00e4chen, die doch in Wirklichkeit St\u00e4rken waren.<\/em><\/p>\n<ul><img src=\"http:\/\/www.rosavonpraunheim.de\/specials\/tante_luzi\/images\/luzi4.jpg\" alt=\"Rosa von Praunheim: Die Bettwurst (1970)\" title=\"Rosa von Praunheim: Die Bettwurst (1970)\" \/><\/ul>\n<p>Nat\u00fcrlich dachten wir erst, Rosa von Praunheim w\u00e4re eine Frau. Aber bald wussten wir es: Rosa ist ein Mann. Die Ikone der Schwulenbewegung! Das st\u00f6rte uns wenig. Der Film, das war uns damals schon klar, ist Kult!<\/p>\n<p>Weder Jochen, noch ich sind schwul. Jochen sagte: Ich glaube, ich bin lesbisch: Ich steh auf Frauen! \u2013 Er meinte das ironisch und meinte es doch auch irgendwie kritisch. Schon damals sagte man Jungen gern nach, sie w\u00e4ren schwul, wenn sie sehr weich, sensibel waren. Wir beide hassten das. Wie konnte man nur so bescheuert sein und solche dummen Spr\u00fcche machen.<\/p>\n<p>Sp\u00e4ter bin ich \u00f6fter Schwulen begegnet. Wir sind ins Gespr\u00e4ch gekommen. Nat\u00fcrlich konnte ich es nicht nachempfinden, wie man sich als Mann ganz allgemein M\u00e4nnern hingezogen f\u00fchlen kann. Aber das ist kein Grund, jemand zu diskriminieren, nur weil er etwas anders ist.<\/p>\n<p>Warum ist der eine schwul, der andere nicht \u2013 die eine lesbisch, die andere nicht. Auch wenn der Vergleich hinkt wie ein lahmer Gaul: Viele trinken gern Kaffee. Andere m\u00f6gen den nicht und trinken lieber Tee. Aber warum ist das so, k\u00f6nnte man auch hier fragen. Vielleicht hat einer, der lieber Kaffee trinkt, noch nie einen guten Tee getrunken. Denn h\u00e4tte er, dann \u2026<\/p>\n<p><a href=\"https:\/\/de.wikipedia.org\/wiki\/Homosexualit%C3%A4t\" target=\"_blank\">Homosexualit\u00e4t<\/a> gilt vielen auch heute noch als \u201aunnat\u00fcrlich\u2018, dabei finden wir gerade in der Natur gleichgeschlechtliche Partnerschaften (nicht nur <a href=\"http:\/\/www.stern.de\/panorama\/wissen\/natur\/schwule-pinguine-wahre-liebe-nur-unter-maennern-3497622.html\" target=\"_blank\">schwule Pinguine<\/a> im <a href=\"https:\/\/willizblog.de\/?p=7471\" target=\"_blank\">Bremerhavener Zoo am Meer<\/a>) zuhauf. <\/p>\n<p>Tiere werden vorwiegend von ihren Instinkten geleitet. Beim Menschen herrscht ein Mischmasch aus <a href=\"https:\/\/de.wikipedia.org\/wiki\/Geist\" target=\"_blank\">Bewusstsein<\/a> und <a href=\"https:\/\/de.wikipedia.org\/wiki\/F%C3%BChlen_%28Psychologie%29\" target=\"_blank\">Gef\u00fchlen<\/a>. <a href=\"https:\/\/de.wikipedia.org\/wiki\/Liebe\" target=\"_blank\">Liebe<\/a>, das wissen wir, ist nicht ans Geschlecht gebunden. Der Vater liebt seine S\u00f6hne, die Tochter ihre Mutter. Warum also nicht auch Mann einen Mann, Frau eine Frau?<\/p>\n<p>Ich bin vielleicht hetero, ich sage vielleicht, weil ich schon in fr\u00fchen Jahren ein Erlebnis hatte, das ich als sch\u00f6n, geradezu aufregend fand und das mit einem M\u00e4dchen zu tun hatte. Ich war mir damals meiner Sexualit\u00e4t noch nicht v\u00f6llig bewusst, und im Grunde spielte sich nichts anderes ab, als dass ich mich mit dem gleichaltrigen M\u00e4dchen auf einer abgelegenen Wiese befand, wir uns pl\u00f6tzlich auszogen und unsere Unterschiede begutachteten. Das war im Sommer, in den Ferien und ich war elf Jahre alt. Eine unbeschwerte Zeit.<\/p>\n<ul><img src=\"https:\/\/www.willizblog.de\/images\/willi_ursula_1965_august_ausschnitt_mit_oma.jpg\" alt=\"K\u00f6lner Zoo, August 1965 \u2013 Hein (Willi) mit U. und Gro\u00dfmutter\" title=\"K\u00f6lner Zoo, August 1965 \u2013 Hein (Willi) mit U. und Gro\u00dfmutter\" \/><\/ul>\n<p>Und da ich gerade in der Vergangenheit krame: Ich erinnere mich auch daran, einmal einem Jungen begegnet zu sein, der so sch\u00f6n war, sodass ich mich in ihn \u201averliebte\u2018. Es war wie ein hei\u00dfes Feuer. Ich muss ziemlich irritiert dieser Zuneigung wegen gewesen sein. Der Junge war aber auch \u00fcber alle Ma\u00dfe sch\u00f6n, weiblich zart und sch\u00f6n. Es war die Sch\u00f6nheit selbst, die mich faszinierte. Sicherlich steckt in jedem diese M\u00f6glichkeit, auf Reize des gleichen Geschlechts empfindsam zu reagieren.<\/p>\n<p>Und es sind dann meist diejenigen, die <a href=\"https:\/\/de.wikipedia.org\/wiki\/Homophobie\" target=\"_blank\">homophob<\/a> reagieren, die Angst vor der eigenen, latent vorhandenen Homosexualit\u00e4t haben, M\u00e4nner, die bez\u00fcglich dessen, was sie f\u00fcr typisch m\u00e4nnliche Eigenschaften halten, dahingehend verunsichert werden, dass sie m\u00f6glicherweise selbst nicht diesem Bild entsprechen.<\/p>\n<p>Ich sage, es gibt keinen Grund, sich vor dem Anderssein zu f\u00fcrchten. Eigentlich sind wir doch alle etwas anders als die \u201aanderen\u2018, oder? Es ist eher eine Chance, aus dem Anderssein \u201aKapital\u2018 zu schlagen zum Vorteil f\u00fcr uns alle. Nutzen wir die M\u00f6glichkeiten!<\/p>\n","protected":false},"excerpt":{"rendered":"<p>Wie gesagt, will ich sagen, was mich st\u00f6rt, was ich einfach nicht gut finde. Da wird debattiert und das dann in allen Medien bis zum Verdruss ausgebreitet. Es geht ums Schwulsein und Lesbischsein und dem gleichen Recht auf Ehe wie Heterosexuelle. Und dann \u201adie Flut\u2018 an Fl\u00fcchtlingen, die Deutschland angeblich heimsucht und \u00fcberschwemmt. Was kratzen &hellip; <a href=\"https:\/\/willizblog.de\/?p=9406\" class=\"more-link\"><span class=\"screen-reader-text\">Hein Sager sagt (2): Rosa, die Bettwurst und der Tee-Kaffee-Vergleich<\/span> weiterlesen <span class=\"meta-nav\">&rarr;<\/span><\/a><\/p>\n","protected":false},"author":1,"featured_media":0,"comment_status":"open","ping_status":"open","sticky":false,"template":"","format":"standard","meta":[],"categories":[30],"tags":[],"_links":{"self":[{"href":"https:\/\/willizblog.de\/index.php?rest_route=\/wp\/v2\/posts\/9406"}],"collection":[{"href":"https:\/\/willizblog.de\/index.php?rest_route=\/wp\/v2\/posts"}],"about":[{"href":"https:\/\/willizblog.de\/index.php?rest_route=\/wp\/v2\/types\/post"}],"author":[{"embeddable":true,"href":"https:\/\/willizblog.de\/index.php?rest_route=\/wp\/v2\/users\/1"}],"replies":[{"embeddable":true,"href":"https:\/\/willizblog.de\/index.php?rest_route=%2Fwp%2Fv2%2Fcomments&post=9406"}],"version-history":[{"count":0,"href":"https:\/\/willizblog.de\/index.php?rest_route=\/wp\/v2\/posts\/9406\/revisions"}],"wp:attachment":[{"href":"https:\/\/willizblog.de\/index.php?rest_route=%2Fwp%2Fv2%2Fmedia&parent=9406"}],"wp:term":[{"taxonomy":"category","embeddable":true,"href":"https:\/\/willizblog.de\/index.php?rest_route=%2Fwp%2Fv2%2Fcategories&post=9406"},{"taxonomy":"post_tag","embeddable":true,"href":"https:\/\/willizblog.de\/index.php?rest_route=%2Fwp%2Fv2%2Ftags&post=9406"}],"curies":[{"name":"wp","href":"https:\/\/api.w.org\/{rel}","templated":true}]}}