{"id":9416,"date":"2015-10-12T08:15:34","date_gmt":"2015-10-12T08:15:34","guid":{"rendered":"http:\/\/willizblog.de\/?p=9416"},"modified":"2015-10-12T08:25:04","modified_gmt":"2015-10-12T08:25:04","slug":"komma-das-unbekannte-wesen","status":"publish","type":"post","link":"https:\/\/willizblog.de\/?p=9416","title":{"rendered":"Komma, das unbekannte Wesen"},"content":{"rendered":"<ul><em>Nat\u00fcrlich sind das alles Terroristen, die da nach Deutschland kommen, diese so genannten Fl\u00fcchtlinge. Eines Tages wird uns alles um unsere Ohren fliegen. Und wenn\u2019s schon keine Terroristen sind, dann sind\u2019s Kriminelle, die unsere H\u00e4user ausrauben, unsere Geldb\u00f6rsen klauen und unsere T\u00f6chter zur Prostitution zwingen. Und der Rest legt es nur darauf an, unsere Frauen zu vergewaltigen. Ansteckende Krankheiten haben die. Und wenn die schon nicht kriminell sind, dann nehmen die uns die Arbeitspl\u00e4tze weg. Und \u00fcberhaupt \u2026<\/em><\/ul>\n<p><em>In <a href=\"https:\/\/de.wikipedia.org\/wiki\/Schwanewede\" target=\"_blank\">Schwanewede<\/a> patrouilliert abends eine B\u00fcrgerwehr rund um die <a href=\"https:\/\/de.wikipedia.org\/wiki\/L%C3%BCtzow-Kaserne_%28Schwanewede%29\" target=\"_blank\">L\u00fctzow-Kaserne<\/a>. Dort sind zurzeit <a href=\"http:\/\/www.kreiszeitung.de\/lokales\/niedersachsen\/kaserne-schwanewede-soll-1000-fluechtlinge-aufnehmen-5502706.html\" target=\"_blank\">1244 Fl\u00fcchtlinge<\/a> untergebracht. Das Bremer Innenressort und der Verfassungsschutz reagieren alarmiert: \u201eHier mischt sich die rechte Szene in Bremen mit der in Niedersachsen. Zu der B\u00fcrgerwehr geh\u00f6ren Neonazis, die wir als gewaltbereit und gef\u00e4hrlich einstufen.\u201c Das Innenressort schlie\u00dft nicht aus, dass die Patrouillen k\u00fcnftig auch auf Bremer Gebiet ausgedehnt werden.<\/em> (Quelle: <a href=\"http:\/\/www.weser-kurier.de\/bremen\/bremen-stadtreport_artikel,-Buergerwehr-marschiert-um-Fluechtlingsheim-_arid,1225162.html\" target=\"_blank\">weser-kurier.de<\/a>)<\/p>\n<ul><em>Selbstredend sind das nicht alles Neonazis, die da in der B\u00fcrgerwehr mitmischen. Das sind ver\u00e4ngstige B\u00fcrger, die sich um ihr Hab und Gut sorgen. Wenn einem schon nicht die Politik hilft (ganz im Gegenteil!) und die Polizei nur zuguckt, dann muss man sich als B\u00fcrger selbst helfen, um sich zu wehren.<\/em><\/ul>\n<p>Ich hab mal im Netz geschaut, was denn das so f\u00fcr Typen sind, die endlich wieder f\u00fcr Sicherheit und Ordnung in Deutschland sorgen wollen. Da ist ein gewisser <a href=\"https:\/\/www.facebook.com\/steven.kray.5\" target=\"_blank\">Steven K.<\/a>, der die nach eigenen Worten 750 Mitglieder starke Facebook-Gruppe \u201eSchwanewede und umzu \u2013 Wir reden Klartext\u201c gegr\u00fcndet hat und nat\u00fcrlich auch schon mit der B\u00fcrgerwehr unterwegs war. Viel verr\u00e4t er uns ja nicht \u00fcber sich. Aber sein Anblick l\u00e4dt nicht gerade dazu ein, Vertrauen in so eine Institution wie jene Schwaneweder B\u00fcrgerwehr zu setzen. Manchmal verraten Namen, hier Vornamen, doch einiges: In der DDR hatte man eine Vorliebe f\u00fcr angels\u00e4chsische Kindernamen. So nannten viel Eltern ihre T\u00f6chter Mandy oder Peggy. Und viele S\u00f6hne bekamen den Namen Steven. Aller Wahrscheinlichkeit nach ist jener Steven K. also der Sohn von Eltern, die die DDR verlassen haben, ich denke nach 1989: Er ist also so etwas wie der Sohn von <em>Wirtschaftsfl\u00fcchtlingen<\/em>. Vielleicht h\u00e4tte man ihn gen Osten abschieben sollen, dann g\u00e4be es ein Problem weniger in Schwanewede.<\/p>\n<p>Auch jenem <a href=\"https:\/\/www.facebook.com\/balz.elektrotechnik\" target=\"_blank\">Fritjof B.<\/a>, Beiratsmitglied der <a href=\"https:\/\/de.wikipedia.org\/wiki\/B%C3%BCrger_in_Wut\" target=\"_blank\">\u201eB\u00fcrger in Wut\u201c<\/a> im Bremer Stadtteil Blumenthal, w\u00fcrde ich nicht einmal Br\u00f6tchen abkaufen, geschweige die Sicherheit meiner Lieben anvertrauen, mag <a href=\"https:\/\/www.google.de\/webhp?hl=de#hl=de&#038;q=Fritjof+Balz\" target=\"_blank\">er<\/a> sich auch aus gegebenen Anl\u00e4ssen <a href=\"https:\/\/www.facebook.com\/photo.php?fbid=832228503480520&#038;set=a.191603487543028.37605.100000801345824&#038;type=3\" target=\"_blank\">mit Schlips und wei\u00dfen Kragen<\/a> \u00e4u\u00dferst distinguiert geben.<\/p>\n<p>Man wei\u00df, dass die Deutschesten unter uns Deutschen ihre Probleme mit der deutschen Sprache haben. Herr Balz m\u00fcht sich da redlich, wenn\u2019s denn bei der Interpunktion auch reichlich hapert. Kommata sind nicht so sein Ding, so scheint es mir. Vielleicht \u00fcben wir noch ein bisschen, damit es f\u00fcr den wohlfeilen Politiker am Ende doch noch reicht. Was er schreibt, klingt au\u00dferdem wie mit der Handbremse verfasst. Wenn er k\u00f6nnte wie er wollte, dann w\u00fcrde er noch deutlicher schreiben, was die Herren \u201aKlartext\u2018 meinen nennen zu m\u00fcssen.<\/p>\n<ul><img src=\"https:\/\/www.willizblog.de\/images\/barlach_das_grauen.jpg\" alt=\"Ernst Barlach (1870-1938): Das Grauen 1923, get\u00f6nter Gips, 44 x 21,2 x 18 cm \u00a9 Ernst Barlach Stiftung G\u00fcstrow, Foto: Uwe Seemann, Barlachstadt G\u00fcstrow\" title=\"Ernst Barlach (1870-1938): Das Grauen 1923, get\u00f6nter Gips, 44 x 21,2 x 18 cm \u00a9 Ernst Barlach Stiftung G\u00fcstrow, Foto: Uwe Seemann, Barlachstadt G\u00fcstrow\" \/><\/ul>\n<ul><em><a href=\"https:\/\/de.wikipedia.org\/wiki\/Liste_gefl%C3%BCgelter_Worte\/H#Heinrich.21_Mir_grauts_vor_dir.\" target=\"_blank\">Heinrich! Mir graut\u2019s vor dir.<\/a><\/em><br \/>\nJohann Wolfgang von Goethe: <a href=\"https:\/\/de.wikipedia.org\/wiki\/Faust._Eine_Trag%C3%B6die.\" target=\"_blank\">Faust I<\/a>.<\/ul>\n<p>Nein, im Ernst jetzt: Bei solchen Gestalten wie den beiden l\u00e4uft es mir eiskalt den R\u00fccken herunter. Vor diesen selbst ernannten Sittenw\u00e4chtern und Dorfsheriffs \u00fcberkommt mich ein uns\u00e4gliches Grauen. Solche Leute in Amt und W\u00fcrden, also in entsprechender Verantwortung zu sehen, hie\u00dfe den Bock zum G\u00e4rtner zu machen.<\/p>\n","protected":false},"excerpt":{"rendered":"<p>Nat\u00fcrlich sind das alles Terroristen, die da nach Deutschland kommen, diese so genannten Fl\u00fcchtlinge. Eines Tages wird uns alles um unsere Ohren fliegen. Und wenn\u2019s schon keine Terroristen sind, dann sind\u2019s Kriminelle, die unsere H\u00e4user ausrauben, unsere Geldb\u00f6rsen klauen und unsere T\u00f6chter zur Prostitution zwingen. Und der Rest legt es nur darauf an, unsere Frauen &hellip; <a href=\"https:\/\/willizblog.de\/?p=9416\" class=\"more-link\"><span class=\"screen-reader-text\">Komma, das unbekannte Wesen<\/span> weiterlesen <span class=\"meta-nav\">&rarr;<\/span><\/a><\/p>\n","protected":false},"author":1,"featured_media":0,"comment_status":"open","ping_status":"open","sticky":false,"template":"","format":"standard","meta":[],"categories":[12],"tags":[],"_links":{"self":[{"href":"https:\/\/willizblog.de\/index.php?rest_route=\/wp\/v2\/posts\/9416"}],"collection":[{"href":"https:\/\/willizblog.de\/index.php?rest_route=\/wp\/v2\/posts"}],"about":[{"href":"https:\/\/willizblog.de\/index.php?rest_route=\/wp\/v2\/types\/post"}],"author":[{"embeddable":true,"href":"https:\/\/willizblog.de\/index.php?rest_route=\/wp\/v2\/users\/1"}],"replies":[{"embeddable":true,"href":"https:\/\/willizblog.de\/index.php?rest_route=%2Fwp%2Fv2%2Fcomments&post=9416"}],"version-history":[{"count":0,"href":"https:\/\/willizblog.de\/index.php?rest_route=\/wp\/v2\/posts\/9416\/revisions"}],"wp:attachment":[{"href":"https:\/\/willizblog.de\/index.php?rest_route=%2Fwp%2Fv2%2Fmedia&parent=9416"}],"wp:term":[{"taxonomy":"category","embeddable":true,"href":"https:\/\/willizblog.de\/index.php?rest_route=%2Fwp%2Fv2%2Fcategories&post=9416"},{"taxonomy":"post_tag","embeddable":true,"href":"https:\/\/willizblog.de\/index.php?rest_route=%2Fwp%2Fv2%2Ftags&post=9416"}],"curies":[{"name":"wp","href":"https:\/\/api.w.org\/{rel}","templated":true}]}}