{"id":9420,"date":"2015-10-13T10:52:33","date_gmt":"2015-10-13T10:52:33","guid":{"rendered":"http:\/\/willizblog.de\/?p=9420"},"modified":"2015-10-13T10:52:33","modified_gmt":"2015-10-13T10:52:33","slug":"tatort-957-aus-salzgitter-2015-verbrannt","status":"publish","type":"post","link":"https:\/\/willizblog.de\/?p=9420","title":{"rendered":"Tatort (957) aus Salzgitter (2015): Verbrannt"},"content":{"rendered":"<p>Die Macher der <a href=\"http:\/\/www.daserste.de\/unterhaltung\/krimi\/tatort\/index.html\" target=\"_blank\">Tatort<\/a>-Folge <a href=\"https:\/\/de.wikipedia.org\/wiki\/Tatort:_Verbrannt\" target=\"_blank\">Verbrannt<\/a> wurden sicherlich durch hehre Absichten geleitet, als sie eine wahre Begebenheit aus dem Jahr 2005, den Tod des Asylbewerbers <a href=\"https:\/\/de.wikipedia.org\/wiki\/Oury_Jalloh\" target=\"_blank\">Oury Jalloh<\/a> aus Sierra Leone, der in Dessau in Polizeigewahrsam verbrannt ist, ins Tatort-Format \u00fcberf\u00fchrten. Ort der Handlung ist Salzgitter, wo die Bundespolizisten <a href=\"https:\/\/de.wikipedia.org\/wiki\/Falke_und_Lorenz\" target=\"_blank\">Falke und Lorenz<\/a> ermitteln. So sehr die Fl\u00fcchtlingsthematik h\u00f6chst aktuell ist, so sehr erweist sich die Verarbeitung zu einem Kriminalfilm als ziemlich \u201at\u00fcckisch\u2018. Aber zun\u00e4chst kurz etwas zum Inhalt:<\/p>\n<ul><img src=\"http:\/\/www.fernsehlexikon.de\/wp-content\/Tatort_Vorspann.jpg\" alt=\"Tatort \u2013 TV-Reihe der ARD (seit 1970)\" title=\"Tatort \u2013 TV-Reihe der ARD (seit 1970)\" \/><\/ul>\n<p><em>Graue Herbsttage. Die Ermittlungen in einer nieders\u00e4chsischen Kleinstadt setzen Kommissar Falke geh\u00f6rig zu. Zun\u00e4chst pr\u00fcgelt er einen vermeintlichen Kontaktmann eines internationalen Schleuserrings krankenhausreif. Und als sich dann herausstellt, dass die Polizeiaktion ein einziges Missverst\u00e4ndnis war und es sich bei dem Schwarzafrikaner um einen unbescholtenen Asylbewerber handelt, ist dieser bereits tot \u2013 verbrannt in seiner Zelle. Das schlechte Gewissen sitzt dem Kommissar im Nacken. Obwohl die Bundespolizei nicht zust\u00e4ndig ist, will Falke unbedingt die Kl\u00e4rung der Todesursache selbst in die Hand nehmen. Ganz zum Leidwesen von Katharina Lorenz: Der Gewaltausbruch ihres Kollegen bei der Festnahme hat bei ihr Spuren hinterlassen. Als sie Falke sp\u00e4ter mitteilt, dass sie den Polizeidienst quittieren  wird, reagiert er zun\u00e4chst fassungslos. Der eigene Ausraster, ein Polizeipr\u00e4sidium, in dem mal eben \u00fcber Nacht ein Mann unter mysteri\u00f6sen Umst\u00e4nden zu Tode kommt und alle Kollegen dicht halten \u2013 und dann auch noch das! Es sind die Tage um den 3. Oktober \u2013 aber Deutschland zu feiern, daf\u00fcr gibt es keinen Grund. In diesem Nest stinkt es gewaltig.<\/em> (Quelle: <a href=\"http:\/\/www.tittelbach.tv\/programm\/reihe\/artikel-3836.html\" target=\"_blank\">tittelbach.tv<\/a>)<\/p>\n<p><iframe loading=\"lazy\" width=\"560\" height=\"315\" src=\"https:\/\/www.youtube.com\/embed\/WyWlZ2k-Cmk\" frameborder=\"0\" allowfullscreen><\/iframe><br \/>\nTatort (957) aus Salzgitter (2015): Verbrannt<\/p>\n<p>Diese Tatort-Folge entpuppt sich am Ende als ein Fall von <a href=\"https:\/\/de.wikipedia.org\/wiki\/Institutioneller_Rassismus\" target=\"_blank\">institutionellem Rassismus<\/a>. Der Leiter der Polizeidienststelle hat seine Beamten (die Jungs, die \u201eden Dreck wegmachen\u201c m\u00fcssen) zu einer verschworenen Gemeinschaft zusammengeschwei\u00dft, aus der ein Entkommen unm\u00f6glich ist. Es herrscht eine geradezu klaustrophobische Stimmung, die im Film sehr gut wiedergegeben wird. Dabei bleiben die Probleme des Einzelnen nicht unber\u00fccksichtigt. Eine junge Beamtin (\u00fcberzeugend gespielt von <a href=\"https:\/\/de.wikipedia.org\/wiki\/Annika_Kuhl\" target=\"_blank\">Annika Kuhl<\/a>) ist endlich bereit, eine Aussage zu machen, doch dann verl\u00e4sst die allein erziehende Mutter der Mut.<\/p>\n<p>Da die Handlung ziemlich begrenzt ist, bleibt Zeit, \u201edie Befindlichkeiten der Kommissare hinreichend auszuloten.\u201c \u201eT\u00fcckisch\u201c ist dabei, es soll ja eben ein Tatort-Krimi sein und bleiben, dass falsche F\u00e4hrten (z.B. die T\u00fcr hinter dem erst k\u00fcrzlich bewegten Schrank) gelegt werden. Auch die Aufl\u00f6sung mit dem zugespielten Video erweist sich als mehr oder weniger  konstruiert. Aber es bleibt trotzdem ein \u201eFilm, der eine klare Haltung bezieht, es sich aber nicht zu einfach macht. Ein stimmungsstarker, dokumentarisch wirkender \u201aTatort\u2018, ganz aus der Perspektive der Kommissare erz\u00e4hlt\u201c, sodass der Zuschauer nicht wie oft \u00fcblich meist mehr wei\u00df als die Ermittler.<\/p>\n<p>\u00dcbrigens ber\u00fchrt auch der n\u00e4chste Tatort <a href=\"http:\/\/www.fernsehserien.de\/tatort\/folgen\/kollaps-780587\" target=\"_blank\">Kollaps<\/a>, der am Sonntag (18.10.2015) aus Dortmund kommt, die Fl\u00fcchtlingsfrage, die wir so schnell nicht beantwortet bekommen werden.<\/p>\n","protected":false},"excerpt":{"rendered":"<p>Die Macher der Tatort-Folge Verbrannt wurden sicherlich durch hehre Absichten geleitet, als sie eine wahre Begebenheit aus dem Jahr 2005, den Tod des Asylbewerbers Oury Jalloh aus Sierra Leone, der in Dessau in Polizeigewahrsam verbrannt ist, ins Tatort-Format \u00fcberf\u00fchrten. Ort der Handlung ist Salzgitter, wo die Bundespolizisten Falke und Lorenz ermitteln. So sehr die Fl\u00fcchtlingsthematik &hellip; <a href=\"https:\/\/willizblog.de\/?p=9420\" class=\"more-link\"><span class=\"screen-reader-text\">Tatort (957) aus Salzgitter (2015): Verbrannt<\/span> weiterlesen <span class=\"meta-nav\">&rarr;<\/span><\/a><\/p>\n","protected":false},"author":1,"featured_media":0,"comment_status":"open","ping_status":"open","sticky":false,"template":"","format":"standard","meta":[],"categories":[441],"tags":[],"_links":{"self":[{"href":"https:\/\/willizblog.de\/index.php?rest_route=\/wp\/v2\/posts\/9420"}],"collection":[{"href":"https:\/\/willizblog.de\/index.php?rest_route=\/wp\/v2\/posts"}],"about":[{"href":"https:\/\/willizblog.de\/index.php?rest_route=\/wp\/v2\/types\/post"}],"author":[{"embeddable":true,"href":"https:\/\/willizblog.de\/index.php?rest_route=\/wp\/v2\/users\/1"}],"replies":[{"embeddable":true,"href":"https:\/\/willizblog.de\/index.php?rest_route=%2Fwp%2Fv2%2Fcomments&post=9420"}],"version-history":[{"count":0,"href":"https:\/\/willizblog.de\/index.php?rest_route=\/wp\/v2\/posts\/9420\/revisions"}],"wp:attachment":[{"href":"https:\/\/willizblog.de\/index.php?rest_route=%2Fwp%2Fv2%2Fmedia&parent=9420"}],"wp:term":[{"taxonomy":"category","embeddable":true,"href":"https:\/\/willizblog.de\/index.php?rest_route=%2Fwp%2Fv2%2Fcategories&post=9420"},{"taxonomy":"post_tag","embeddable":true,"href":"https:\/\/willizblog.de\/index.php?rest_route=%2Fwp%2Fv2%2Ftags&post=9420"}],"curies":[{"name":"wp","href":"https:\/\/api.w.org\/{rel}","templated":true}]}}