{"id":9429,"date":"2015-10-16T06:09:55","date_gmt":"2015-10-16T06:09:55","guid":{"rendered":"http:\/\/willizblog.de\/?p=9429"},"modified":"2015-10-16T06:09:55","modified_gmt":"2015-10-16T06:09:55","slug":"hein-sager-sagt-3-synapsenkurzschluss","status":"publish","type":"post","link":"https:\/\/willizblog.de\/?p=9429","title":{"rendered":"Hein Sager sagt (3): Synapsenkurzschluss"},"content":{"rendered":"<p>Hein Sager fragt: <em>Kennt ihr das auch: Man wacht fr\u00fch morgens auf, obwohl der Wecker nicht geklingelt hat, und wei\u00df nicht so recht, wo man sich befindet. Im Bett: klar, aber sonst &#8230; Ort und Zeit lassen sich nicht genau bestimmen.<\/em><\/p>\n<p><em>Meistens ist man durch einen Traum geweckt worden. Es muss nicht unbedingt ein Alptraum gewesen sein. Diese Orientierungslosigkeit l\u00f6st sich meist schnell. Man hat verschlafen, sammelt seine sieben bis acht Sinne (oder sind\u2019s doch nur vier?) und springt f\u00f6rmlich aus dem Bett. Und der Alltag hat einen wieder. Wenn es vielleicht Wochenende ist, wenn auch noch fr\u00fch am Tag, dann atmet man erleichtert auf, legt sich auf die andere Seite und schl\u00e4ft weiter.<\/em><\/p>\n<ul><img src=\"https:\/\/www.willizblog.de\/images\/hein_sager_sagt_kafka_willi.jpg\" alt=\"Hein Sager sagt \u2026\" title=\"Hein Sager sagt \u2026\" \/><\/ul>\n<p><em>Bedenklich wird das, wenn einem so etwas am lichten Tage geschieht. Es ist weniger eine Orientierungslosigkeit, als eher so etwas \u00c4hnliches wie eine Halluzination. Vielleicht hat man gerade etwas gelesen, sich dann mit etwas anderem besch\u00e4ftigt \u2013 und wie durch Teufelswerk vermischt sich das alles. Die <a href=\"https:\/\/de.wikipedia.org\/wiki\/Synapse\" target=\"_blank\">Synapsen<\/a> schlie\u00dfen sich kurz.<\/em><\/p>\n<p><em>Nat\u00fcrlich muss das nichts Schlimmes sein. Oft ist \u00dcberm\u00fcdung der Grund. Eine Art Sekundenschlaf, aus dem man nur halb geweckt wird. Und wie bei einem Traum, aus dem man erwacht und an den man sich erinnert, als w\u00e4re er real, wirkt diese \u2019Halluzination\u2018 einige Zeit nach.<\/em><\/p>\n<p><em>Wer so etwas schon einmal erlebt hat, wird vielleicht verstehen k\u00f6nnen, wie Drogen in etwa wirken. Deren Wirkstoffe docken sich an die Rezeptoren auf der Oberfl\u00e4che der Nervenzellen an und l\u00f6sen so verschiedene Reaktionen im Gehirn aus, zum Beispiel die Aussch\u00fcttung von Gl\u00fcckshormonen. Auch eine Art von Kurzschluss.<\/em><\/p>\n<p><em>Auf der anderen Seite kann der Kurzschluss in der Nervenzelle allerdings h\u00e4ufige Ursache f\u00fcr Schlaganfall, Epilepsie und andere Erkrankungen sein. Ich denke, wenn der Kurzschluss l\u00e4ngere Zeit anh\u00e4lt. Soweit ist es nat\u00fcrlich noch nicht \u2026<\/em><\/p>\n<p>Mit einer gen\u00fcgend gro\u00dfen M\u00fctze Schlaf und danach mit einem ausgiebigen Fr\u00fchst\u00fcck sieht die Welt dann schon viel besser aus. Alles braucht seine Ruhe!<\/p>\n","protected":false},"excerpt":{"rendered":"<p>Hein Sager fragt: Kennt ihr das auch: Man wacht fr\u00fch morgens auf, obwohl der Wecker nicht geklingelt hat, und wei\u00df nicht so recht, wo man sich befindet. Im Bett: klar, aber sonst &#8230; Ort und Zeit lassen sich nicht genau bestimmen. Meistens ist man durch einen Traum geweckt worden. Es muss nicht unbedingt ein Alptraum &hellip; <a href=\"https:\/\/willizblog.de\/?p=9429\" class=\"more-link\"><span class=\"screen-reader-text\">Hein Sager sagt (3): Synapsenkurzschluss<\/span> weiterlesen <span class=\"meta-nav\">&rarr;<\/span><\/a><\/p>\n","protected":false},"author":1,"featured_media":0,"comment_status":"open","ping_status":"open","sticky":false,"template":"","format":"standard","meta":[],"categories":[30],"tags":[],"_links":{"self":[{"href":"https:\/\/willizblog.de\/index.php?rest_route=\/wp\/v2\/posts\/9429"}],"collection":[{"href":"https:\/\/willizblog.de\/index.php?rest_route=\/wp\/v2\/posts"}],"about":[{"href":"https:\/\/willizblog.de\/index.php?rest_route=\/wp\/v2\/types\/post"}],"author":[{"embeddable":true,"href":"https:\/\/willizblog.de\/index.php?rest_route=\/wp\/v2\/users\/1"}],"replies":[{"embeddable":true,"href":"https:\/\/willizblog.de\/index.php?rest_route=%2Fwp%2Fv2%2Fcomments&post=9429"}],"version-history":[{"count":0,"href":"https:\/\/willizblog.de\/index.php?rest_route=\/wp\/v2\/posts\/9429\/revisions"}],"wp:attachment":[{"href":"https:\/\/willizblog.de\/index.php?rest_route=%2Fwp%2Fv2%2Fmedia&parent=9429"}],"wp:term":[{"taxonomy":"category","embeddable":true,"href":"https:\/\/willizblog.de\/index.php?rest_route=%2Fwp%2Fv2%2Fcategories&post=9429"},{"taxonomy":"post_tag","embeddable":true,"href":"https:\/\/willizblog.de\/index.php?rest_route=%2Fwp%2Fv2%2Ftags&post=9429"}],"curies":[{"name":"wp","href":"https:\/\/api.w.org\/{rel}","templated":true}]}}