{"id":9431,"date":"2015-10-17T04:00:34","date_gmt":"2015-10-17T04:00:34","guid":{"rendered":"http:\/\/willizblog.de\/?p=9431"},"modified":"2015-10-16T08:21:53","modified_gmt":"2015-10-16T08:21:53","slug":"angesagt-herbsturlaub-2015","status":"publish","type":"post","link":"https:\/\/willizblog.de\/?p=9431","title":{"rendered":"Angesagt \u2026 Herbsturlaub 2015!"},"content":{"rendered":"<p>Es ist wieder soweit: Endlich darf ich mich zwei Wochen entspannen: Urlaub ist angesagt! Aber meine Frau wird schon daf\u00fcr sorgen, dass ich mich nicht nur auf der faulen Haut ausruhen werde: Malerarbeiten sind geplant \u2013 und bei der rigorosen Vorgehensweise meiner Frau, wird das auch durchgef\u00fchrt (Verweigern zwecklos!).<\/p>\n<ul><img src=\"https:\/\/www.willizblog.de\/images\/zettel_urlaub_plattdeutsch.jpg\" alt=\"Urlaubstiet is wedder do(r) ...: Harvst-Urlaub 2015\" title=\"Urlaubstiet is wedder do(r) ...: Harvst-Urlaub 2015\" \/><\/ul>\n<p>Urlaub &#8230; und es herbstelt. Die Bl\u00e4tter f\u00e4rbeln, bevor sie von den B\u00e4umlein plumpsen. \u201aStormgebrus\u2019 peitscht dir bald die \u201aRegendroppen\u2019 um die \u201aNees\u2019. Aber das sorgt f\u00fcr gesunde Durchblutung der \u201aSnutpell\u2019, glov\u2019 mi dat!<\/p>\n<p>Ja, \u201akieken\u2019 wir mal, was dieser \u201aHarvst\u2019 uns so bringt. Die \u201aWedderutsichten\u2019 sind f\u00fcr die n\u00e4chsten Tage eher gemischmascht. Die \u201aFr\u00fccht\u2019 von dem <em>Aesculus hippocastanum<\/em> \u201adr\u00fcppelt\u2019 dir auf den \u201aDeets\u2019, wenn du nicht \u201aoppasst\u2019.<\/p>\n<ul><img src=\"https:\/\/www.willizblog.de\/blogpicts\/herbsturlaub2009_10_08.jpg\" alt=\"Kastanien \u2013 Kastanjen, ook Christangel\" title=\"Kastanien \u2013 Kastanjen, ook Christangel\" \/><\/ul>\n<p>Aber genug verwuselt <em>hochdeutsch-geplattdeutscht<\/em>. Wenn Ihr die n\u00e4chsten Tage nicht viel von mir <em>h\u00f6ren (lesen) werdet<\/em> (Futur I), dann weil ich es mir gem\u00fctlich <em>gemacht haben werde<\/em> (<a href=\"https:\/\/de.wikipedia.org\/wiki\/Futur#Futur_II\" target=\"_blank\">Futur II<\/a> \u2013 kommt selten vor). Von den Malerarbeiten abgesehen \u2026<\/p>\n","protected":false},"excerpt":{"rendered":"<p>Es ist wieder soweit: Endlich darf ich mich zwei Wochen entspannen: Urlaub ist angesagt! Aber meine Frau wird schon daf\u00fcr sorgen, dass ich mich nicht nur auf der faulen Haut ausruhen werde: Malerarbeiten sind geplant \u2013 und bei der rigorosen Vorgehensweise meiner Frau, wird das auch durchgef\u00fchrt (Verweigern zwecklos!). Urlaub &#8230; und es herbstelt. Die &hellip; <a href=\"https:\/\/willizblog.de\/?p=9431\" class=\"more-link\"><span class=\"screen-reader-text\">Angesagt \u2026 Herbsturlaub 2015!<\/span> weiterlesen <span class=\"meta-nav\">&rarr;<\/span><\/a><\/p>\n","protected":false},"author":1,"featured_media":0,"comment_status":"open","ping_status":"open","sticky":false,"template":"","format":"standard","meta":[],"categories":[16],"tags":[],"_links":{"self":[{"href":"https:\/\/willizblog.de\/index.php?rest_route=\/wp\/v2\/posts\/9431"}],"collection":[{"href":"https:\/\/willizblog.de\/index.php?rest_route=\/wp\/v2\/posts"}],"about":[{"href":"https:\/\/willizblog.de\/index.php?rest_route=\/wp\/v2\/types\/post"}],"author":[{"embeddable":true,"href":"https:\/\/willizblog.de\/index.php?rest_route=\/wp\/v2\/users\/1"}],"replies":[{"embeddable":true,"href":"https:\/\/willizblog.de\/index.php?rest_route=%2Fwp%2Fv2%2Fcomments&post=9431"}],"version-history":[{"count":0,"href":"https:\/\/willizblog.de\/index.php?rest_route=\/wp\/v2\/posts\/9431\/revisions"}],"wp:attachment":[{"href":"https:\/\/willizblog.de\/index.php?rest_route=%2Fwp%2Fv2%2Fmedia&parent=9431"}],"wp:term":[{"taxonomy":"category","embeddable":true,"href":"https:\/\/willizblog.de\/index.php?rest_route=%2Fwp%2Fv2%2Fcategories&post=9431"},{"taxonomy":"post_tag","embeddable":true,"href":"https:\/\/willizblog.de\/index.php?rest_route=%2Fwp%2Fv2%2Ftags&post=9431"}],"curies":[{"name":"wp","href":"https:\/\/api.w.org\/{rel}","templated":true}]}}