{"id":9438,"date":"2015-10-26T16:04:24","date_gmt":"2015-10-26T16:04:24","guid":{"rendered":"http:\/\/willizblog.de\/?p=9438"},"modified":"2015-10-26T16:08:55","modified_gmt":"2015-10-26T16:08:55","slug":"herbsturlaub-2015-buesenbachtallueneburger-heide","status":"publish","type":"post","link":"https:\/\/willizblog.de\/?p=9438","title":{"rendered":"Herbsturlaub 2015: B\u00fcsenbachtal\/L\u00fcneburger Heide"},"content":{"rendered":"<p>Der Herbst hat zwei Seiten, die angenehm milde mit Sonne, die die Farben der Bl\u00e4tter zum Gl\u00fchen bringt und z.B. als &#8218;goldener Oktober&#8216; bekannt ist &#8211; und die weniger sch\u00f6ne Seite, die sich trist zeigt, wolkenverhangen und dunkel. Letzere ist oft im November zu sehen und ich nenne ein solches Wetter Totensonntagswetter.<\/p>\n<p>Nach einigen Tagen Totensonntagswetter zeigt sich der endende Oktober in diesen Tagen von seiner guten Seite: Nachts wird es schon sehr frisch, aber am Tage kommt die Sonne hervor und die Temperaturen geben sich angenehm. Da wir die <a href=\"https:\/\/de.wikipedia.org\/wiki\/L%C3%BCneburger_Heide\" target=\"_blank\">L\u00fcneburger Heide<\/a> quasi vor der Haust\u00fcr haben, nutzte ich mit meiner Frau das goldene Oktoberwetter, um einen Spaziergang durch das <a href=\"http:\/\/www.lueneburger-heide.de\/sehenswuerdigkeiten\/3176_Handeloh_Buesenbachtal_mit_Heideflaechen.html\" target=\"_blank\">B\u00fcsenbachtal<\/a> zu machen. Die Heide ist zwar l\u00e4ngst verbl\u00fcht (nur wenige St\u00e4ngel haben noch Bl\u00fcten), daf\u00fcr zeigen sich aber die Laubb\u00e4ume in ihren sch\u00f6nsten herbstlichen Farben: das Gr\u00fcn der Tannen im Hintergrund zeigen sie sich von braunen \u00fcber gelbe bis zu roten T\u00f6nen. Einfach wundersch\u00f6n!<\/p>\n<p><iframe loading=\"lazy\" width=\"560\" height=\"315\" src=\"https:\/\/www.youtube.com\/embed\/vvmZOBXmWHo?rel=0\" frameborder=\"0\" allowfullscreen><\/iframe><br \/>\nFotoschau B\u00fcsenbachtal\/L\u00fcneburger Heide\/Niedersachsen<\/p>\n<div id=\"fb-root\"><\/div>\n<p><script>(function(d, s, id) {  var js, fjs = d.getElementsByTagName(s)[0];  if (d.getElementById(id)) return;  js = d.createElement(s); js.id = id;  js.src = \"\/\/connect.facebook.net\/de_DE\/sdk.js#xfbml=1&version=v2.3\";  fjs.parentNode.insertBefore(js, fjs);}(document, 'script', 'facebook-jssdk'));<\/script><\/p>\n<div class=\"fb-post\" data-href=\"https:\/\/www.facebook.com\/media\/set\/?set=a.1203733769643737.1073741833.100000213759626&amp;type=3\" data-width=\"500\">\n<div class=\"fb-xfbml-parse-ignore\">\n<blockquote cite=\"https:\/\/www.facebook.com\/media\/set\/?set=a.1203733769643737.1073741833.100000213759626&amp;type=3\">\n<p>Spazieren im Herbst (23.10.2015)<\/p>\n<p>Posted by <a href=\"https:\/\/www.facebook.com\/willizblog\" target=\"_blank\">Willi Albin<\/a> on&nbsp;<a href=\"https:\/\/www.facebook.com\/media\/set\/?set=a.1203733769643737.1073741833.100000213759626&amp;type=3\" target=\"_blank\">Freitag, 23. Oktober 2015<\/a><\/p><\/blockquote>\n<\/div>\n<\/div>\n","protected":false},"excerpt":{"rendered":"<p>Der Herbst hat zwei Seiten, die angenehm milde mit Sonne, die die Farben der Bl\u00e4tter zum Gl\u00fchen bringt und z.B. als &#8218;goldener Oktober&#8216; bekannt ist &#8211; und die weniger sch\u00f6ne Seite, die sich trist zeigt, wolkenverhangen und dunkel. Letzere ist oft im November zu sehen und ich nenne ein solches Wetter Totensonntagswetter. Nach einigen Tagen &hellip; <a href=\"https:\/\/willizblog.de\/?p=9438\" class=\"more-link\"><span class=\"screen-reader-text\">Herbsturlaub 2015: B\u00fcsenbachtal\/L\u00fcneburger Heide<\/span> weiterlesen <span class=\"meta-nav\">&rarr;<\/span><\/a><\/p>\n","protected":false},"author":1,"featured_media":0,"comment_status":"open","ping_status":"open","sticky":false,"template":"","format":"standard","meta":[],"categories":[11],"tags":[],"_links":{"self":[{"href":"https:\/\/willizblog.de\/index.php?rest_route=\/wp\/v2\/posts\/9438"}],"collection":[{"href":"https:\/\/willizblog.de\/index.php?rest_route=\/wp\/v2\/posts"}],"about":[{"href":"https:\/\/willizblog.de\/index.php?rest_route=\/wp\/v2\/types\/post"}],"author":[{"embeddable":true,"href":"https:\/\/willizblog.de\/index.php?rest_route=\/wp\/v2\/users\/1"}],"replies":[{"embeddable":true,"href":"https:\/\/willizblog.de\/index.php?rest_route=%2Fwp%2Fv2%2Fcomments&post=9438"}],"version-history":[{"count":0,"href":"https:\/\/willizblog.de\/index.php?rest_route=\/wp\/v2\/posts\/9438\/revisions"}],"wp:attachment":[{"href":"https:\/\/willizblog.de\/index.php?rest_route=%2Fwp%2Fv2%2Fmedia&parent=9438"}],"wp:term":[{"taxonomy":"category","embeddable":true,"href":"https:\/\/willizblog.de\/index.php?rest_route=%2Fwp%2Fv2%2Fcategories&post=9438"},{"taxonomy":"post_tag","embeddable":true,"href":"https:\/\/willizblog.de\/index.php?rest_route=%2Fwp%2Fv2%2Ftags&post=9438"}],"curies":[{"name":"wp","href":"https:\/\/api.w.org\/{rel}","templated":true}]}}