{"id":9446,"date":"2015-11-04T13:39:08","date_gmt":"2015-11-04T13:39:08","guid":{"rendered":"http:\/\/willizblog.de\/?p=9446"},"modified":"2015-11-04T13:39:08","modified_gmt":"2015-11-04T13:39:08","slug":"asterix-band-36-der-papyrus-des-caesar","status":"publish","type":"post","link":"https:\/\/willizblog.de\/?p=9446","title":{"rendered":"Asterix Band 36: Der Papyrus des C\u00e4sar"},"content":{"rendered":"<ul><em>Wir befinden uns im Jahr 50 v. Chr. Ganz Gallien ist von den R\u00f6mern besetzt &#8230; Ganz Gallien? Nein! Ein von unbeugsamen Galliern bev\u00f6lkertes Dorf h\u00f6rt nicht auf, dem Eindringling Widerstand zu leisten<\/em> [&#8230;]<\/ul>\n<p>Ja, wer kennt sie nicht, die unbeugsamen Gallier: <a href=\"https:\/\/de.wikipedia.org\/wiki\/Asterix\" target=\"_blank\">Asterix<\/a>, den kleinen, <a href=\"https:\/\/de.wikipedia.org\/wiki\/Figuren_aus_Asterix#Obelix\" target=\"_blank\">Obelix<\/a>, den dicken, und all die anderen, die vom Texter <a href=\"https:\/\/de.wikipedia.org\/wiki\/Ren%C3%A9_Goscinny\" target=\"_blank\">Ren\u00e9 Goscinny<\/a> und Zeichner <a href=\"https:\/\/de.wikipedia.org\/wiki\/Albert_Uderzo\" target=\"_blank\">Albert Uderzo<\/a> erschaffen wurden und seit 1968 (mit <a href=\"https:\/\/de.wikipedia.org\/wiki\/Asterix_der_Gallier_%28Comic%29\" target=\"_blank\">Asterix der Gallier<\/a>) auch bei uns in Deutschland bekannt wurden.<\/p>\n<p>Ich kenne <a href=\"http:\/\/www.asterix.com\/index.php.de\" target=\"_blank\">Asterix und Co<\/a>. aus meiner Jugendzeit, also eigentlich von Anfang an, und habe so manches Heft aus dieser Zeit zu Hause (wahrscheinlich versch\u00fcttet)  liegen. Vor rund zwei Wochen erschien nun der 36. Band: <a target=\"_blank\" rel=\"nofollow\" href=\"https:\/\/www.amazon.de\/gp\/search?ie=UTF8&#038;camp=1638&#038;creative=6742&#038;index=books&#038;keywords=asterix%20papyrus&#038;linkCode=ur2&#038;tag=familiealbin-21\"><strong>Asterix: Der Papyrus des C\u00e4sar<\/strong><\/a><img loading=\"lazy\" src=\"http:\/\/ir-de.amazon-adsystem.com\/e\/ir?t=familiealbin-21&#038;l=ur2&#038;o=3\" width=\"1\" height=\"1\" border=\"0\" alt=\"\" style=\"border:none !important; margin:0px !important;\" \/> mit dem Text von <a href=\"https:\/\/de.wikipedia.org\/wiki\/Jean-Yves_Ferri\" target=\"_blank\">Jean-Yves Ferri<\/a> und den Zeichnungen von <a href=\"https:\/\/de.wikipedia.org\/wiki\/Didier_Conrad\" target=\"_blank\">Didier Conrad<\/a>. Mit diesem Band habe ich mir nach vielen Jahren wieder einmal ein Asterix-Heft geg\u00f6nnt.<\/p>\n<ul><img src=\"http:\/\/www.asterix.com\/la-collection\/les-albums\/visu\/alb36de.png\" alt=\"Asterix Band 36: Der Papyrus des C\u00e4sar\" title=\"Asterix Band 36: Der Papyrus des C\u00e4sar\" \/><\/ul>\n<ul>Wie hei\u00dft ein r\u00f6mischer Wachtmeister? Antivirus! Wie ein r\u00f6mischer Whistleblower? Polemix! Wie ein r\u00f6mischer Spindoctor? Syndicus! Der neue, der 36. Asterix-Band \u201eist ein starker Comic\u201c (SZ) mit Leaks, Whistleblowern und Twitter-V\u00f6gelchen.<\/ul>\n<p><em>Das Dorf der Gallier ist in Aufruhr, denn Julius C\u00e4sar ist unter die Schriftsteller gegangen<\/em> und hat seine <a href=\"https:\/\/de.wikipedia.org\/wiki\/De_bello_Gallico\" target=\"_blank\">Commentarii de Bello Gallico<\/a>, also seine Aufzeichnungen zum <a href=\"https:\/\/de.wikipedia.org\/wiki\/Gallischer_Krieg\" target=\"_blank\">Gallischen Krieg<\/a>, verfasst. Dabei hat er <em>es so ganz genau nicht mit der Wahrheit genommen.<\/em><\/p>\n<p><em>Die Leser k\u00f6nnen sich auf ein spannendes Abenteuer mit neuen Figuren freuen. Da w\u00e4re einmal der B\u00f6sewicht Syndicus \u2013 Julius C\u00e4sars fieser Berater, der zweifelslos einen teuflischen Plan gegen die unbeugsamen Gallier ausheckt. Aber er hat nicht mit Polemix gerechnet \u2013 ebenfalls eine neue Figur im Band, f\u00fcr die kein anderer als Wikileaks-Gr\u00fcnder Julian Assange das Vorbild war.<\/em><\/p>\n<p><em>C\u00e4sar hat sein unter Lateinsch\u00fclern ber\u00fcchtigtes Hauptwerk \u00fcber den Gallischen Krieg fertiggestellt und l\u00e4sst auf Empfehlung seines PR-Beraters Syndicus das Kapitel mit den f\u00fcr ihn wenig ruhmreichen Auseinandersetzungen mit Asterix &#038; Co. wieder entfernen. Doch das entfernte Manuskriptst\u00fcck ger\u00e4t in die H\u00e4nde von Polemix, der einen <a href=\"https:\/\/de.wikipedia.org\/wiki\/Scoop_%28Journalismus%29\" target=\"_blank\">Scoop<\/a> wittert, der das R\u00f6mische Reich ersch\u00fcttern k\u00f6nnte.<\/em><\/p>\n<p><em>Polemix fl\u00fcchtet in das bekannte gallische Dorf, verfolgt von den Schergen des Syndicus. Um das brisante Kapitel zu sichern, beschlie\u00dft Miraculix, seinen Inhalt der m\u00fcndlichen \u00dcberlieferung des gallischen Druidentums anzuvertrauen. Man macht sich auf zur Reise in den <a href=\"https:\/\/de.wikipedia.org\/wiki\/Karnuten\" target=\"_blank\">Karnutenwald<\/a>, \u2013 was allerdings nicht unbemerkt bleibt &#8230;<\/em><\/p>\n<p><em>\u00dcberaus gegl\u00fcckt ist die Erfindung und Einbindung antiker Vorformen von E-Mail-Verkehr und Twitter. Auch bei der Brieftauben-Mail wird schon mal \u00bbder Anhang vergessen\u00ab (S. 35), und man lernt nebenbei auch einen Brieftauben-Server kennen (S. 16). Der Einfluss der Medien wird an Obelix demonstriert, den ein Horoskop in schwere innere Konflikte st\u00fcrzt (\u00bbweniger Wildschweine\u00ab).<\/em><\/p>\n<p><em>Ein besonderer Clou: Aus der Geschichte heraus springt Ferri am Schluss in eine Meta-Erz\u00e4hlung: Wir erfahren, wie Goscinny und Uderzo einst, in den 1950er Jahren, an die Informationen \u00fcber die legend\u00e4ren Abenteuer von Asterix &#038; Co. gelangten.<\/em><br \/>\n(Quelle u.a. <a href=\"https:\/\/www.amazon.de\/gp\/pdp\/profile\/A1J2C6AXXI5JBP\/ref=cm_cr_rdp_pdp\" target=\"_blank\">Estragon<\/a>: <a href=\"https:\/\/www.amazon.de\/review\/R30O3I619L5NOO\/ref=cm_cr_dp_title?ie=UTF8&#038;ASIN=3770438906&#038;channel=detail-glance&#038;nodeID=299956&#038;store=books\" target=\"_blank\">Zur\u00fcck in der Spur<\/a>)<\/p>\n<p>Von der Ausstattung her, von der Liebe zum zeichnerischen Detail bis hin zur gleichen Seitenanzahl, hat sich mit diesem <a href=\"http:\/\/www.asterix.com\/die-buecher\/die-klassischen-abenteuer\/der-papyrus-des-caesar.html\" target=\"_blank\">36. Asterix-Band<\/a> gegen\u00fcber (viel) fr\u00fcheren nichts Gravierendes ver\u00e4ndert. Auch inhaltlich kommt mir vieles sehr bekannt vor. F\u00fcr Obelix spinnen die R\u00f6mer immer noch. Nur das jetzt schon einmal ein r\u00f6mische Legion\u00e4r behauptet, dass auch die Gallier spinnen.<\/p>\n<p>Soviel ich gelesen habe, soll es viele Jahre hinsichtlich des Inhalts und da besonders die Texte betreffend eher eine Durststrecke in der Asterix-Reihe gegeben haben (der Texter Ren\u00e9 Goscinny starb bereits 1977), die nun \u00fcberbr\u00fcckt zu sein scheint. Mit Jean-Yves Ferri hat Goscinny einen w\u00fcrdigen Nachfolger gefunden. F\u00fcr mich brachte das Lesen dieses neuen Bandes auf jeden Fall viel Spa\u00df.<\/p>\n<p>Nat\u00fcrlich k\u00f6nnte man behaupten, wer einen Asterix-Band kennt, kennt im Grunde alle. Man kann es aber auch anders sagen: <em>Wer Asterix mag, wird auch diesen neuen Band m\u00f6gen.<\/em><\/p>\n","protected":false},"excerpt":{"rendered":"<p>Wir befinden uns im Jahr 50 v. Chr. Ganz Gallien ist von den R\u00f6mern besetzt &#8230; Ganz Gallien? Nein! Ein von unbeugsamen Galliern bev\u00f6lkertes Dorf h\u00f6rt nicht auf, dem Eindringling Widerstand zu leisten [&#8230;] Ja, wer kennt sie nicht, die unbeugsamen Gallier: Asterix, den kleinen, Obelix, den dicken, und all die anderen, die vom Texter &hellip; <a href=\"https:\/\/willizblog.de\/?p=9446\" class=\"more-link\"><span class=\"screen-reader-text\">Asterix Band 36: Der Papyrus des C\u00e4sar<\/span> weiterlesen <span class=\"meta-nav\">&rarr;<\/span><\/a><\/p>\n","protected":false},"author":1,"featured_media":0,"comment_status":"open","ping_status":"open","sticky":false,"template":"","format":"standard","meta":[],"categories":[3],"tags":[],"_links":{"self":[{"href":"https:\/\/willizblog.de\/index.php?rest_route=\/wp\/v2\/posts\/9446"}],"collection":[{"href":"https:\/\/willizblog.de\/index.php?rest_route=\/wp\/v2\/posts"}],"about":[{"href":"https:\/\/willizblog.de\/index.php?rest_route=\/wp\/v2\/types\/post"}],"author":[{"embeddable":true,"href":"https:\/\/willizblog.de\/index.php?rest_route=\/wp\/v2\/users\/1"}],"replies":[{"embeddable":true,"href":"https:\/\/willizblog.de\/index.php?rest_route=%2Fwp%2Fv2%2Fcomments&post=9446"}],"version-history":[{"count":0,"href":"https:\/\/willizblog.de\/index.php?rest_route=\/wp\/v2\/posts\/9446\/revisions"}],"wp:attachment":[{"href":"https:\/\/willizblog.de\/index.php?rest_route=%2Fwp%2Fv2%2Fmedia&parent=9446"}],"wp:term":[{"taxonomy":"category","embeddable":true,"href":"https:\/\/willizblog.de\/index.php?rest_route=%2Fwp%2Fv2%2Fcategories&post=9446"},{"taxonomy":"post_tag","embeddable":true,"href":"https:\/\/willizblog.de\/index.php?rest_route=%2Fwp%2Fv2%2Ftags&post=9446"}],"curies":[{"name":"wp","href":"https:\/\/api.w.org\/{rel}","templated":true}]}}