{"id":9461,"date":"2015-11-12T05:53:33","date_gmt":"2015-11-12T05:53:33","guid":{"rendered":"http:\/\/willizblog.de\/?p=9461"},"modified":"2015-11-11T07:05:02","modified_gmt":"2015-11-11T07:05:02","slug":"europa-ade-2","status":"publish","type":"post","link":"https:\/\/willizblog.de\/?p=9461","title":{"rendered":"Europa ade?!"},"content":{"rendered":"<p>Europa kommt in die Jahre \u2013 und durch den Fl\u00fcchtlingszustrom in die Krise. Probleme, gar Krisen gab es immer. Was wir in Europa aber jetzt haben, ist eine veritable Existenzkrise. Hie\u00df es bisher immer: Europa w\u00e4chst zusammen, eine Divise, die als unantastbar galt, so droht die Europ\u00e4ische Union jetzt auseinanderzubrechen. <\/p>\n<p><img src=\"https:\/\/www.willizblog.de\/images\/europa_in_der_krise.jpg\" alt=\"Europa ade: Europa in einer Existenzkrise\" title=\"Europa ade: Europa in einer Existenzkrise\" \/><\/p>\n<p>An Krisen mangelt es bekanntlich nicht: Verfassungskrise, Finanzkrise, Ukrainekrise und Fl\u00fcchtlingskrise. Noch bis vor kurzem war es Griechenland, das uns in Atem hielt, ja, fast den Atem raubte. Da wurde zum ersten Mal davon gesprochen, dass ein Land vielleicht die Euro-Zone, die gemeinsame W\u00e4hrung des Euro, verlassen k\u00f6nnte: <a href=\"https:\/\/de.wikipedia.org\/wiki\/Grexit\" target=\"_blank\">Grexit<\/a> lautete das Stichwort.<\/p>\n<p>Da ist die <a href=\"https:\/\/de.wikipedia.org\/wiki\/Krieg_in_der_Ukraine_seit_2014\" target=\"_blank\">Ukraine-Krise<\/a>, die auch die <a href=\"https:\/\/de.wikipedia.org\/wiki\/Europ%C3%A4ische_Union\" target=\"_blank\">EU<\/a> belastet. Da k\u00e4mpfen seit Jahr und Tag von Russland unterst\u00fctzten Milizen, regul\u00e4re russische und ukrainische Truppen sowie Freiwilligenmilizen mit- und gegeneinander. Ein Ende ist nicht in Sicht.<\/p>\n<p><strong>Putins Rache<\/strong><\/p>\n<p><a href=\"https:\/\/de.wikipedia.org\/wiki\/Krimkrise\" target=\"_blank\">Die Krim<\/a> hat sich <a href=\"https:\/\/de.wikipedia.org\/wiki\/Wladimir_Wladimirowitsch_Putin\" target=\"_blank\">Wladimir Putin<\/a> bereits unter den Nagel gerissen. Neben Wei\u00dfrussland mit <a href=\"https:\/\/de.wikipedia.org\/wiki\/Aljaksandr_Lukaschenka\" target=\"_blank\">Pr\u00e4sident Lukaschenko<\/a>, Europas letzten Diktator, sucht Putin nach weiteren Verb\u00fcndeten im ehemaligen Ostblock \u2013 die Separatisten in der Ukraine kommen ihm da nur recht. Und notfalls h\u00e4lt man es eben mit Potentaten wie den syrischen Staatspr\u00e4sidenten <a href=\"https:\/\/de.wikipedia.org\/wiki\/Baschar_al-Assad\" target=\"_blank\">Baschar al-Assad<\/a>, der durch das gewaltsame Vorgehen gegen die Zivilbev\u00f6lkerung die Menschen in die Flucht treibt.<\/p>\n<p>Putins Festhalten an Assad erscheint mir wie seine Rache an Europa. Der B\u00fcrgerkrieg in Syrien l\u00e4sst die Menschen die Flucht ergreifen. Und viele der Syrer suchen den Weg in die EU und vor allem auch nach Deutschland. Will man diese Fl\u00fcchtlingsstr\u00f6me stoppen, dann muss endlich der B\u00fcrgerkrieg in Syrien beendet (und auch der <a href=\"https:\/\/de.wikipedia.org\/wiki\/Islamischer_Staat_%28Organisation%29\" target=\"_blank\">IS<\/a> aufgehalten) werden. Das kann aber nur ohne Assad, den Schl\u00e4chter seines eigenen Volks, gehen. Putin beharrt aber auf Assad und muss sich geradezu freuen, wenn er sieht, wie die Menschen aus Syrien nach Europa fliehen.<\/p>\n<p>Und sp\u00e4testens jetzt mit der Fl\u00fcchtlingskrise scheint Europa zu scheitern. Wenn es darum geht, Gelder aus den Fleischt\u00f6pfen der EU zu kassieren, da greifen L\u00e4nder wie Ungarn oder Polen gerne zu. Geht es aber darum, Fl\u00fcchtlingen zu helfen, da zieht man Z\u00e4une oder sagt gleich, nein, wir nehmen keine Fl\u00fcchtlinge auf. Europa hat da pl\u00f6tzlich ausgedient!<\/p>\n<p>Ich f\u00fcr meinen Teil denke, dass man viel zu fr\u00fch viel zu viele L\u00e4nder des ehemaligen Ostblocks in die EU aufgenommen hat. Aber es gab wohl keine wirkliche Alternative dazu, oder? Man wollte L\u00e4nder wie die Staaten des ehemaligen Jugoslawien, wie Polen oder Ungarn wirtschaftlich und damit auch politisch stabilisieren. Genau das ist aber nur teilweise gelungen. In vielen dieser L\u00e4nder gab es zuletzt einen gewaltigen Rechtsrutsch. Und durch die Fl\u00fcchtlingskrise droht auch in Deutschland ein Zuwachs rechtsextremer Kr\u00e4fte (z.B. die AfD bzw. die unselige Pediga-Bewegung).<\/p>\n<p>Wie soll es also mit Europa weitergehen? Europa sollte mehr sein als eine Wirtschafts- und Handelszone mit einheitlicher W\u00e4hrung. Solidarit\u00e4t untereinander, eine gemeinsame Werteordnung usw. \u2013 alles sind zwar Schlagworte, zudem missbrauchte, mehr aber auch nicht. \u00dcber einen gemeinsamen Wirtschaftsraum ist Europa bis heute in Wirklichkeit nicht hinaus gekommen. Also alles im Grunde wie gehabt \u2026?!<\/p>\n","protected":false},"excerpt":{"rendered":"<p>Europa kommt in die Jahre \u2013 und durch den Fl\u00fcchtlingszustrom in die Krise. Probleme, gar Krisen gab es immer. Was wir in Europa aber jetzt haben, ist eine veritable Existenzkrise. Hie\u00df es bisher immer: Europa w\u00e4chst zusammen, eine Divise, die als unantastbar galt, so droht die Europ\u00e4ische Union jetzt auseinanderzubrechen. An Krisen mangelt es bekanntlich &hellip; <a href=\"https:\/\/willizblog.de\/?p=9461\" class=\"more-link\"><span class=\"screen-reader-text\">Europa ade?!<\/span> weiterlesen <span class=\"meta-nav\">&rarr;<\/span><\/a><\/p>\n","protected":false},"author":1,"featured_media":0,"comment_status":"open","ping_status":"open","sticky":false,"template":"","format":"standard","meta":[],"categories":[12,2],"tags":[],"_links":{"self":[{"href":"https:\/\/willizblog.de\/index.php?rest_route=\/wp\/v2\/posts\/9461"}],"collection":[{"href":"https:\/\/willizblog.de\/index.php?rest_route=\/wp\/v2\/posts"}],"about":[{"href":"https:\/\/willizblog.de\/index.php?rest_route=\/wp\/v2\/types\/post"}],"author":[{"embeddable":true,"href":"https:\/\/willizblog.de\/index.php?rest_route=\/wp\/v2\/users\/1"}],"replies":[{"embeddable":true,"href":"https:\/\/willizblog.de\/index.php?rest_route=%2Fwp%2Fv2%2Fcomments&post=9461"}],"version-history":[{"count":0,"href":"https:\/\/willizblog.de\/index.php?rest_route=\/wp\/v2\/posts\/9461\/revisions"}],"wp:attachment":[{"href":"https:\/\/willizblog.de\/index.php?rest_route=%2Fwp%2Fv2%2Fmedia&parent=9461"}],"wp:term":[{"taxonomy":"category","embeddable":true,"href":"https:\/\/willizblog.de\/index.php?rest_route=%2Fwp%2Fv2%2Fcategories&post=9461"},{"taxonomy":"post_tag","embeddable":true,"href":"https:\/\/willizblog.de\/index.php?rest_route=%2Fwp%2Fv2%2Ftags&post=9461"}],"curies":[{"name":"wp","href":"https:\/\/api.w.org\/{rel}","templated":true}]}}