{"id":9463,"date":"2015-11-11T06:55:49","date_gmt":"2015-11-11T06:55:49","guid":{"rendered":"http:\/\/willizblog.de\/?p=9463"},"modified":"2015-11-11T06:59:30","modified_gmt":"2015-11-11T06:59:30","slug":"helmut-schmidt-gestorben","status":"publish","type":"post","link":"https:\/\/willizblog.de\/?p=9463","title":{"rendered":"Helmut Schmidt gestorben"},"content":{"rendered":"<p>Der Nachl\u00e4sse gibt es heute sicherlich eine un\u00fcbersehbare Menge. Trotzdem seien mir einige Worte erlaubt, denn immerhin ist der Mann, der gestern in Hamburg verstarb, einer, der in gewisser Hinsicht mein Leben mitgepr\u00e4gt hat: <a href=\"https:\/\/de.wikipedia.org\/wiki\/Helmut_Schmidt\" target=\"_blank\">Helmut Schmidt<\/a>.<\/p>\n<p>Er galt als \u201amoralische Instanz\u2018 in Deutschland. Von welchem anderen Politiker kann man das schon behaupten. Er war der \u201aMacher\u2018. Als Senator der Polizeibeh\u00f6rde der Freien und Hansestadt Hamburg erlangte er als Krisenmanager bei der <a href=\"https:\/\/de.wikipedia.org\/wiki\/Sturmflut_1962\" target=\"_blank\">Sturmflut 1962<\/a> an der deutschen Nordseek\u00fcste in der Nacht vom 16. auf den 17. Februar 1962 Popularit\u00e4t und sehr hohes Ansehen. Er koordinierte den Gro\u00dfeinsatz von Rettungsdiensten, Katastrophenschutz und THW. Und er war einer der letzten Politiker, die nicht durch leeres Phrasendreschen, sondern durch Sprachfertigkeit auffielen.<\/p>\n<p>Gestern verstarb Helmut Schmidt, Bundeskanzler von 1974 bis 1982, im Alter von 96 Jahren in seiner Heimatstadt Hamburg. Bis zuletzt meldete er sich als streitbarer Mitherausgeber der &#8222;Zeit&#8220; zu Wort.<\/p>\n<p><img src=\"https:\/\/www.willizblog.de\/images\/helmut_schmidt.jpg\" alt=\"\u201aBundesarchiv B 145 Bild-F048646-0033, Dortmund, SPD-Parteitag, Helmut Schmidt\u2018 von Bundesarchiv, B 145 Bild-F048646-0033 \/ Wegmann, Ludwig \/ CC-BY-SA 3.0. Lizenziert unter CC BY-SA 3.0 de \u00fcber Wikimedia Commons\" title=\"\u201aBundesarchiv B 145 Bild-F048646-0033, Dortmund, SPD-Parteitag, Helmut Schmidt\u2018 von Bundesarchiv, B 145 Bild-F048646-0033 \/ Wegmann, Ludwig \/ CC-BY-SA 3.0. Lizenziert unter CC BY-SA 3.0 de \u00fcber Wikimedia Commons\" \/><\/p>\n<p>Sicherlich konnte man nicht immer mit seiner Politik zufrieden sein. Ich erinnere an den <a href=\"https:\/\/de.wikipedia.org\/wiki\/NATO-Doppelbeschluss\" target=\"_blank\">NATA-Doppelbeschluss<\/a>, der 1979 unter Schmidt vom Bundestag verabschiedet wurde und neben Verhandlungen der Superm\u00e4chte die Stationierung von neuen mit Atomsprengk\u00f6pfen best\u00fcckten Raketen und Marschflugk\u00f6rper vorsah. Gegen diesen Beschluss gab es massive Proteste der <a href=\"https:\/\/de.wikipedia.org\/wiki\/NATO-Doppelbeschluss#Friedensbewegung\" target=\"_blank\">Friedensbewegung<\/a>.<\/p>\n<p>Auch war sein unnachgiebiges Vorgehen gegen die <a href=\"https:\/\/de.wikipedia.org\/wiki\/Rote_Armee_Fraktion\" target=\"_blank\">RAF<\/a> im <a href=\"https:\/\/de.wikipedia.org\/wiki\/Deutscher_Herbst\" target=\"_blank\">Herbst 1977<\/a>  nicht unumstritten. Viele erlebten diese Zeit als \u201enicht-erkl\u00e4rten Ausnahmezustand\u201c.<\/p>\n<p>Als am 1. Oktober 1982 Helmut Kohl durch ein konstruktives Misstrauensvotum mit den Stimmen von CDU, CSU und der Mehrheit der FDP-Fraktion zum Nachfolger von Helmut Schmidt im Amt des Bundeskanzlers gew\u00e4hlt wurde, begann ein Zeitalter des Schwafelns und des Aussitzens von Problemen, das bis heute kein Ende gefunden hat.<\/p>\n<p>Ich erinnere mich an eine Fernsehsendung aus dem Jahr 2009 vom <a href=\"https:\/\/de.wikipedia.org\/wiki\/Deutscher_Evangelischer_Kirchentag_2009\" target=\"_blank\">Kirchentag in Bremen<\/a>. Es war eine Podiumsdiskussion mit Helmut Schmidt. Helmut Schmidt war durch und durch Hamburger. Und Hamburger sind in Bremen eigentlich nicht wohl gelitten. Aber es d\u00fcrfte zuvor keinen Hamburger gegeben haben, der so freundlich und herzlich vom Bremer Publikum, meist junge Menschen, in Bremen begr\u00fc\u00dft wurde.<\/p>\n<p>Besondere Kennzeichen von Helmut Schmidt waren seine geschwungene Locke. Au\u00dferdem machte er die <a href=\"https:\/\/de.wikipedia.org\/wiki\/Schifferm%C3%BCtze\" target=\"_blank\">Elblotsen-M\u00fctze<\/a> in Deutschland popul\u00e4r, die h\u00e4ufig mit der <em>Prinz-Heinrich-M\u00fctze<\/em> verwechselt wird. Beim politischen Gegner wurde er gern &#8218;Schmidt-Schnauze&#8216; genannt &#8211; seiner eloquenten Art wegen. Und Schmidt war Raucher von Menthol-Zigaretten. Dabei setzte er sich \u00fcber jedes Rauchverbot hinweg, was man allgemein stillschweigend duldete. 68 Jahre war er mit seiner Frau <em>Loki<\/em> verheiratet, die bereits vor f\u00fcnf Jahren starb.<\/p>\n","protected":false},"excerpt":{"rendered":"<p>Der Nachl\u00e4sse gibt es heute sicherlich eine un\u00fcbersehbare Menge. Trotzdem seien mir einige Worte erlaubt, denn immerhin ist der Mann, der gestern in Hamburg verstarb, einer, der in gewisser Hinsicht mein Leben mitgepr\u00e4gt hat: Helmut Schmidt. Er galt als \u201amoralische Instanz\u2018 in Deutschland. Von welchem anderen Politiker kann man das schon behaupten. Er war der &hellip; <a href=\"https:\/\/willizblog.de\/?p=9463\" class=\"more-link\"><span class=\"screen-reader-text\">Helmut Schmidt gestorben<\/span> weiterlesen <span class=\"meta-nav\">&rarr;<\/span><\/a><\/p>\n","protected":false},"author":1,"featured_media":0,"comment_status":"open","ping_status":"open","sticky":false,"template":"","format":"standard","meta":[],"categories":[12],"tags":[],"_links":{"self":[{"href":"https:\/\/willizblog.de\/index.php?rest_route=\/wp\/v2\/posts\/9463"}],"collection":[{"href":"https:\/\/willizblog.de\/index.php?rest_route=\/wp\/v2\/posts"}],"about":[{"href":"https:\/\/willizblog.de\/index.php?rest_route=\/wp\/v2\/types\/post"}],"author":[{"embeddable":true,"href":"https:\/\/willizblog.de\/index.php?rest_route=\/wp\/v2\/users\/1"}],"replies":[{"embeddable":true,"href":"https:\/\/willizblog.de\/index.php?rest_route=%2Fwp%2Fv2%2Fcomments&post=9463"}],"version-history":[{"count":0,"href":"https:\/\/willizblog.de\/index.php?rest_route=\/wp\/v2\/posts\/9463\/revisions"}],"wp:attachment":[{"href":"https:\/\/willizblog.de\/index.php?rest_route=%2Fwp%2Fv2%2Fmedia&parent=9463"}],"wp:term":[{"taxonomy":"category","embeddable":true,"href":"https:\/\/willizblog.de\/index.php?rest_route=%2Fwp%2Fv2%2Fcategories&post=9463"},{"taxonomy":"post_tag","embeddable":true,"href":"https:\/\/willizblog.de\/index.php?rest_route=%2Fwp%2Fv2%2Ftags&post=9463"}],"curies":[{"name":"wp","href":"https:\/\/api.w.org\/{rel}","templated":true}]}}