{"id":9479,"date":"2015-11-30T10:15:24","date_gmt":"2015-11-30T10:15:24","guid":{"rendered":"http:\/\/willizblog.de\/?p=9479"},"modified":"2015-11-30T10:15:24","modified_gmt":"2015-11-30T10:15:24","slug":"pech-und-unvermoegen","status":"publish","type":"post","link":"https:\/\/willizblog.de\/?p=9479","title":{"rendered":"Pech und Unverm\u00f6gen"},"content":{"rendered":"<p>Ja, es ist bitter, wenn man zu Hause im 103. Nordderby gegen den HSV verliert. Und vor allem wie! Da versucht der SV Werder von Anfang an Druck zu machen, hat eine Superchance \u2013 und im Gegenzug machen die Hamburger den Treffer. Dann dieser Freisto\u00df: Der Ball prallt von einem Bremer Spieler ab, steigt in die H\u00f6he, um als Bogenkerze genau ins rechte Toreck einzuschlagen. Endlich nach dem Anschlusstreffer kommen die Bremer immer besser ins Spiel. Aber ein Konter der Hamburg f\u00fchrt zum 1:3. Ende, Feierabend!<\/p>\n<p><img src=\"https:\/\/www.willizblog.de\/images\/werder1516_st14_hsv_frust.jpg\" alt=\"Werder-Frust nach dem 1:3 gegen den HSV (14. Spieltag Saison 2015\/2016)\" title=\"Werder-Frust nach dem 1:3 gegen den HSV (14. Spieltag Saison 2015\/2016)\" \/><\/p>\n<p>Am Ende gewann der HSV, vom Gl\u00fcck weiterhin gesegnet, nicht unverdient. Neben all dem Pech offenbarten die Bremer viel Unverm\u00f6gen in Form von individuellen Fehlern, aber auch die Taktik darf hinterfragt werden.<\/p>\n<p>Was l\u00e4uft falsch beim SV Werder? Warum hat die Mannschaft als schlechteste aller Bundeslisten erst eins von sieben Heimspielen gewinnen k\u00f6nnen \u2013 holt immerhin 10 Punkte aus sieben Ausw\u00e4rtsspielen (Platz 8!)? Und warum f\u00e4ngt die Abwehr im Schnitt zwei Tore pro Spiel (28 in 14 Spielen \u2013 nur Stuttgart ist mit 35 Gegentreffern schlechter) bzw. kassiert oft Tore zur Unzeit (fr\u00fch zu Beginn oder zum Ende einer Halbzeit bzw. des Spiels).<\/p>\n<p>Wir d\u00fcrfen gespannt sein, was St. Nikolaus im Gep\u00e4ck hat, wenn es am Samstag nach Stuttgart geht, die \u00e4hnlich agieren wie die Bremer, nur noch etwas schlechter dastehen. Drei Punkte w\u00e4ren nicht schlecht. Eine Punkteteilung w\u00fcrde keinem wirklich weiterhelfen.<\/p>\n<p>siehe auch Werder online: <a href=\"http:\/\/www.werder.de\/de\/profis\/news\/57229.php\" target=\"_blank\">\u201eDoppelt bitter, doppelt unangenehm\u201c<\/a><\/p>\n<p>Der Traum von einer Teilnahme an der Europa League oder gar Champions League ist in Bremen l\u00e4ngst ausgetr\u00e4umt. Im Gegenteil: So langsam muss man sich in Bremen mit dem Gedanken vertraut machen, dass der SV Werder Bremen in die 2. Liga absteigen k\u00f6nnte! Eine erste Weichenstellung ist das Spiel am Wochenende in Stuttgart. Dann flie\u00dft sicherlich noch viel Wasser die Weser bis zum Saisonende hinab. Aber die Verunsicherung wird sich weiter in die K\u00f6pfe der Spieler fressen. Und auch der Trainer, vor einem Jahr als Heilsbringer gefeiert, wird sich etwas mehr einfallen lassen als bisher. Wir d\u00fcrfen gespannt sein, wie es weitergeht \u2026<\/p>\n","protected":false},"excerpt":{"rendered":"<p>Ja, es ist bitter, wenn man zu Hause im 103. Nordderby gegen den HSV verliert. Und vor allem wie! Da versucht der SV Werder von Anfang an Druck zu machen, hat eine Superchance \u2013 und im Gegenzug machen die Hamburger den Treffer. Dann dieser Freisto\u00df: Der Ball prallt von einem Bremer Spieler ab, steigt in &hellip; <a href=\"https:\/\/willizblog.de\/?p=9479\" class=\"more-link\"><span class=\"screen-reader-text\">Pech und Unverm\u00f6gen<\/span> weiterlesen <span class=\"meta-nav\">&rarr;<\/span><\/a><\/p>\n","protected":false},"author":1,"featured_media":0,"comment_status":"open","ping_status":"open","sticky":false,"template":"","format":"standard","meta":[],"categories":[27],"tags":[],"_links":{"self":[{"href":"https:\/\/willizblog.de\/index.php?rest_route=\/wp\/v2\/posts\/9479"}],"collection":[{"href":"https:\/\/willizblog.de\/index.php?rest_route=\/wp\/v2\/posts"}],"about":[{"href":"https:\/\/willizblog.de\/index.php?rest_route=\/wp\/v2\/types\/post"}],"author":[{"embeddable":true,"href":"https:\/\/willizblog.de\/index.php?rest_route=\/wp\/v2\/users\/1"}],"replies":[{"embeddable":true,"href":"https:\/\/willizblog.de\/index.php?rest_route=%2Fwp%2Fv2%2Fcomments&post=9479"}],"version-history":[{"count":0,"href":"https:\/\/willizblog.de\/index.php?rest_route=\/wp\/v2\/posts\/9479\/revisions"}],"wp:attachment":[{"href":"https:\/\/willizblog.de\/index.php?rest_route=%2Fwp%2Fv2%2Fmedia&parent=9479"}],"wp:term":[{"taxonomy":"category","embeddable":true,"href":"https:\/\/willizblog.de\/index.php?rest_route=%2Fwp%2Fv2%2Fcategories&post=9479"},{"taxonomy":"post_tag","embeddable":true,"href":"https:\/\/willizblog.de\/index.php?rest_route=%2Fwp%2Fv2%2Ftags&post=9479"}],"curies":[{"name":"wp","href":"https:\/\/api.w.org\/{rel}","templated":true}]}}