{"id":9496,"date":"2015-12-10T07:23:09","date_gmt":"2015-12-10T07:23:09","guid":{"rendered":"http:\/\/willizblog.de\/?p=9496"},"modified":"2015-12-10T07:23:09","modified_gmt":"2015-12-10T07:23:09","slug":"alle-jahre-wieder-die-heisse-schlacht-am-kalten-buffet","status":"publish","type":"post","link":"https:\/\/willizblog.de\/?p=9496","title":{"rendered":"Alle Jahre wieder: &#8222;Die hei\u00dfe Schlacht am kalten Buffet&#8220;"},"content":{"rendered":"<p>Die Adventszeit ist ja bekanntlich auch die Zeit der Betriebsweihnachtsfeiern. Ich bin kein gro\u00dfer Freund von solchen Veranstaltungen, aber es ist nicht gut, sich immer nur zu &#8218;dr\u00fccken&#8216;. Heute ist es nun wieder einmal so weit: In der Firma, in der ich meine Br\u00f6tchen verdiene, findet eine dieser Betriebsfeier statt &#8230; mit kalten Buffet und so. Und unweigerlich musste ich mich an ein altes Lied von <a href=\"http:\/\/www.reinhard-mey.de\/\" target=\"_blank\">Reinhard Mey<\/a> erinnern, das dieser Anfang der 70-er Jahre ver\u00f6ffentlicht hatte &#8230;<\/p>\n<table border=\"0\" cellspacing=\"0\" width=\"100%\">\n<tr>\n<td width=\"50%\" align=\"center\"><img loading=\"lazy\" border=\"0\" src=\"https:\/\/www.willizblog.de\/albpics\/schlacht_buffett_2007_01.jpg\" alt=\"Vor der Schlacht am kalten Buffet\" title=\"Vor der Schlacht am kalten Buffet\" width=\"270\" height=\"203\"><\/td>\n<td width=\"50%\" align=\"center\"><img loading=\"lazy\" border=\"0\" src=\"https:\/\/www.willizblog.de\/albpics\/schlacht_buffett_2007_02.jpg\" alt=\"Die Schlacht am kalten Buffet\" title=\"Die Schlacht am kalten Buffet\" width=\"270\" height=\"203\"><\/td>\n<\/tr>\n<tr>\n<td width=\"100%\" align=\"center\" colspan=\"2\"><font face=\"Lucida Grande, Lucida Sans Unicode, Verdana, sans-serif\" size=\"2\">Die hei\u00dfe Schlacht am kalten Buffet (Willi mittendrin)<\/font><\/td>\n<\/tr>\n<\/table>\n<p>Hier der Text. Es scheint so, als h\u00e4tte sich in den vielen Jahren nicht viel ver\u00e4ndert:<\/p>\n<p><strong>Die hei\u00dfe Schlacht am kalten B\u00fcffet<\/strong><\/p>\n<p><em>Gemurmel dr\u00f6hnt drohend wie Trommelklang<br \/>\nGleich st\u00fcrzt eine ganze Armee<br \/>\nDie Treppe herauf und die Flure entlang<br \/>\nDort steht das kalte B\u00fcffet.<br \/>\nZun\u00e4chst regiert noch die Hinterlist,<br \/>\nDoch bald schon brutale Gewalt,<br \/>\nDa spie\u00dft man, was aufzuspie\u00dfen ist,<br \/>\nDie Faust um die Gabel geballt.<br \/>\nMit feurigem Blick und mit Schaum vor dem Mund<br \/>\nK\u00e4mpft jeder f\u00fcr sich allein,<br \/>\nUnd schiebt sich in seinen gefr\u00e4\u00dfigen Schlund<br \/>\nWas immer hineinpa\u00dft hinein.<\/em><\/p>\n<p><em>Bei der hei\u00dfen Schlacht am kalten B\u00fcffet,<br \/>\nDa z\u00e4hlt der Mann noch als Mann,<br \/>\nUnd Auge um Auge, Aspik um Gelee,<br \/>\nHier zeigt sich, wer k\u00e4mpfen kann, hurra!<\/em><\/p>\n<p><em>Da blitzen die Messer, da prallt das Geschirr<br \/>\nMit elementarer Wucht<br \/>\nAuf K\u00f6pfe und Leiber, und aus dem Gewirr<br \/>\nVersucht ein Kellner die Flucht.<br \/>\nEin paar Veteranen im Hintergrund<br \/>\nTragen Narben auf Hand und Gesicht,<br \/>\nQuer \u00fcber die Nase und rings um den Mund,<br \/>\nWohin halt die Gabel sticht.<br \/>\nEin tosendes Schmatzen erf\u00fcllet den Raum,<br \/>\nDas r\u00fclpst und das grunzt und das quiekt.<br \/>\nFast h\u00f6rt man des Kellners Hilferuf kaum,<br \/>\nDer machtlos am Boden liegt.<\/em><\/p>\n<p><em>Da braust es noch einmal wie ein Orkan,<br \/>\nEin Recke mit \u00dcbergewicht wirft sich auf\u2018s B\u00fcffet im Gr\u00f6\u00dfenwahn,<br \/>\nWorauf es dann donnernd zerbricht.<br \/>\nNur leises Verdauen dringt noch an das Ohr,<br \/>\nDas Schlachtfeld wird nach und nach still.<br \/>\nAus den Tr\u00fcmmern sieht angstvoll ein Kellner hervor,<br \/>\nDer l\u00e4ngst nicht mehr fliehen will.<br \/>\nEine Dame tr\u00e4umt l\u00e4chelnd vom Heldentod,<br \/>\nGebettet in Kaviar und Sekt,<br \/>\nDerweil sie, was \u00fcbrigzubleiben droht,<br \/>\nBlitzschnell in die Handtasche steckt.<\/em><\/p>\n<p><em>Das war die Schlacht am kalten B\u00fcffet,<br \/>\nVon fern t\u00f6nt das R\u00fcckzugssignal,<br \/>\nViel Feind\u2018, viel Ehr\u2018 und viel Frikassee<br \/>\nNa denn: \u201eProst\u201c bis zum n\u00e4chsten Mal \u2013 hurra!<br \/>\nDas war die Schlacht am kalten B\u00fcffet<br \/>\nUnd von dem vereinnahmten Geld<br \/>\nGeh\u2018n zehn Prozent, welch\u2018 noble Idee,<br \/>\nAls Spende an \u201eBrot f\u00fcr die Welt\u201c \u2013 hurra!<\/em><\/p>\n<p><object width=\"425\" height=\"344\"><param name=\"movie\" value=\"https:\/\/www.youtube.com\/v\/JXnt9iGEdIM&#038;hl=de_DE&#038;fs=1&#038;\"><\/param><param name=\"allowFullScreen\" value=\"true\"><\/param><param name=\"allowscriptaccess\" value=\"always\"><\/param><embed src=\"https:\/\/www.youtube.com\/v\/JXnt9iGEdIM&#038;hl=de_DE&#038;fs=1&#038;\" type=\"application\/x-shockwave-flash\" allowscriptaccess=\"always\" allowfullscreen=\"true\" width=\"425\" height=\"344\"><\/embed><\/object><br \/>\nReinhard Mey: Die hei\u00dfe Schlacht &#8230;<\/p>\n","protected":false},"excerpt":{"rendered":"<p>Die Adventszeit ist ja bekanntlich auch die Zeit der Betriebsweihnachtsfeiern. Ich bin kein gro\u00dfer Freund von solchen Veranstaltungen, aber es ist nicht gut, sich immer nur zu &#8218;dr\u00fccken&#8216;. Heute ist es nun wieder einmal so weit: In der Firma, in der ich meine Br\u00f6tchen verdiene, findet eine dieser Betriebsfeier statt &#8230; mit kalten Buffet und &hellip; <a href=\"https:\/\/willizblog.de\/?p=9496\" class=\"more-link\"><span class=\"screen-reader-text\">Alle Jahre wieder: &#8222;Die hei\u00dfe Schlacht am kalten Buffet&#8220;<\/span> weiterlesen <span class=\"meta-nav\">&rarr;<\/span><\/a><\/p>\n","protected":false},"author":1,"featured_media":0,"comment_status":"open","ping_status":"open","sticky":false,"template":"","format":"standard","meta":[],"categories":[7,33],"tags":[],"_links":{"self":[{"href":"https:\/\/willizblog.de\/index.php?rest_route=\/wp\/v2\/posts\/9496"}],"collection":[{"href":"https:\/\/willizblog.de\/index.php?rest_route=\/wp\/v2\/posts"}],"about":[{"href":"https:\/\/willizblog.de\/index.php?rest_route=\/wp\/v2\/types\/post"}],"author":[{"embeddable":true,"href":"https:\/\/willizblog.de\/index.php?rest_route=\/wp\/v2\/users\/1"}],"replies":[{"embeddable":true,"href":"https:\/\/willizblog.de\/index.php?rest_route=%2Fwp%2Fv2%2Fcomments&post=9496"}],"version-history":[{"count":0,"href":"https:\/\/willizblog.de\/index.php?rest_route=\/wp\/v2\/posts\/9496\/revisions"}],"wp:attachment":[{"href":"https:\/\/willizblog.de\/index.php?rest_route=%2Fwp%2Fv2%2Fmedia&parent=9496"}],"wp:term":[{"taxonomy":"category","embeddable":true,"href":"https:\/\/willizblog.de\/index.php?rest_route=%2Fwp%2Fv2%2Fcategories&post=9496"},{"taxonomy":"post_tag","embeddable":true,"href":"https:\/\/willizblog.de\/index.php?rest_route=%2Fwp%2Fv2%2Ftags&post=9496"}],"curies":[{"name":"wp","href":"https:\/\/api.w.org\/{rel}","templated":true}]}}