{"id":9498,"date":"2015-12-11T09:49:09","date_gmt":"2015-12-11T09:49:09","guid":{"rendered":"http:\/\/willizblog.de\/?p=9498"},"modified":"2015-12-11T09:57:40","modified_gmt":"2015-12-11T09:57:40","slug":"wenn-s-auf-weihnachten-zugeht","status":"publish","type":"post","link":"https:\/\/willizblog.de\/?p=9498","title":{"rendered":"Wenn \u2019s auf Weihnachten zugeht &#8230;"},"content":{"rendered":"<p>Es ist unverkennbar: Es geht langsam, aber sicher auf Weihnachten zu. Viele H\u00e4user und L\u00e4den sind weihnachtlich geschm\u00fcckt. Und mancher Mensch wird zunehmend r\u00fchrselig. F\u00fcr mich gibt es dazu bisher keinen Grund. Zwar setzt bei mir auf der Arbeit wieder jenes Dezemberfieber ein \u2013 Haush\u00e4lter in \u00f6ffentlichen Verwaltungen werden wissen, wovon ich spreche -, das unzweifelhaft andeutet, dass es dem Jahresende entgegen geht und die verbliebenen Haushaltsmittel unbedingt ausgegeben werden m\u00fcssen. Aber viel hat das mit Weihnachten nicht zu tun. Und das Wetter ist auch noch alles andere als weihnachtlich.<\/p>\n<p>Dabei bedeutet mir Weihnachten durchaus einiges, ohne sentimental zu werden. Wer Kinder hat, wird vielleicht den Grund erraten, weshalb ich Weihnachten f\u00fcr eine sch\u00f6ne Zeit halte. Nat\u00fcrlich mag ich auch nicht den ganzen Rummel, diesen Konsumterror \u2013 und diesen scheu\u00dflichen Kitsch. Vielleicht ist es gar nicht einmal Weihnachten als solches, sondern die winterliche Zeit, in der es abends fr\u00fch dunkel wird und der Tag morgens lange braucht, bis er \u201ain die Puschen kommt\u2019, wie man hier sagt. Und wenn wenigstens etwas Schnee liegt, dann d\u00e4mpft das manchen L\u00e4rm. Und es ist vielleicht auch das Jahresende, dem wir entgegenschreiten: Es geht etwas zu Ende, um neu zu beginnen, etwas, was wir manchmal auch f\u00fcr unser Leben w\u00fcnschen.<\/p>\n<ul><img src=\"https:\/\/www.willizblog.de\/blogpicts\/weihnachten_2009_bei_albinz.jpg\" alt=\"Tannenbaum bei AlbinZ anno 2009\" title=\"Tannenbaum bei AlbinZ anno 2009\" \/><\/ul>\n<p>Weihnachten also als Zeit der Besinnung, wenn es die allgemeine weihnachtliche Hektik zul\u00e4sst. Man muss es einfach zulassen. Es ist auch eine Zeit der R\u00fcckschau. Wir ziehen Bilanz und analysieren das alte Jahr, die Fehler, die wir gemacht haben und im n\u00e4chsten nicht wiederholen m\u00f6chten. Wir blicken aber auch auf das Gute, das uns das zu Ende gehende Jahr gebracht hat, wenn es vielleicht auch nicht viel genug war.<\/p>\n<p>Als Vater von zwei inzwischen erwachsenen S\u00f6hnen wusste ich Weihnachten immer zu sch\u00e4tzen. Es war sch\u00f6n zu sehen, wie sich die beiden kindlich freuen konnten. Und dieses Jahr Weihnachten kommen wir zusammen, um nicht allein Geschenke \u201aauszutauschen\u2019, sondern \u201auns\u2019 \u2013 um beieinander zu sitzen und miteinander zu sprechen. Da mag das Essen noch zu gut schmecken, das ist nicht das Wichtigste.<\/p>\n<p>Nun, noch sind es knapp zwei Wochen bis zum Heiligabend. Mein \u00c4ltester kommt bereits am 21. zu uns, mein j\u00fcngerer Sohn und ich haben ab 23. frei. So kommen wir also bald unter einem Dach zusammen. Darauf freue ich mich: z.B. morgens am Fr\u00fchst\u00fcckstisch zusammenzusitzen, zu kl\u00f6nen und zu lachen. Oder abends \u201aunterm Tannenbaum\u2019 gemeinsam einen guten Film sehen. <em>Dann ist auch f\u00fcr mich Weihnachten!<\/em\n<\/p>\n","protected":false},"excerpt":{"rendered":"<p>Es ist unverkennbar: Es geht langsam, aber sicher auf Weihnachten zu. Viele H\u00e4user und L\u00e4den sind weihnachtlich geschm\u00fcckt. Und mancher Mensch wird zunehmend r\u00fchrselig. F\u00fcr mich gibt es dazu bisher keinen Grund. Zwar setzt bei mir auf der Arbeit wieder jenes Dezemberfieber ein \u2013 Haush\u00e4lter in \u00f6ffentlichen Verwaltungen werden wissen, wovon ich spreche -, das &hellip; <a href=\"https:\/\/willizblog.de\/?p=9498\" class=\"more-link\"><span class=\"screen-reader-text\">Wenn \u2019s auf Weihnachten zugeht &#8230;<\/span> weiterlesen <span class=\"meta-nav\">&rarr;<\/span><\/a><\/p>\n","protected":false},"author":1,"featured_media":0,"comment_status":"open","ping_status":"open","sticky":false,"template":"","format":"standard","meta":[],"categories":[66,33],"tags":[],"_links":{"self":[{"href":"https:\/\/willizblog.de\/index.php?rest_route=\/wp\/v2\/posts\/9498"}],"collection":[{"href":"https:\/\/willizblog.de\/index.php?rest_route=\/wp\/v2\/posts"}],"about":[{"href":"https:\/\/willizblog.de\/index.php?rest_route=\/wp\/v2\/types\/post"}],"author":[{"embeddable":true,"href":"https:\/\/willizblog.de\/index.php?rest_route=\/wp\/v2\/users\/1"}],"replies":[{"embeddable":true,"href":"https:\/\/willizblog.de\/index.php?rest_route=%2Fwp%2Fv2%2Fcomments&post=9498"}],"version-history":[{"count":0,"href":"https:\/\/willizblog.de\/index.php?rest_route=\/wp\/v2\/posts\/9498\/revisions"}],"wp:attachment":[{"href":"https:\/\/willizblog.de\/index.php?rest_route=%2Fwp%2Fv2%2Fmedia&parent=9498"}],"wp:term":[{"taxonomy":"category","embeddable":true,"href":"https:\/\/willizblog.de\/index.php?rest_route=%2Fwp%2Fv2%2Fcategories&post=9498"},{"taxonomy":"post_tag","embeddable":true,"href":"https:\/\/willizblog.de\/index.php?rest_route=%2Fwp%2Fv2%2Ftags&post=9498"}],"curies":[{"name":"wp","href":"https:\/\/api.w.org\/{rel}","templated":true}]}}